{"id":55198,"date":"2016-12-01T11:43:32","date_gmt":"2016-12-01T10:43:32","guid":{"rendered":"http:\/\/www.manquepierda.com\/historiarealbetis\/?p=55198"},"modified":"2024-08-17T10:49:48","modified_gmt":"2024-08-17T08:49:48","slug":"1929-diciembre-01-segunda-real-betis-balompie-5-valencia-cf-2-87aniversario","status":"publish","type":"post","link":"https:\/\/www.manquepierda.com\/historiarealbetis\/1929-diciembre-01-segunda-real-betis-balompie-5-valencia-cf-2-87aniversario\/","title":{"rendered":"1929-Diciembre 01-Segunda.-Real Betis Balompi\u00e9-5 Valencia Cf-2.-Recortes Prensa."},"content":{"rendered":"<p style=\"text-align: justify\">II EDICI\u00d3N-CAMPEONATO NACIONAL LIGA SEGUNDA DIVISI\u00d3N-TEMPORADA 1929-1930 DESDE DOMINGO 1\u00ba DICIEMBRE DE 1929 HASTA DOMINGO 30 MARZO DE 1930.-AMBAS FECHAS INCLUSIVE.<\/p>\n<p style=\"text-align: center\"><img data-recalc-dims=\"1\" loading=\"lazy\" decoding=\"async\" class=\"aligncenter size-full wp-image-55200\" src=\"https:\/\/i0.wp.com\/www.manquepierda.com\/historiarealbetis\/files\/2016\/11\/CAMPO-MUNICIPAL-REAL-PATRONATO-OBRERO-19281116LaUni%C3%B3n.jpg?resize=680%2C498&#038;ssl=1\" alt=\"campo-municipal-real-patronato-obrero-19281116launion\" width=\"680\" height=\"498\" srcset=\"https:\/\/i0.wp.com\/www.manquepierda.com\/historiarealbetis\/files\/2016\/11\/CAMPO-MUNICIPAL-REAL-PATRONATO-OBRERO-19281116LaUni%C3%B3n.jpg?w=680&amp;ssl=1 680w, https:\/\/i0.wp.com\/www.manquepierda.com\/historiarealbetis\/files\/2016\/11\/CAMPO-MUNICIPAL-REAL-PATRONATO-OBRERO-19281116LaUni%C3%B3n.jpg?resize=220%2C161&amp;ssl=1 220w\" sizes=\"auto, (max-width: 680px) 100vw, 680px\" \/><\/p>\n<p style=\"text-align: justify\"><strong>1929-DICIEMBRE 01-DOMINGO EN EL BARRIO DE \u00abEL PORVENIR\u00bb-CAMPO MUNICIPAL DE DEPORTES \u00abREAL PATRONATO OBRERO\u00bb-PRIMERA JORNADA.-<em>\u00abEl p\u00fablico se comport\u00f3 con bastante correcci\u00f3n, aunque bien es de tener en cuenta la ventaja que en todo momento fue favorable al Real Betis Balompi\u00e9\u00bb.<br \/>\n<\/em><\/strong><\/p>\n<p style=\"text-align: center\"><img data-recalc-dims=\"1\" loading=\"lazy\" decoding=\"async\" class=\"aligncenter size-medium wp-image-55201\" src=\"https:\/\/i0.wp.com\/www.manquepierda.com\/historiarealbetis\/files\/2016\/11\/OSELITO-abc19291203.jpg?resize=498%2C600&#038;ssl=1\" alt=\"oselito-abc19291203\" width=\"498\" height=\"600\" srcset=\"https:\/\/i0.wp.com\/www.manquepierda.com\/historiarealbetis\/files\/2016\/11\/OSELITO-abc19291203.jpg?resize=498%2C600&amp;ssl=1 498w, https:\/\/i0.wp.com\/www.manquepierda.com\/historiarealbetis\/files\/2016\/11\/OSELITO-abc19291203.jpg?resize=183%2C220&amp;ssl=1 183w, https:\/\/i0.wp.com\/www.manquepierda.com\/historiarealbetis\/files\/2016\/11\/OSELITO-abc19291203.jpg?resize=581%2C700&amp;ssl=1 581w, https:\/\/i0.wp.com\/www.manquepierda.com\/historiarealbetis\/files\/2016\/11\/OSELITO-abc19291203.jpg?w=674&amp;ssl=1 674w\" sizes=\"auto, (max-width: 498px) 100vw, 498px\" \/><\/p>\n<p style=\"text-align: justify\"><span style=\"color: #008000\"><em><strong>\u00abOSELITO \u00a1\u00a1Y QUE NO ESCAMPA\u00a1\u00a1 SU\u00c1REZ YA SE HA ECHAO A NAD\u00c1 DOS O TRES VECES\u00bb<\/strong><\/em><span style=\"color: #333333\">.-Mart\u00ednez de Le\u00f3n.-Vi\u00f1eta ABC-Sevilla 19291203-Martes.<\/span><\/span><\/p>\n<p style=\"text-align: justify\"><strong><em>\u00abHab\u00eda despertado un inter\u00e9s extraordinario. Tal fue as\u00ed, que no obstante el temporal grande que hac\u00eda y la lluvia persistente que desde antes de empezar el partido daba gran inclemencia a la tarde, el campo de los subcampeones andaluces estuvo casi lleno.<\/em><\/strong><\/p>\n<p style=\"text-align: justify\"><em>El \u00e1rbitro guipuzcoano Santiago INCHAUSTI <strong>(<\/strong><strong>cumpli\u00f3 a la perfecci\u00f3n su arbitraje)<\/strong>, que era el encargado de dirigir el encuentro entre el Betis Balompi\u00e9 y el Valencia Cf, mand\u00f3 alinear los equipos, de la manera siguiente:<\/em><\/p>\n<p style=\"text-align: justify\"><span style=\"color: #008000\"><strong>1929-1930.-Presidente Real Betis Balompi\u00e9, don Daniel MEZQUITA MORENO-Acad\u00e9mico de N\u00famero Real <img data-recalc-dims=\"1\" loading=\"lazy\" decoding=\"async\" class=\"alignright size-thumbnail wp-image-55202\" src=\"https:\/\/i0.wp.com\/www.manquepierda.com\/historiarealbetis\/files\/2016\/11\/Daniel-MEZQUITA-Moreno-01.jpg?resize=174%2C220&#038;ssl=1\" alt=\"daniel-mezquita-moreno-01\" width=\"174\" height=\"220\" srcset=\"https:\/\/i0.wp.com\/www.manquepierda.com\/historiarealbetis\/files\/2016\/11\/Daniel-MEZQUITA-Moreno-01.jpg?resize=174%2C220&amp;ssl=1 174w, https:\/\/i0.wp.com\/www.manquepierda.com\/historiarealbetis\/files\/2016\/11\/Daniel-MEZQUITA-Moreno-01.jpg?resize=475%2C600&amp;ssl=1 475w, https:\/\/i0.wp.com\/www.manquepierda.com\/historiarealbetis\/files\/2016\/11\/Daniel-MEZQUITA-Moreno-01.jpg?resize=768%2C970&amp;ssl=1 768w, https:\/\/i0.wp.com\/www.manquepierda.com\/historiarealbetis\/files\/2016\/11\/Daniel-MEZQUITA-Moreno-01.jpg?resize=554%2C700&amp;ssl=1 554w, https:\/\/i0.wp.com\/www.manquepierda.com\/historiarealbetis\/files\/2016\/11\/Daniel-MEZQUITA-Moreno-01.jpg?w=1409&amp;ssl=1 1409w\" sizes=\"auto, (max-width: 174px) 100vw, 174px\" \/>Academia Nacional de Medicina (42 a\u00f1os+8 meses menos 9 d\u00edas)-Natural de Valladolid, domingo 10 Abril de 1887.-Obituario en Madrid, lunes 22 Octubre de 1973 (86 A\u00f1os+6 meses+12 d\u00edas) D. E. P.<\/strong><\/span><\/p>\n<p style=\"text-align: justify\"><span style=\"color: #008000\"><strong><img data-recalc-dims=\"1\" loading=\"lazy\" decoding=\"async\" class=\"alignleft size-thumbnail wp-image-55203\" src=\"https:\/\/i0.wp.com\/www.manquepierda.com\/historiarealbetis\/files\/2016\/11\/KINK%C3%89-Juan-Armet-De-Castellv%C3%AD-3.jpg?resize=160%2C220&#038;ssl=1\" alt=\"kinke-juan-armet-de-castellvi\" width=\"160\" height=\"220\" \/><\/strong><strong>Entrenador Juan ARMET De Castellv\u00ed (a) \u00abKINK\u00c9\u00bb (34 a\u00f1os+6 meses menos 29 d\u00edas)-Natural de Tarrasa (Barcelona), domingo 30 Junio de 1895.-Obituario en Madrid, viernes 5 Octubre de 1956 (61 A\u00f1os+4 meses menos 25 d\u00edas) D. E. P.<\/strong><\/span><\/p>\n<figure id=\"attachment_55204\" aria-describedby=\"caption-attachment-55204\" style=\"width: 161px\" class=\"wp-caption aligncenter\"><img data-recalc-dims=\"1\" loading=\"lazy\" decoding=\"async\" class=\"size-thumbnail wp-image-55204\" src=\"https:\/\/i0.wp.com\/www.manquepierda.com\/historiarealbetis\/files\/2016\/11\/ESCUDO-1925-4.jpg?resize=161%2C220&#038;ssl=1\" alt=\"REAL BETIS BALOMPI\u00c9-5 GOLES.\" width=\"161\" height=\"220\" srcset=\"https:\/\/i0.wp.com\/www.manquepierda.com\/historiarealbetis\/files\/2016\/11\/ESCUDO-1925-4.jpg?resize=161%2C220&amp;ssl=1 161w, https:\/\/i0.wp.com\/www.manquepierda.com\/historiarealbetis\/files\/2016\/11\/ESCUDO-1925-4.jpg?w=266&amp;ssl=1 266w\" sizes=\"auto, (max-width: 161px) 100vw, 161px\" \/><figcaption id=\"caption-attachment-55204\" class=\"wp-caption-text\">REAL BETIS BALOMPI\u00c9-5 GOLES.<\/figcaption><\/figure>\n<p style=\"text-align: justify\"><span style=\"color: #008000\"><strong>3er. CLASIFICADO CON 2 PUNTOS (1-GANADO+0-EMPATADO+0-PERDIDO) 5-GOLES A FAVOR Y 2-TANTOS EN CONTRA.<\/strong><\/span><\/p>\n<p style=\"text-align: left\">Guardameta:<\/p>\n<p style=\"text-align: center\"><img data-recalc-dims=\"1\" loading=\"lazy\" decoding=\"async\" class=\"aligncenter size-thumbnail wp-image-55205\" src=\"https:\/\/i0.wp.com\/www.manquepierda.com\/historiarealbetis\/files\/2016\/11\/JES%C3%9AS-Bern%C3%A1ldez-Moreno-Manos-Duras1930-4.jpg?resize=172%2C220&#038;ssl=1\" alt=\"jesus-bernaldez-moreno-manos-duras1930\" width=\"172\" height=\"220\" srcset=\"https:\/\/i0.wp.com\/www.manquepierda.com\/historiarealbetis\/files\/2016\/11\/JES%C3%9AS-Bern%C3%A1ldez-Moreno-Manos-Duras1930-4.jpg?resize=172%2C220&amp;ssl=1 172w, https:\/\/i0.wp.com\/www.manquepierda.com\/historiarealbetis\/files\/2016\/11\/JES%C3%9AS-Bern%C3%A1ldez-Moreno-Manos-Duras1930-4.jpg?resize=469%2C600&amp;ssl=1 469w, https:\/\/i0.wp.com\/www.manquepierda.com\/historiarealbetis\/files\/2016\/11\/JES%C3%9AS-Bern%C3%A1ldez-Moreno-Manos-Duras1930-4.jpg?w=479&amp;ssl=1 479w\" sizes=\"auto, (max-width: 172px) 100vw, 172px\" \/><\/p>\n<p style=\"text-align: justify\"><strong><span style=\"color: #333333\">1-(dos tantos encajados).-JES\u00daS Bern\u00e1ldez Moreno (a) \u00abManos Duras\u00bb (26 a\u00f1os+4 meses menos 18 d\u00edas)-Natural de Villanueva del Ariscal (Sevilla), mi\u00e9rcoles 19 Agosto de 1903.-Obituario en Sevilla, viernes 6 Junio de 1941 (37 A\u00f1os+10 meses menos 13 d\u00edas) D. E. P.<\/span><\/strong><\/p>\n<p style=\"text-align: left\">Zagueros:<\/p>\n<p style=\"text-align: center\"><img data-recalc-dims=\"1\" loading=\"lazy\" decoding=\"async\" class=\"aligncenter size-thumbnail wp-image-55206\" src=\"https:\/\/i0.wp.com\/www.manquepierda.com\/historiarealbetis\/files\/2016\/11\/Lorenzo-TONDO-Gil-MMG-1.jpg?resize=139%2C220&#038;ssl=1\" alt=\"lorenzo-tondo-gil-mmg\" width=\"139\" height=\"220\" srcset=\"https:\/\/i0.wp.com\/www.manquepierda.com\/historiarealbetis\/files\/2016\/11\/Lorenzo-TONDO-Gil-MMG-1.jpg?resize=139%2C220&amp;ssl=1 139w, https:\/\/i0.wp.com\/www.manquepierda.com\/historiarealbetis\/files\/2016\/11\/Lorenzo-TONDO-Gil-MMG-1.jpg?resize=380%2C600&amp;ssl=1 380w, https:\/\/i0.wp.com\/www.manquepierda.com\/historiarealbetis\/files\/2016\/11\/Lorenzo-TONDO-Gil-MMG-1.jpg?resize=768%2C1213&amp;ssl=1 768w, https:\/\/i0.wp.com\/www.manquepierda.com\/historiarealbetis\/files\/2016\/11\/Lorenzo-TONDO-Gil-MMG-1.jpg?resize=443%2C700&amp;ssl=1 443w, https:\/\/i0.wp.com\/www.manquepierda.com\/historiarealbetis\/files\/2016\/11\/Lorenzo-TONDO-Gil-MMG-1.jpg?w=1047&amp;ssl=1 1047w\" sizes=\"auto, (max-width: 139px) 100vw, 139px\" \/><\/p>\n<p style=\"text-align: left\"><strong>2-Lateral Diestro.-Lorenzo TONDO Gil.<\/strong><\/p>\n<p style=\"text-align: center\"><img data-recalc-dims=\"1\" loading=\"lazy\" decoding=\"async\" class=\"aligncenter size-thumbnail wp-image-55207\" src=\"https:\/\/i0.wp.com\/www.manquepierda.com\/historiarealbetis\/files\/2016\/11\/JESUS%C3%8DN-Jes%C3%BAs-Alberto-Ruiz-Medrano-MMG-1.jpg?resize=137%2C220&#038;ssl=1\" alt=\"jesusin-jesus-alberto-ruiz-medrano-mmg\" width=\"137\" height=\"220\" srcset=\"https:\/\/i0.wp.com\/www.manquepierda.com\/historiarealbetis\/files\/2016\/11\/JESUS%C3%8DN-Jes%C3%BAs-Alberto-Ruiz-Medrano-MMG-1.jpg?resize=137%2C220&amp;ssl=1 137w, https:\/\/i0.wp.com\/www.manquepierda.com\/historiarealbetis\/files\/2016\/11\/JESUS%C3%8DN-Jes%C3%BAs-Alberto-Ruiz-Medrano-MMG-1.jpg?resize=373%2C600&amp;ssl=1 373w, https:\/\/i0.wp.com\/www.manquepierda.com\/historiarealbetis\/files\/2016\/11\/JESUS%C3%8DN-Jes%C3%BAs-Alberto-Ruiz-Medrano-MMG-1.jpg?resize=768%2C1236&amp;ssl=1 768w, https:\/\/i0.wp.com\/www.manquepierda.com\/historiarealbetis\/files\/2016\/11\/JESUS%C3%8DN-Jes%C3%BAs-Alberto-Ruiz-Medrano-MMG-1.jpg?resize=435%2C700&amp;ssl=1 435w, https:\/\/i0.wp.com\/www.manquepierda.com\/historiarealbetis\/files\/2016\/11\/JESUS%C3%8DN-Jes%C3%BAs-Alberto-Ruiz-Medrano-MMG-1.jpg?w=1024&amp;ssl=1 1024w\" sizes=\"auto, (max-width: 137px) 100vw, 137px\" \/><\/p>\n<p style=\"text-align: left\"><strong>3-Lateral Zurdo.-Jes\u00fas Alberto Ruiz Medrano (a) \u00abJESUS\u00cdN\u00bb (Destac\u00f3).<br \/>\n<\/strong><\/p>\n<p style=\"text-align: left\">Medios:<\/p>\n<p style=\"text-align: center\"><img data-recalc-dims=\"1\" loading=\"lazy\" decoding=\"async\" class=\"aligncenter size-thumbnail wp-image-55208\" src=\"https:\/\/i0.wp.com\/www.manquepierda.com\/historiarealbetis\/files\/2016\/11\/Pedro-REGUEIRO-Pagola-MMG.jpg?resize=137%2C220&#038;ssl=1\" alt=\"pedro-regueiro-pagola-mmg\" width=\"137\" height=\"220\" srcset=\"https:\/\/i0.wp.com\/www.manquepierda.com\/historiarealbetis\/files\/2016\/11\/Pedro-REGUEIRO-Pagola-MMG.jpg?resize=137%2C220&amp;ssl=1 137w, https:\/\/i0.wp.com\/www.manquepierda.com\/historiarealbetis\/files\/2016\/11\/Pedro-REGUEIRO-Pagola-MMG.jpg?resize=373%2C600&amp;ssl=1 373w, https:\/\/i0.wp.com\/www.manquepierda.com\/historiarealbetis\/files\/2016\/11\/Pedro-REGUEIRO-Pagola-MMG.jpg?resize=768%2C1235&amp;ssl=1 768w, https:\/\/i0.wp.com\/www.manquepierda.com\/historiarealbetis\/files\/2016\/11\/Pedro-REGUEIRO-Pagola-MMG.jpg?resize=435%2C700&amp;ssl=1 435w, https:\/\/i0.wp.com\/www.manquepierda.com\/historiarealbetis\/files\/2016\/11\/Pedro-REGUEIRO-Pagola-MMG.jpg?w=1025&amp;ssl=1 1025w\" sizes=\"auto, (max-width: 137px) 100vw, 137px\" \/><\/p>\n<p style=\"text-align: left\"><strong>4-Diestro.-Pedro REGUEIRO Pagola (Destac\u00f3).<br \/>\n<\/strong><\/p>\n<p style=\"text-align: center\"><img data-recalc-dims=\"1\" loading=\"lazy\" decoding=\"async\" class=\"aligncenter size-thumbnail wp-image-55209\" src=\"https:\/\/i0.wp.com\/www.manquepierda.com\/historiarealbetis\/files\/2016\/11\/ANGELILLO-%C3%81ngel-Astasio-G%C3%B3mez.jpg?resize=134%2C220&#038;ssl=1\" alt=\"angelillo-angel-astasio-gomez\" width=\"134\" height=\"220\" srcset=\"https:\/\/i0.wp.com\/www.manquepierda.com\/historiarealbetis\/files\/2016\/11\/ANGELILLO-%C3%81ngel-Astasio-G%C3%B3mez.jpg?resize=134%2C220&amp;ssl=1 134w, https:\/\/i0.wp.com\/www.manquepierda.com\/historiarealbetis\/files\/2016\/11\/ANGELILLO-%C3%81ngel-Astasio-G%C3%B3mez.jpg?resize=366%2C600&amp;ssl=1 366w, https:\/\/i0.wp.com\/www.manquepierda.com\/historiarealbetis\/files\/2016\/11\/ANGELILLO-%C3%81ngel-Astasio-G%C3%B3mez.jpg?resize=768%2C1258&amp;ssl=1 768w, https:\/\/i0.wp.com\/www.manquepierda.com\/historiarealbetis\/files\/2016\/11\/ANGELILLO-%C3%81ngel-Astasio-G%C3%B3mez.jpg?resize=427%2C700&amp;ssl=1 427w, https:\/\/i0.wp.com\/www.manquepierda.com\/historiarealbetis\/files\/2016\/11\/ANGELILLO-%C3%81ngel-Astasio-G%C3%B3mez.jpg?w=806&amp;ssl=1 806w\" sizes=\"auto, (max-width: 134px) 100vw, 134px\" \/><\/p>\n<p style=\"text-align: left\"><strong>5-Centro.-\u00c1ngel Astasio G\u00f3mez (a) \u00abANGELILLO\u00bb.<\/strong><\/p>\n<p style=\"text-align: center\"><img data-recalc-dims=\"1\" loading=\"lazy\" decoding=\"async\" class=\"aligncenter size-thumbnail wp-image-55210\" src=\"https:\/\/i0.wp.com\/www.manquepierda.com\/historiarealbetis\/files\/2016\/11\/ADOLFITO-Adolfo-Sancho-Carrillo-De-Albornoz-MMG-5.jpg?resize=137%2C220&#038;ssl=1\" alt=\"adolfito-adolfo-sancho-carrillo-de-albornoz-mmg\" width=\"137\" height=\"220\" srcset=\"https:\/\/i0.wp.com\/www.manquepierda.com\/historiarealbetis\/files\/2016\/11\/ADOLFITO-Adolfo-Sancho-Carrillo-De-Albornoz-MMG-5.jpg?resize=137%2C220&amp;ssl=1 137w, https:\/\/i0.wp.com\/www.manquepierda.com\/historiarealbetis\/files\/2016\/11\/ADOLFITO-Adolfo-Sancho-Carrillo-De-Albornoz-MMG-5.jpg?resize=374%2C600&amp;ssl=1 374w, https:\/\/i0.wp.com\/www.manquepierda.com\/historiarealbetis\/files\/2016\/11\/ADOLFITO-Adolfo-Sancho-Carrillo-De-Albornoz-MMG-5.jpg?resize=768%2C1231&amp;ssl=1 768w, https:\/\/i0.wp.com\/www.manquepierda.com\/historiarealbetis\/files\/2016\/11\/ADOLFITO-Adolfo-Sancho-Carrillo-De-Albornoz-MMG-5.jpg?resize=437%2C700&amp;ssl=1 437w, https:\/\/i0.wp.com\/www.manquepierda.com\/historiarealbetis\/files\/2016\/11\/ADOLFITO-Adolfo-Sancho-Carrillo-De-Albornoz-MMG-5.jpg?w=1026&amp;ssl=1 1026w\" sizes=\"auto, (max-width: 137px) 100vw, 137px\" \/><\/p>\n<p style=\"text-align: left\"><strong>6-Zurdo.-Adolfo Sancho Carrillo De Albornoz (a) \u00abADOLFITO\u00bb-\u00abADOLFO I\u00bb (Destac\u00f3).<br \/>\n<\/strong><\/p>\n<p style=\"text-align: left\">Delanteros:<\/p>\n<p style=\"text-align: center\"><img data-recalc-dims=\"1\" loading=\"lazy\" decoding=\"async\" class=\"aligncenter size-thumbnail wp-image-55211\" src=\"https:\/\/i0.wp.com\/www.manquepierda.com\/historiarealbetis\/files\/2016\/11\/Manuel-SU%C3%81REZ-De-Bego%C3%B1a-1.jpg?resize=122%2C220&#038;ssl=1\" alt=\"manuel-suarez-de-begona\" width=\"122\" height=\"220\" srcset=\"https:\/\/i0.wp.com\/www.manquepierda.com\/historiarealbetis\/files\/2016\/11\/Manuel-SU%C3%81REZ-De-Bego%C3%B1a-1.jpg?resize=122%2C220&amp;ssl=1 122w, https:\/\/i0.wp.com\/www.manquepierda.com\/historiarealbetis\/files\/2016\/11\/Manuel-SU%C3%81REZ-De-Bego%C3%B1a-1.jpg?resize=334%2C600&amp;ssl=1 334w, https:\/\/i0.wp.com\/www.manquepierda.com\/historiarealbetis\/files\/2016\/11\/Manuel-SU%C3%81REZ-De-Bego%C3%B1a-1.jpg?resize=389%2C700&amp;ssl=1 389w, https:\/\/i0.wp.com\/www.manquepierda.com\/historiarealbetis\/files\/2016\/11\/Manuel-SU%C3%81REZ-De-Bego%C3%B1a-1.jpg?w=711&amp;ssl=1 711w\" sizes=\"auto, (max-width: 122px) 100vw, 122px\" \/><\/p>\n<p style=\"text-align: justify\"><span style=\"color: #008000\"><em><strong>*3-0.-44 minutos.-Manuel se hace con el pelot\u00f3n, proveniente de un buen centro de \u00abManol\u00edn\u00bb, chuta fusilando al arquero Pedret* <\/strong><\/em><\/span><\/p>\n<p style=\"text-align: justify\"><span style=\"color: #008000\"><em><strong>Marcador final del primer tiempo, con cinco saques de esquina contra el Valencia F\u00fatbol Club.<\/strong><\/em><\/span><\/p>\n<p style=\"text-align: justify\"><em><strong><span style=\"color: #008000\">*5-2.-85 minutos.-Obra del \u00ab7\u00bb verdiblanco, rematando un buen servicio de Le\u00f3n, recepcion\u00f3\u00a0 el bal\u00f3n, ch\u00fa fusilando a Jes\u00fas Pedret* Marcador final del encuentro.<\/span><\/strong><\/em><\/p>\n<p style=\"text-align: justify\"><strong>7-Extremo Diestro (Destac\u00f3)-DOS GOLES.-Manuel SU\u00c1REZ De Bego\u00f1a (24 a\u00f1os)-Natural de Getxo (Vizcaya)-1905.-Obituario en Alicante, domingo 23 Agosto de 1936 (31 A\u00f1os) D. E. P.<br \/>\n<\/strong><\/p>\n<p style=\"text-align: center\"><img data-recalc-dims=\"1\" loading=\"lazy\" decoding=\"async\" class=\"aligncenter size-thumbnail wp-image-55212\" src=\"https:\/\/i0.wp.com\/www.manquepierda.com\/historiarealbetis\/files\/2016\/11\/ENRIQUE-Garrido-Reguera-MMG-3.jpg?resize=137%2C220&#038;ssl=1\" alt=\"enrique-garrido-reguera-mmg\" width=\"137\" height=\"220\" srcset=\"https:\/\/i0.wp.com\/www.manquepierda.com\/historiarealbetis\/files\/2016\/11\/ENRIQUE-Garrido-Reguera-MMG-3.jpg?resize=137%2C220&amp;ssl=1 137w, https:\/\/i0.wp.com\/www.manquepierda.com\/historiarealbetis\/files\/2016\/11\/ENRIQUE-Garrido-Reguera-MMG-3.jpg?resize=375%2C600&amp;ssl=1 375w, https:\/\/i0.wp.com\/www.manquepierda.com\/historiarealbetis\/files\/2016\/11\/ENRIQUE-Garrido-Reguera-MMG-3.jpg?resize=768%2C1229&amp;ssl=1 768w, https:\/\/i0.wp.com\/www.manquepierda.com\/historiarealbetis\/files\/2016\/11\/ENRIQUE-Garrido-Reguera-MMG-3.jpg?resize=437%2C700&amp;ssl=1 437w, https:\/\/i0.wp.com\/www.manquepierda.com\/historiarealbetis\/files\/2016\/11\/ENRIQUE-Garrido-Reguera-MMG-3.jpg?w=1038&amp;ssl=1 1038w\" sizes=\"auto, (max-width: 137px) 100vw, 137px\" \/><\/p>\n<p style=\"text-align: left\"><strong>8-Interior Diestro.-ENRIQUE Garrido Reguera.<\/strong><\/p>\n<p style=\"text-align: center\"><img data-recalc-dims=\"1\" loading=\"lazy\" decoding=\"async\" class=\"aligncenter size-thumbnail wp-image-55213\" src=\"https:\/\/i0.wp.com\/www.manquepierda.com\/historiarealbetis\/files\/2016\/11\/PACO-LE%C3%93N-Francisco-Le%C3%B3n-Vega-1.jpg?resize=133%2C220&#038;ssl=1\" alt=\"paco-leon-francisco-leon-vega\" width=\"133\" height=\"220\" srcset=\"https:\/\/i0.wp.com\/www.manquepierda.com\/historiarealbetis\/files\/2016\/11\/PACO-LE%C3%93N-Francisco-Le%C3%B3n-Vega-1.jpg?resize=133%2C220&amp;ssl=1 133w, https:\/\/i0.wp.com\/www.manquepierda.com\/historiarealbetis\/files\/2016\/11\/PACO-LE%C3%93N-Francisco-Le%C3%B3n-Vega-1.jpg?resize=364%2C600&amp;ssl=1 364w, https:\/\/i0.wp.com\/www.manquepierda.com\/historiarealbetis\/files\/2016\/11\/PACO-LE%C3%93N-Francisco-Le%C3%B3n-Vega-1.jpg?resize=768%2C1266&amp;ssl=1 768w, https:\/\/i0.wp.com\/www.manquepierda.com\/historiarealbetis\/files\/2016\/11\/PACO-LE%C3%93N-Francisco-Le%C3%B3n-Vega-1.jpg?resize=425%2C700&amp;ssl=1 425w, https:\/\/i0.wp.com\/www.manquepierda.com\/historiarealbetis\/files\/2016\/11\/PACO-LE%C3%93N-Francisco-Le%C3%B3n-Vega-1.jpg?w=811&amp;ssl=1 811w\" sizes=\"auto, (max-width: 133px) 100vw, 133px\" \/><\/p>\n<p style=\"text-align: justify\"><span style=\"color: #008000\"><em><strong>*4-2.-63 minutos.-Francisco Le\u00f3n, en bonita jugada, logra aumentar la ventaja del Betis batiendo al meta Pedret*<\/strong><\/em><\/span><\/p>\n<p style=\"text-align: justify\"><strong>9-Centro Delantero-Ariete.-Francisco Le\u00f3n Vega (a) \u00abPACO LE\u00d3N\u00bb (23 a\u00f1os+2 meses menos 14 d\u00edas)-Natural de Sevilla, lunes 15 Octubre de 1906.<br \/>\n<\/strong><\/p>\n<p style=\"text-align: center\"><img data-recalc-dims=\"1\" loading=\"lazy\" decoding=\"async\" class=\"aligncenter size-thumbnail wp-image-55214\" src=\"https:\/\/i0.wp.com\/www.manquepierda.com\/historiarealbetis\/files\/2016\/11\/Andr%C3%A9s-ARANDA-Guti%C3%A9rrez-MMG-1.jpg?resize=136%2C220&#038;ssl=1\" alt=\"andres-aranda-gutierrez-mmg\" width=\"136\" height=\"220\" srcset=\"https:\/\/i0.wp.com\/www.manquepierda.com\/historiarealbetis\/files\/2016\/11\/Andr%C3%A9s-ARANDA-Guti%C3%A9rrez-MMG-1.jpg?resize=136%2C220&amp;ssl=1 136w, https:\/\/i0.wp.com\/www.manquepierda.com\/historiarealbetis\/files\/2016\/11\/Andr%C3%A9s-ARANDA-Guti%C3%A9rrez-MMG-1.jpg?resize=372%2C600&amp;ssl=1 372w, https:\/\/i0.wp.com\/www.manquepierda.com\/historiarealbetis\/files\/2016\/11\/Andr%C3%A9s-ARANDA-Guti%C3%A9rrez-MMG-1.jpg?resize=768%2C1240&amp;ssl=1 768w, https:\/\/i0.wp.com\/www.manquepierda.com\/historiarealbetis\/files\/2016\/11\/Andr%C3%A9s-ARANDA-Guti%C3%A9rrez-MMG-1.jpg?resize=434%2C700&amp;ssl=1 434w, https:\/\/i0.wp.com\/www.manquepierda.com\/historiarealbetis\/files\/2016\/11\/Andr%C3%A9s-ARANDA-Guti%C3%A9rrez-MMG-1.jpg?w=1021&amp;ssl=1 1021w\" sizes=\"auto, (max-width: 136px) 100vw, 136px\" \/><\/p>\n<p style=\"text-align: justify\"><span style=\"color: #008000\"><em><strong>*2-0.-33 minutos.-Andr\u00e9s recoge un centro en corto de \u00abManol\u00edn\u00bb y sigue avanzando, hasta que colocado en mejor posici\u00f3n lanza el esf\u00e9rico con un chut imparable por el \u00e1ngulo contrario en donde se encontraba Pedret*<\/strong><\/em><\/span><\/p>\n<p style=\"text-align: justify\"><strong>10-Interior Zurdo (Destac\u00f3) 1 GOL.-Andr\u00e9s ARANDA Guti\u00e9rrez (24 a\u00f1os+4 meses menos 26 d\u00edas)-Natural de Lora del R\u00edo (Sevilla), domingo 27 Agosto de 1905.-Obituario en Aracena (Huelva)&#8211;concentraci\u00f3n primera plantilla&#8211;mi\u00e9rcoles 10 Marzo de 1965 (59 a\u00f1os+7 meses menos 17 d\u00edas) D. E. P.<br \/>\n<\/strong><\/p>\n<p style=\"text-align: center\"><img data-recalc-dims=\"1\" loading=\"lazy\" decoding=\"async\" class=\"aligncenter size-thumbnail wp-image-55215\" src=\"https:\/\/i0.wp.com\/www.manquepierda.com\/historiarealbetis\/files\/2016\/11\/MANOL%C3%8DN-Manuel-Nogueras-Carretero-MMG-3.jpg?resize=135%2C220&#038;ssl=1\" alt=\"manolin-manuel-nogueras-carretero-mmg\" width=\"135\" height=\"220\" srcset=\"https:\/\/i0.wp.com\/www.manquepierda.com\/historiarealbetis\/files\/2016\/11\/MANOL%C3%8DN-Manuel-Nogueras-Carretero-MMG-3.jpg?resize=135%2C220&amp;ssl=1 135w, https:\/\/i0.wp.com\/www.manquepierda.com\/historiarealbetis\/files\/2016\/11\/MANOL%C3%8DN-Manuel-Nogueras-Carretero-MMG-3.jpg?resize=369%2C600&amp;ssl=1 369w, https:\/\/i0.wp.com\/www.manquepierda.com\/historiarealbetis\/files\/2016\/11\/MANOL%C3%8DN-Manuel-Nogueras-Carretero-MMG-3.jpg?resize=768%2C1248&amp;ssl=1 768w, https:\/\/i0.wp.com\/www.manquepierda.com\/historiarealbetis\/files\/2016\/11\/MANOL%C3%8DN-Manuel-Nogueras-Carretero-MMG-3.jpg?resize=431%2C700&amp;ssl=1 431w, https:\/\/i0.wp.com\/www.manquepierda.com\/historiarealbetis\/files\/2016\/11\/MANOL%C3%8DN-Manuel-Nogueras-Carretero-MMG-3.jpg?w=1012&amp;ssl=1 1012w\" sizes=\"auto, (max-width: 135px) 100vw, 135px\" \/><\/p>\n<p style=\"text-align: justify\"><span style=\"color: #008000\"><em><strong>*1-0.-30 minutos.-Su\u00e1rez hace un buen pase a Le\u00f3n, y \u00e9ste env\u00eda un zambombazo estupendo, que se estrella contra el lateral. Manuel Nogueras, que est\u00e1 muy bien colocado, consigue hacerse con el bal\u00f3n, fusilando de fuerte y cruzado chut imparable por el cancerbero Jes\u00fas Pedret*<\/strong><\/em><\/span><\/p>\n<p style=\"text-align: justify\"><strong>11-Extremo Zurdo (Destac\u00f3) 1 GOL.-Manuel Nogueras Carretero (a) \u00abMANOL\u00cdN\u00bb (26 a\u00f1os+7 meses menos 10 d\u00edas)-Natural de La Puebla de Cazalla (Sevilla), lunes 11 Mayo de 1903.-Obituario en Jerez de la Frontera (C\u00e1diz), lunes 19 Abril de 1982 (78 A\u00f1os+11 meses+8 d\u00edas) D. E. P.<br \/>\n<\/strong><\/p>\n<p style=\"text-align: center\">Vs.<\/p>\n<p style=\"text-align: center\">1929-1932.-Presidente don Juan Gim\u00e9nez C\u00e1novas.<\/p>\n<p style=\"text-align: center\"><img data-recalc-dims=\"1\" loading=\"lazy\" decoding=\"async\" class=\"aligncenter size-thumbnail wp-image-55232\" src=\"https:\/\/i0.wp.com\/www.manquepierda.com\/historiarealbetis\/files\/2016\/12\/AF.jpg?resize=176%2C220&#038;ssl=1\" alt=\"af\" width=\"176\" height=\"220\" srcset=\"https:\/\/i0.wp.com\/www.manquepierda.com\/historiarealbetis\/files\/2016\/12\/AF.jpg?resize=176%2C220&amp;ssl=1 176w, https:\/\/i0.wp.com\/www.manquepierda.com\/historiarealbetis\/files\/2016\/12\/AF.jpg?w=200&amp;ssl=1 200w\" sizes=\"auto, (max-width: 176px) 100vw, 176px\" \/><\/p>\n<p style=\"text-align: justify\">1927-1929.-Ant\u00f3n Fibver (41 a\u00f1os+1 mes menos 21 d\u00edas)-Natural de Praga (Rep\u00fablica Checa), jueves 22 Noviembre de 1888.<\/p>\n<p style=\"text-align: center\"><strong>9\u00ba CLASIFICADO CON 0 PUNTOS (0-ganado+0-empatado+1-perdido) 2-5 TANTOS FAVOR-CONTRA.<\/strong><\/p>\n<figure id=\"attachment_55234\" aria-describedby=\"caption-attachment-55234\" style=\"width: 154px\" class=\"wp-caption aligncenter\"><img data-recalc-dims=\"1\" loading=\"lazy\" decoding=\"async\" class=\"size-thumbnail wp-image-55234\" src=\"https:\/\/i0.wp.com\/www.manquepierda.com\/historiarealbetis\/files\/2016\/12\/VFC.jpg?resize=154%2C220&#038;ssl=1\" alt=\"VALENCIA F\u00daTBOL CLUB-2 TANTOS.\" width=\"154\" height=\"220\" srcset=\"https:\/\/i0.wp.com\/www.manquepierda.com\/historiarealbetis\/files\/2016\/12\/VFC.jpg?resize=154%2C220&amp;ssl=1 154w, https:\/\/i0.wp.com\/www.manquepierda.com\/historiarealbetis\/files\/2016\/12\/VFC.jpg?resize=420%2C600&amp;ssl=1 420w, https:\/\/i0.wp.com\/www.manquepierda.com\/historiarealbetis\/files\/2016\/12\/VFC.jpg?resize=490%2C700&amp;ssl=1 490w, https:\/\/i0.wp.com\/www.manquepierda.com\/historiarealbetis\/files\/2016\/12\/VFC.jpg?w=493&amp;ssl=1 493w\" sizes=\"auto, (max-width: 154px) 100vw, 154px\" \/><figcaption id=\"caption-attachment-55234\" class=\"wp-caption-text\">VALENCIA F\u00daTBOL CLUB-2 TANTOS.<\/figcaption><\/figure>\n<p style=\"text-align: center\">Portero:<\/p>\n<p style=\"text-align: center\"><img data-recalc-dims=\"1\" loading=\"lazy\" decoding=\"async\" class=\"aligncenter size-thumbnail wp-image-55231\" src=\"https:\/\/i0.wp.com\/www.manquepierda.com\/historiarealbetis\/files\/2016\/12\/Pedret.jpg?resize=176%2C220&#038;ssl=1\" alt=\"pedret\" width=\"176\" height=\"220\" srcset=\"https:\/\/i0.wp.com\/www.manquepierda.com\/historiarealbetis\/files\/2016\/12\/Pedret.jpg?resize=176%2C220&amp;ssl=1 176w, https:\/\/i0.wp.com\/www.manquepierda.com\/historiarealbetis\/files\/2016\/12\/Pedret.jpg?w=200&amp;ssl=1 200w\" sizes=\"auto, (max-width: 176px) 100vw, 176px\" \/><\/p>\n<p style=\"text-align: left\">1-<strong>(5 goles encajados)<\/strong>.-Jes\u00fas PEDRET Gonz\u00e1lez.<\/p>\n<p style=\"text-align: center\">Defensas:<\/p>\n<p style=\"text-align: left\">2-Juan MELENCH\u00d3N P\u00e9rez.-3-Lu\u00eds Casas PASAR\u00cdN.<\/p>\n<p style=\"text-align: center\">Medios:<\/p>\n<p style=\"text-align: left\">4-Enrique SALVADOR Beltr\u00e1n.-5-Enrique MOLINA Soler.-6-Salvador ARILLA.<\/p>\n<p style=\"text-align: center\">Delanteros:<\/p>\n<p style=\"text-align: left\">7-Domingo TORREDEFLOT Sol\u00e9.-8-Valent\u00edn Reig Boix (a) \u00abPICOL\u00cdN\u00bb.<\/p>\n<p style=\"text-align: center\"><img data-recalc-dims=\"1\" loading=\"lazy\" decoding=\"async\" class=\"aligncenter size-full wp-image-55233\" src=\"https:\/\/i0.wp.com\/www.manquepierda.com\/historiarealbetis\/files\/2016\/12\/Silvino.jpg?resize=82%2C105&#038;ssl=1\" alt=\"silvino\" width=\"82\" height=\"105\" \/><\/p>\n<p style=\"text-align: center\">9-SILVINO Cervell\u00f3.<\/p>\n<p style=\"text-align: justify\"><span style=\"color: #0000ff\">*3-1.-57 minutos.-Cuando un servicio de Salvador a Torredeflot da lugar a que \u00e9ste corra la l\u00ednea, tirando sobre la porter\u00eda b\u00e9tica en cerrado centro. La pelota roza en el poste, y muy ce\u00f1ida se cuela, sin que JES\u00daS pueda evitar que se marque el primer tanto, al que contribuyeron la tripleta central che con su acoso*<\/span><\/p>\n<p style=\"text-align: justify\"><span style=\"color: #0000ff\">*4-2.-59 minutos.-Tambi\u00e9n lleg\u00f3 por el lado de Torredeflot. Al hacerse \u00e9ste con el bal\u00f3n, centr\u00f3, recogi\u00e9ndolo Silvino, que de fuerte punterazo bate por segunda vez a JES\u00daS*<\/span><\/p>\n<p style=\"text-align: left\">10-Juan COSTA Font.-11-Antonio S\u00c1NCHEZ Pla.<\/p>\n<p style=\"text-align: left\">Fuente Escuadra Valencia Fc: www.ciberche.net<\/p>\n<p style=\"text-align: justify\">\n","protected":false},"excerpt":{"rendered":"<p>II EDICI\u00d3N-CAMPEONATO NACIONAL LIGA SEGUNDA DIVISI\u00d3N-TEMPORADA 1929-1930 DESDE DOMINGO 1\u00ba DICIEMBRE DE 1929 HASTA DOMINGO 30 MARZO DE 1930.-AMBAS FECHAS INCLUSIVE. 1929-DICIEMBRE 01-DOMINGO EN EL BARRIO DE \u00abEL PORVENIR\u00bb-CAMPO MUNICIPAL DE DEPORTES \u00abREAL PATRONATO OBRERO\u00bb-PRIMERA JORNADA.-\u00abEl p\u00fablico se comport\u00f3 con bastante correcci\u00f3n, aunque bien es de tener en cuenta la ventaja que en todo momento&#8230;<\/p>\n","protected":false},"author":48,"featured_media":55200,"comment_status":"open","ping_status":"open","sticky":false,"template":"","format":"standard","meta":{"_kad_post_transparent":"","_kad_post_title":"","_kad_post_layout":"","_kad_post_sidebar_id":"","_kad_post_content_style":"","_kad_post_vertical_padding":"","_kad_post_feature":"","_kad_post_feature_position":"","_kad_post_header":false,"_kad_post_footer":false,"_kad_post_classname":"","_jetpack_memberships_contains_paid_content":false,"footnotes":"","jetpack_publicize_message":"","jetpack_publicize_feature_enabled":true,"jetpack_social_post_already_shared":true,"jetpack_social_options":{"image_generator_settings":{"template":"highway","default_image_id":0,"font":"","enabled":false},"version":2}},"categories":[898,1],"tags":[1576,2665,18009,2285],"class_list":["post-55198","post","type-post","status-publish","format-standard","has-post-thumbnail","hentry","category-1920-1929","category-portada","tag-1576","tag-1929-30","tag-liga-segunda-1929-30","tag-valencia-cf"],"jetpack_publicize_connections":[],"jetpack_featured_media_url":"https:\/\/i0.wp.com\/www.manquepierda.com\/historiarealbetis\/files\/2016\/11\/CAMPO-MUNICIPAL-REAL-PATRONATO-OBRERO-19281116LaUni%C3%B3n.jpg?fit=680%2C498&ssl=1","jetpack_sharing_enabled":true,"jetpack_shortlink":"https:\/\/wp.me\/p1ij08-emi","jetpack-related-posts":[],"_links":{"self":[{"href":"https:\/\/www.manquepierda.com\/historiarealbetis\/wp-json\/wp\/v2\/posts\/55198","targetHints":{"allow":["GET"]}}],"collection":[{"href":"https:\/\/www.manquepierda.com\/historiarealbetis\/wp-json\/wp\/v2\/posts"}],"about":[{"href":"https:\/\/www.manquepierda.com\/historiarealbetis\/wp-json\/wp\/v2\/types\/post"}],"author":[{"embeddable":true,"href":"https:\/\/www.manquepierda.com\/historiarealbetis\/wp-json\/wp\/v2\/users\/48"}],"replies":[{"embeddable":true,"href":"https:\/\/www.manquepierda.com\/historiarealbetis\/wp-json\/wp\/v2\/comments?post=55198"}],"version-history":[{"count":1,"href":"https:\/\/www.manquepierda.com\/historiarealbetis\/wp-json\/wp\/v2\/posts\/55198\/revisions"}],"predecessor-version":[{"id":96970,"href":"https:\/\/www.manquepierda.com\/historiarealbetis\/wp-json\/wp\/v2\/posts\/55198\/revisions\/96970"}],"wp:featuredmedia":[{"embeddable":true,"href":"https:\/\/www.manquepierda.com\/historiarealbetis\/wp-json\/wp\/v2\/media\/55200"}],"wp:attachment":[{"href":"https:\/\/www.manquepierda.com\/historiarealbetis\/wp-json\/wp\/v2\/media?parent=55198"}],"wp:term":[{"taxonomy":"category","embeddable":true,"href":"https:\/\/www.manquepierda.com\/historiarealbetis\/wp-json\/wp\/v2\/categories?post=55198"},{"taxonomy":"post_tag","embeddable":true,"href":"https:\/\/www.manquepierda.com\/historiarealbetis\/wp-json\/wp\/v2\/tags?post=55198"}],"curies":[{"name":"wp","href":"https:\/\/api.w.org\/{rel}","templated":true}]}}