{"id":55224,"date":"2023-12-03T11:00:00","date_gmt":"2023-12-03T10:00:00","guid":{"rendered":"http:\/\/www.manquepierda.com\/historiarealbetis\/?p=55224"},"modified":"2023-11-19T18:52:55","modified_gmt":"2023-11-19T17:52:55","slug":"hoy-83-anos-2","status":"publish","type":"post","link":"https:\/\/www.manquepierda.com\/historiarealbetis\/hoy-83-anos-2\/","title":{"rendered":"Hoy hace 90 a\u00f1os. Nace Ram\u00f3n P\u00e9rez \u00abEspej\u00edn\u00bb."},"content":{"rendered":"<p><a href=\"https:\/\/i0.wp.com\/www.manquepierda.com\/historiarealbetis\/files\/2016\/12\/3-1933-Nace-Espej%C3%ADn.jpg?ssl=1\"><img data-recalc-dims=\"1\" loading=\"lazy\" decoding=\"async\" class=\"aligncenter size-full wp-image-55225\" src=\"https:\/\/i0.wp.com\/www.manquepierda.com\/historiarealbetis\/files\/2016\/12\/3-1933-Nace-Espej%C3%ADn.jpg?resize=202%2C300&#038;ssl=1\" alt=\"3-1933-nace-espejin\" width=\"202\" height=\"300\" srcset=\"https:\/\/i0.wp.com\/www.manquepierda.com\/historiarealbetis\/files\/2016\/12\/3-1933-Nace-Espej%C3%ADn.jpg?w=202&amp;ssl=1 202w, https:\/\/i0.wp.com\/www.manquepierda.com\/historiarealbetis\/files\/2016\/12\/3-1933-Nace-Espej%C3%ADn.jpg?resize=148%2C220&amp;ssl=1 148w\" sizes=\"auto, (max-width: 202px) 100vw, 202px\" \/><\/a><\/p>\n<p><span style=\"color: #008000\">El 3 de diciembre de 1933 nace en Santa Cruz de Tenerife Ram\u00f3n P\u00e9rez Mesa \u00abEspej\u00edn\u00bb, quien fuera jugador del Real Betis Balompi\u00e9 entre 1956 y 1958.&nbsp;<\/span><\/p>\n<p><span style=\"color: #008000\">Lleg\u00f3 al Betis en 1956 procedente del Algeciras y tuvo una destacada participaci\u00f3n en el conjunto que en 1958 consigui\u00f3 ascender a Primera Divisi\u00f3n.&nbsp;<\/span><\/p>\n","protected":false},"excerpt":{"rendered":"<p>El 3 de diciembre de 1933 nace en Santa Cruz de Tenerife Ram\u00f3n P\u00e9rez Mesa \u00abEspej\u00edn\u00bb, quien fuera jugador del Real Betis Balompi\u00e9 entre 1956 y 1958.&nbsp; Lleg\u00f3 al Betis en 1956 procedente del Algeciras y tuvo una destacada participaci\u00f3n en el conjunto que en 1958 consigui\u00f3 ascender a Primera Divisi\u00f3n.&nbsp;<\/p>\n","protected":false},"author":5,"featured_media":55225,"comment_status":"open","ping_status":"open","sticky":false,"template":"","format":"standard","meta":{"_kad_post_transparent":"","_kad_post_title":"","_kad_post_layout":"","_kad_post_sidebar_id":"","_kad_post_content_style":"","_kad_post_vertical_padding":"","_kad_post_feature":"","_kad_post_feature_position":"","_kad_post_header":false,"_kad_post_footer":false,"_kad_post_classname":"","_jetpack_memberships_contains_paid_content":false,"footnotes":"","jetpack_publicize_message":"","jetpack_publicize_feature_enabled":true,"jetpack_social_post_already_shared":true,"jetpack_social_options":{"image_generator_settings":{"template":"highway","default_image_id":0,"font":"","enabled":false},"version":2}},"categories":[899,14583,1],"tags":[3582],"class_list":["post-55224","post","type-post","status-publish","format-standard","has-post-thumbnail","hentry","category-1930-1939","category-efemerides","category-portada","tag-ramon-perez-espejin"],"jetpack_publicize_connections":[],"jetpack_featured_media_url":"https:\/\/i0.wp.com\/www.manquepierda.com\/historiarealbetis\/files\/2016\/12\/3-1933-Nace-Espej%C3%ADn.jpg?fit=202%2C300&ssl=1","jetpack_sharing_enabled":true,"jetpack_shortlink":"https:\/\/wp.me\/p1ij08-emI","jetpack-related-posts":[],"_links":{"self":[{"href":"https:\/\/www.manquepierda.com\/historiarealbetis\/wp-json\/wp\/v2\/posts\/55224","targetHints":{"allow":["GET"]}}],"collection":[{"href":"https:\/\/www.manquepierda.com\/historiarealbetis\/wp-json\/wp\/v2\/posts"}],"about":[{"href":"https:\/\/www.manquepierda.com\/historiarealbetis\/wp-json\/wp\/v2\/types\/post"}],"author":[{"embeddable":true,"href":"https:\/\/www.manquepierda.com\/historiarealbetis\/wp-json\/wp\/v2\/users\/5"}],"replies":[{"embeddable":true,"href":"https:\/\/www.manquepierda.com\/historiarealbetis\/wp-json\/wp\/v2\/comments?post=55224"}],"version-history":[{"count":1,"href":"https:\/\/www.manquepierda.com\/historiarealbetis\/wp-json\/wp\/v2\/posts\/55224\/revisions"}],"predecessor-version":[{"id":91728,"href":"https:\/\/www.manquepierda.com\/historiarealbetis\/wp-json\/wp\/v2\/posts\/55224\/revisions\/91728"}],"wp:featuredmedia":[{"embeddable":true,"href":"https:\/\/www.manquepierda.com\/historiarealbetis\/wp-json\/wp\/v2\/media\/55225"}],"wp:attachment":[{"href":"https:\/\/www.manquepierda.com\/historiarealbetis\/wp-json\/wp\/v2\/media?parent=55224"}],"wp:term":[{"taxonomy":"category","embeddable":true,"href":"https:\/\/www.manquepierda.com\/historiarealbetis\/wp-json\/wp\/v2\/categories?post=55224"},{"taxonomy":"post_tag","embeddable":true,"href":"https:\/\/www.manquepierda.com\/historiarealbetis\/wp-json\/wp\/v2\/tags?post=55224"}],"curies":[{"name":"wp","href":"https:\/\/api.w.org\/{rel}","templated":true}]}}