{"id":55473,"date":"2016-12-12T07:09:22","date_gmt":"2016-12-12T06:09:22","guid":{"rendered":"http:\/\/www.manquepierda.com\/historiarealbetis\/?p=55473"},"modified":"2024-09-25T19:34:27","modified_gmt":"2024-09-25T17:34:27","slug":"entrevista-denilson-1997","status":"publish","type":"post","link":"https:\/\/www.manquepierda.com\/historiarealbetis\/entrevista-denilson-1997\/","title":{"rendered":"Entrevista Denilson 1997"},"content":{"rendered":"<p><a href=\"https:\/\/i0.wp.com\/www.manquepierda.com\/historiarealbetis\/files\/2016\/12\/Denilson-con-Brasil.jpg?ssl=1\"><img data-recalc-dims=\"1\" loading=\"lazy\" decoding=\"async\" class=\"aligncenter size-full wp-image-55476\" src=\"https:\/\/i0.wp.com\/www.manquepierda.com\/historiarealbetis\/files\/2016\/12\/Denilson-con-Brasil.jpg?resize=349%2C517&#038;ssl=1\" alt=\"denilson-con-brasil\" width=\"349\" height=\"517\" srcset=\"https:\/\/i0.wp.com\/www.manquepierda.com\/historiarealbetis\/files\/2016\/12\/Denilson-con-Brasil.jpg?w=349&amp;ssl=1 349w, https:\/\/i0.wp.com\/www.manquepierda.com\/historiarealbetis\/files\/2016\/12\/Denilson-con-Brasil.jpg?resize=149%2C220&amp;ssl=1 149w\" sizes=\"auto, (max-width: 349px) 100vw, 349px\" \/><\/a><\/p>\n<p>En agosto de 1997 el Betis se hizo con el fichaje de Denilson de Oliveira, un prometedor jugador brasile\u00f1o del Sao Paulo, por la cantidad de 5.300 millones de pesetas. En su momento fue el fichaje m\u00e1s caro en la historia del f\u00fatbol mundial.<\/p>\n<p>Sin embargo, el acuerdo establec\u00eda que no ser\u00eda hasta la temporada siguiente, una vez celebrado el Campeonato Mundial de Francia en 1998, \u00a0cuando Denilson se incorporar\u00eda al Betis.<\/p>\n<p>En noviembre de 1997 Denilson estuvo en Espa\u00f1a acompa\u00f1ado por su representante Luz Viana, para cerrar diversos tr\u00e1mites de su contrato, motivo por el que se reuni\u00f3 con Manuel Ruiz de Lopera, almorzando posteriormente con \u00e9ste, con el t\u00e9cnico Luis Arago\u00e9s y con los tres capitanes de la plantilla b\u00e9tica: Alfonso, Alexis y Ure\u00f1a. Al d\u00eda siguiente march\u00f3 a Madrid, donde pas\u00f3 un reconocimiento m\u00e9dico en la Cl\u00ednica Fremap, volviendo luego a Brasil.<\/p>\n<p>Durante su estancia en Madrid concedi\u00f3 esta entrevista al diario deportivo AS, en la que podemos leer las expectativas que el joven jugador brasile\u00f1o ten\u00eda con su llegada futura al Betis.<\/p>\n<p>&nbsp;<\/p>\n<p><span style=\"color: #008000\"><em>Denilson, el jugador que est\u00e1 llamado a convertirse en el gran \u00eddolo de la afici\u00f3n del Betis, pas\u00f3 hace tres d\u00edas por Madrid para pasar un exhaustivo reconocimiento m\u00e9dico en la cl\u00ednica Fremap de Majadahonda. Antes de regresar a Brasil y de acudir a la cl\u00ednica Santa Elena para que los m\u00e9dicos comprobaran que su m\u00e1quina no tiene taras, atendi\u00f3 a AS en un hotel de la capital.<\/em><\/span><\/p>\n<p><span style=\"color: #008000\"><em>&#8211; \u00bfQu\u00e9 le parece jugar en la Liga espa\u00f1ola?<\/em><\/span><\/p>\n<p><span style=\"color: #008000\"><em>&#8211; Muy bien, porque es un campeonato escogido. Otros brasile\u00f1os ya me han hablado maravillas de la Liga espa\u00f1ola<\/em><\/span><\/p>\n<p><span style=\"color: #008000\"><em>&#8211; \u00bfQu\u00e9 opina del Betis?<\/em><\/span><\/p>\n<p><span style=\"color: #008000\"><em>&#8211; La verdad es que al comienzo de las negociaciones no conoc\u00eda a los jugadores, porque a Brasil s\u00f3lo llegan noticias del Real Madrid y del Barcelona. Luego, Sevilla me ha causado una grata impresi\u00f3n, al igual que la afici\u00f3n y el presidente, quien trata muy bien a sus jugadores<\/em><\/span><\/p>\n<p><span style=\"color: #008000\"><em>&#8211; \u00bfEst\u00e1 enterado de la irregular marcha que lleva esta temporada su futuro equipo?<\/em><\/span><\/p>\n<p><span style=\"color: #008000\"><em>&#8211; All\u00ed en Brasil no se recibe mucha informaci\u00f3n acerca del Betis. Aunque est\u00e1 tropezando, remontar\u00e1 el vuelo<\/em><\/span><\/p>\n<p><span style=\"color: #008000\"><em>&#8211; Cuando llegue jugar\u00e1 con Jarni, Alfonso, Finidi, Oli\u2026<\/em><\/span><\/p>\n<p><span style=\"color: #008000\"><em>&#8211; S\u00e9 que son grandes jugadores, aunque s\u00f3lo conozco a Alfonso, Alexis y\u2026un zaguero, el n\u00famero 4\u2026 (refiri\u00e9ndose a Ure\u00f1a)<\/em><\/span><\/p>\n<p><span style=\"color: #008000\"><em>&#8211; \u00bfQu\u00e9 sabe de Luis Aragon\u00e9s?<\/em><\/span><\/p>\n<p><span style=\"color: #008000\"><em>&#8211; S\u00e9 que es un entrenador muy bueno; antes le valoraba mucho profesionalmente y ahora tambi\u00e9n le respeto a nivel personal<\/em><\/span><\/p>\n<p><span style=\"color: #008000\"><em>&#8211; \u00bfQu\u00e9 prefiere jugar, la Liga espa\u00f1ola o la Champions League?<\/em><\/span><\/p>\n<p><span style=\"color: #008000\"><em>&#8211; Quiero todo. Quiero jugar la Champions League y quiero ganarla con el Betis<\/em><\/span><\/p>\n<p><span style=\"color: #008000\"><em>&#8211; Pero, \u00bfsabe que el Betis nunca ha jugado esta competici\u00f3n?<\/em><\/span><\/p>\n<p><span style=\"color: #008000\"><em>&#8211; Prometo que lo har\u00e1. Lo conseguiremos, no s\u00f3lo por m\u00ed, sino por la labor de todos<\/em><\/span><\/p>\n<p><span style=\"color: #008000\"><em>&#8211; \u00bfVale usted los 5.300 millones de pesetas que cuesta?<\/em><\/span><\/p>\n<p><span style=\"color: #008000\"><em>&#8211; Si alguien los ha pagado es que los valgo. Tengo veinte a\u00f1os, estoy en un buen momento y contin\u00fao mejorando<\/em><\/span><\/p>\n<p><span style=\"color: #008000\"><em>&#8211; Cuando se pagan esas cantidades, \u00bfser\u00e1 que el mundo se ha vuelto loco?<\/em><\/span><\/p>\n<p><span style=\"color: #008000\"><em>&#8211; No creo que el mundo se haya vuelto loco. Mi \u00fanico pensamiento es justificar esa cantidad convirti\u00e9ndome en el mejor jugador del mundo, y quiero hacerlo en el Betis<\/em><\/span><\/p>\n<p><span style=\"color: #008000\"><em>&#8211; Ser tan caro le convertir\u00e1 en centro de atenci\u00f3n. \u00bfPodr\u00e1 soportar la presi\u00f3n?<\/em><\/span><\/p>\n<p><span style=\"color: #008000\"><em>&#8211; S\u00e9 que habr\u00e1 presi\u00f3n, pero no estoy preocupado porque estoy seguro de que contar\u00e9 con el apoyo de los jugadores, de la afici\u00f3n y del presidente<\/em><\/span><\/p>\n<p><span style=\"color: #008000\"><em>&#8211; \u00bfQu\u00e9 ve cuando mira atr\u00e1s?<\/em><\/span><\/p>\n<p><span style=\"color: #008000\"><em>&#8211; Veo a un futbolista de origen humilde que tuvo que luchar mucho hasta llegar aqu\u00ed. Fue dif\u00edcil.<\/em><\/span><\/p>\n<p><span style=\"color: #008000\"><em>&#8211; \u00bfLe gustar\u00eda jugar ya?<\/em><\/span><\/p>\n<p><span style=\"color: #008000\"><em>&#8211; Por m\u00ed, s\u00ed. En principio hay un acuerdo entre el Betis y el Sao Paulo que dice que me incorporar\u00e9 despu\u00e9s del Mundial<\/em><\/span><\/p>\n<p><span style=\"color: #008000\"><em>&#8211; \u00bfQu\u00e9 supone vestir la camiseta del Betis?<\/em><\/span><\/p>\n<p><span style=\"color: #008000\"><em>&#8211; Es muy emocionante, porque es la primera vez que salgo de Brasil para jugar. Sevilla es muy bonita, me ha encantado el recibimiento y el ambiente de fiesta que hay<\/em><\/span><\/p>\n<p><span style=\"color: #008000\"><em>&#8211; \u00bfSe sabr\u00e1 adaptar a la competici\u00f3n espa\u00f1ola?<\/em><\/span><\/p>\n<p><span style=\"color: #008000\"><em>&#8211; S\u00ed, en uno o dos meses. Me atrae mucho la fiesta que hay en Sevilla. A los sevillanos les gusta saltar y bailar, como a los brasile\u00f1os. Ser\u00e1 divertido vivir en esta ciudad<\/em><\/span><\/p>\n<p>Fuente: Alberto Pimentel en AS 7 de noviembre de 1997<\/p>\n<p>&nbsp;<\/p>\n","protected":false},"excerpt":{"rendered":"<p>En agosto de 1997 el Betis se hizo con el fichaje de Denilson de Oliveira, un prometedor jugador brasile\u00f1o del Sao Paulo, por la cantidad de 5.300 millones de pesetas. En su momento fue el fichaje m\u00e1s caro en la historia del f\u00fatbol mundial. Sin embargo, el acuerdo establec\u00eda que no ser\u00eda hasta la temporada&#8230;<\/p>\n","protected":false},"author":5,"featured_media":55476,"comment_status":"open","ping_status":"open","sticky":false,"template":"","format":"standard","meta":{"_kad_post_transparent":"","_kad_post_title":"","_kad_post_layout":"","_kad_post_sidebar_id":"","_kad_post_content_style":"","_kad_post_vertical_padding":"","_kad_post_feature":"","_kad_post_feature_position":"","_kad_post_header":false,"_kad_post_footer":false,"_kad_post_classname":"","_jetpack_memberships_contains_paid_content":false,"footnotes":"","jetpack_publicize_message":"","jetpack_publicize_feature_enabled":true,"jetpack_social_post_already_shared":true,"jetpack_social_options":{"image_generator_settings":{"template":"highway","default_image_id":0,"font":"","enabled":false},"version":2}},"categories":[905,893,1],"tags":[1068,4389,2418],"class_list":["post-55473","post","type-post","status-publish","format-standard","has-post-thumbnail","hentry","category-1990-1999","category-jugadores-temas","category-portada","tag-1068","tag-1997-98","tag-denilson-de-oliveira"],"jetpack_publicize_connections":[],"jetpack_featured_media_url":"https:\/\/i0.wp.com\/www.manquepierda.com\/historiarealbetis\/files\/2016\/12\/Denilson-con-Brasil.jpg?fit=349%2C517&ssl=1","jetpack_sharing_enabled":true,"jetpack_shortlink":"https:\/\/wp.me\/p1ij08-eqJ","jetpack-related-posts":[],"_links":{"self":[{"href":"https:\/\/www.manquepierda.com\/historiarealbetis\/wp-json\/wp\/v2\/posts\/55473","targetHints":{"allow":["GET"]}}],"collection":[{"href":"https:\/\/www.manquepierda.com\/historiarealbetis\/wp-json\/wp\/v2\/posts"}],"about":[{"href":"https:\/\/www.manquepierda.com\/historiarealbetis\/wp-json\/wp\/v2\/types\/post"}],"author":[{"embeddable":true,"href":"https:\/\/www.manquepierda.com\/historiarealbetis\/wp-json\/wp\/v2\/users\/5"}],"replies":[{"embeddable":true,"href":"https:\/\/www.manquepierda.com\/historiarealbetis\/wp-json\/wp\/v2\/comments?post=55473"}],"version-history":[{"count":1,"href":"https:\/\/www.manquepierda.com\/historiarealbetis\/wp-json\/wp\/v2\/posts\/55473\/revisions"}],"predecessor-version":[{"id":99723,"href":"https:\/\/www.manquepierda.com\/historiarealbetis\/wp-json\/wp\/v2\/posts\/55473\/revisions\/99723"}],"wp:featuredmedia":[{"embeddable":true,"href":"https:\/\/www.manquepierda.com\/historiarealbetis\/wp-json\/wp\/v2\/media\/55476"}],"wp:attachment":[{"href":"https:\/\/www.manquepierda.com\/historiarealbetis\/wp-json\/wp\/v2\/media?parent=55473"}],"wp:term":[{"taxonomy":"category","embeddable":true,"href":"https:\/\/www.manquepierda.com\/historiarealbetis\/wp-json\/wp\/v2\/categories?post=55473"},{"taxonomy":"post_tag","embeddable":true,"href":"https:\/\/www.manquepierda.com\/historiarealbetis\/wp-json\/wp\/v2\/tags?post=55473"}],"curies":[{"name":"wp","href":"https:\/\/api.w.org\/{rel}","templated":true}]}}