{"id":55580,"date":"2016-12-10T17:10:59","date_gmt":"2016-12-10T16:10:59","guid":{"rendered":"http:\/\/www.manquepierda.com\/historiarealbetis\/?p=55580"},"modified":"2023-07-23T20:56:49","modified_gmt":"2023-07-23T18:56:49","slug":"1933-diciembre-10-primera-betis-balompie-2-arenas-club-getxo-0-83aniversario","status":"publish","type":"post","link":"https:\/\/www.manquepierda.com\/historiarealbetis\/1933-diciembre-10-primera-betis-balompie-2-arenas-club-getxo-0-83aniversario\/","title":{"rendered":"1933-Diciembre 10-Primera.-Betis Balompi\u00e9-2 Arenas Club Getxo-0.-83Aniversario."},"content":{"rendered":"<p style=\"text-align: left;padding-left: 30px\">VI EDICI\u00d3N CAMPEONATO NACIONAL LIGA PRIMERA DIVISI\u00d3N TEMPORADA 1933-1934 DESDE DOMINGO 5 NOVIEMBRE DE 1933 HASTA DOMINGO 4 MARZO DE 1934.-AMBAS FECHAS INCLUSIVE.<\/p>\n<p style=\"padding-left: 30px;text-align: center\"><img data-recalc-dims=\"1\" loading=\"lazy\" decoding=\"async\" class=\"aligncenter size-full wp-image-55612\" src=\"https:\/\/i0.wp.com\/www.manquepierda.com\/historiarealbetis\/files\/2016\/12\/19331209ENG.jpg?resize=345%2C746&#038;ssl=1\" alt=\"\" width=\"345\" height=\"746\" srcset=\"https:\/\/i0.wp.com\/www.manquepierda.com\/historiarealbetis\/files\/2016\/12\/19331209ENG.jpg?w=345&amp;ssl=1 345w, https:\/\/i0.wp.com\/www.manquepierda.com\/historiarealbetis\/files\/2016\/12\/19331209ENG.jpg?resize=102%2C220&amp;ssl=1 102w, https:\/\/i0.wp.com\/www.manquepierda.com\/historiarealbetis\/files\/2016\/12\/19331209ENG.jpg?resize=277%2C600&amp;ssl=1 277w, https:\/\/i0.wp.com\/www.manquepierda.com\/historiarealbetis\/files\/2016\/12\/19331209ENG.jpg?resize=324%2C700&amp;ssl=1 324w\" sizes=\"auto, (max-width: 345px) 100vw, 345px\" \/><\/p>\n<p style=\"padding-left: 60px;text-align: left\">RECORTE DE PRENSA.-\u00abEL NOTICIERO GADITANO\u00bb-C\u00e1diz 19331212Martes-\u00abM\u00e1s all\u00e1 de la provincia: Tel\u00e9fono, Radio, Correos\u00bb<\/p>\n<p style=\"text-align: center\"><img data-recalc-dims=\"1\" loading=\"lazy\" decoding=\"async\" class=\"aligncenter size-large wp-image-55582\" src=\"https:\/\/i0.wp.com\/www.manquepierda.com\/historiarealbetis\/files\/2016\/12\/19331209ABCse.jpg?resize=475%2C700&#038;ssl=1\" alt=\"\" width=\"475\" height=\"700\" srcset=\"https:\/\/i0.wp.com\/www.manquepierda.com\/historiarealbetis\/files\/2016\/12\/19331209ABCse.jpg?resize=475%2C700&amp;ssl=1 475w, https:\/\/i0.wp.com\/www.manquepierda.com\/historiarealbetis\/files\/2016\/12\/19331209ABCse.jpg?resize=149%2C220&amp;ssl=1 149w, https:\/\/i0.wp.com\/www.manquepierda.com\/historiarealbetis\/files\/2016\/12\/19331209ABCse.jpg?resize=407%2C600&amp;ssl=1 407w, https:\/\/i0.wp.com\/www.manquepierda.com\/historiarealbetis\/files\/2016\/12\/19331209ABCse.jpg?w=700&amp;ssl=1 700w\" sizes=\"auto, (max-width: 475px) 100vw, 475px\" \/><\/p>\n<p style=\"text-align: center\"><img data-recalc-dims=\"1\" loading=\"lazy\" decoding=\"async\" class=\"aligncenter size-medium wp-image-55583\" src=\"https:\/\/i0.wp.com\/www.manquepierda.com\/historiarealbetis\/files\/2016\/12\/19331210ABCse.jpg?resize=551%2C600&#038;ssl=1\" alt=\"\" width=\"551\" height=\"600\" srcset=\"https:\/\/i0.wp.com\/www.manquepierda.com\/historiarealbetis\/files\/2016\/12\/19331210ABCse.jpg?resize=551%2C600&amp;ssl=1 551w, https:\/\/i0.wp.com\/www.manquepierda.com\/historiarealbetis\/files\/2016\/12\/19331210ABCse.jpg?resize=202%2C220&amp;ssl=1 202w, https:\/\/i0.wp.com\/www.manquepierda.com\/historiarealbetis\/files\/2016\/12\/19331210ABCse.jpg?resize=643%2C700&amp;ssl=1 643w, https:\/\/i0.wp.com\/www.manquepierda.com\/historiarealbetis\/files\/2016\/12\/19331210ABCse.jpg?w=697&amp;ssl=1 697w\" sizes=\"auto, (max-width: 551px) 100vw, 551px\" \/><\/p>\n<p style=\"text-align: center\">RECORTES PRENSA-ABC-SEVILLA-9 (s\u00e1bado)+10 (domingo)+12 (martes) Diciembre de 1933.<\/p>\n<p style=\"text-align: center\"><img data-recalc-dims=\"1\" loading=\"lazy\" decoding=\"async\" class=\"aligncenter size-medium wp-image-55585\" src=\"https:\/\/i0.wp.com\/www.manquepierda.com\/historiarealbetis\/files\/2016\/12\/CAMPO-MUNICIPAL-DEPORTES-REAL-PATRONATO-OBRERO-1918.jpg?resize=680%2C392&#038;ssl=1\" alt=\"\" width=\"680\" height=\"392\" srcset=\"https:\/\/i0.wp.com\/www.manquepierda.com\/historiarealbetis\/files\/2016\/12\/CAMPO-MUNICIPAL-DEPORTES-REAL-PATRONATO-OBRERO-1918.jpg?resize=680%2C392&amp;ssl=1 680w, https:\/\/i0.wp.com\/www.manquepierda.com\/historiarealbetis\/files\/2016\/12\/CAMPO-MUNICIPAL-DEPORTES-REAL-PATRONATO-OBRERO-1918.jpg?resize=220%2C127&amp;ssl=1 220w, https:\/\/i0.wp.com\/www.manquepierda.com\/historiarealbetis\/files\/2016\/12\/CAMPO-MUNICIPAL-DEPORTES-REAL-PATRONATO-OBRERO-1918.jpg?resize=768%2C443&amp;ssl=1 768w, https:\/\/i0.wp.com\/www.manquepierda.com\/historiarealbetis\/files\/2016\/12\/CAMPO-MUNICIPAL-DEPORTES-REAL-PATRONATO-OBRERO-1918.jpg?w=960&amp;ssl=1 960w, https:\/\/i0.wp.com\/www.manquepierda.com\/historiarealbetis\/files\/2016\/12\/CAMPO-MUNICIPAL-DEPORTES-REAL-PATRONATO-OBRERO-1918.jpg?resize=400%2C230&amp;ssl=1 400w\" sizes=\"auto, (max-width: 680px) 100vw, 680px\" \/><\/p>\n<p style=\"text-align: left;padding-left: 30px\"><strong>1934-DICIEMBRE 10-DOMINGO-BARRIO DE \u00abEL PORVENIR\u00bb-CAMPO MUNICIPAL DE DEPORTES \u00abPATRONATO OBRERO\u00bb-SEXTA JORNADA.-<em>\u00abExcelente entrada\u00bb.<\/em><\/strong><\/p>\n<p style=\"padding-left: 60px;text-align: left\">Arbitr\u00f3 el colegiado Ram\u00f3n MELC\u00d3N Bartolom\u00e9 (33 a\u00f1os+1 mes menos 20 d\u00edas)-Natural de Madrid, viernes 30 de Noviembre de 1900.-<em><strong>\u00abSin que sirva de precedente su arbitraje fue bueno\u00bb.<\/strong><\/em><\/p>\n<p style=\"text-align: center\"><img data-recalc-dims=\"1\" loading=\"lazy\" decoding=\"async\" class=\"aligncenter size-large wp-image-55586\" src=\"https:\/\/i0.wp.com\/www.manquepierda.com\/historiarealbetis\/files\/2016\/12\/1933210-ESTAMPA-369x700.jpg?resize=369%2C700&#038;ssl=1\" alt=\"\" width=\"369\" height=\"700\" srcset=\"https:\/\/i0.wp.com\/www.manquepierda.com\/historiarealbetis\/files\/2016\/12\/1933210-ESTAMPA.jpg?resize=369%2C700&amp;ssl=1 369w, https:\/\/i0.wp.com\/www.manquepierda.com\/historiarealbetis\/files\/2016\/12\/1933210-ESTAMPA.jpg?resize=116%2C220&amp;ssl=1 116w, https:\/\/i0.wp.com\/www.manquepierda.com\/historiarealbetis\/files\/2016\/12\/1933210-ESTAMPA.jpg?resize=316%2C600&amp;ssl=1 316w, https:\/\/i0.wp.com\/www.manquepierda.com\/historiarealbetis\/files\/2016\/12\/1933210-ESTAMPA.jpg?resize=768%2C1457&amp;ssl=1 768w, https:\/\/i0.wp.com\/www.manquepierda.com\/historiarealbetis\/files\/2016\/12\/1933210-ESTAMPA.jpg?w=956&amp;ssl=1 956w\" sizes=\"auto, (max-width: 369px) 100vw, 369px\" \/><\/p>\n<p style=\"text-align: center\">AMBAS ESCUADRAS SE ALINEARON DE LA MANERA SIGUIENTE:<\/p>\n<p style=\"text-align: left;padding-left: 30px\"><em><strong><span style=\"color: #008000\">Desde lunes 26 Junio de 1933, presidente BETIS BALOMPI\u00c9, Ilustre Letrado don Antonio MORENO <img data-recalc-dims=\"1\" loading=\"lazy\" decoding=\"async\" class=\"alignright size-thumbnail wp-image-55587\" src=\"https:\/\/i0.wp.com\/www.manquepierda.com\/historiarealbetis\/files\/2016\/12\/Antonio-MORENO-SEVILLANO-2.jpg?resize=154%2C220&#038;ssl=1\" alt=\"\" width=\"154\" height=\"220\" srcset=\"https:\/\/i0.wp.com\/www.manquepierda.com\/historiarealbetis\/files\/2016\/12\/Antonio-MORENO-SEVILLANO-2.jpg?resize=154%2C220&amp;ssl=1 154w, https:\/\/i0.wp.com\/www.manquepierda.com\/historiarealbetis\/files\/2016\/12\/Antonio-MORENO-SEVILLANO-2.jpg?resize=420%2C600&amp;ssl=1 420w, https:\/\/i0.wp.com\/www.manquepierda.com\/historiarealbetis\/files\/2016\/12\/Antonio-MORENO-SEVILLANO-2.jpg?resize=489%2C700&amp;ssl=1 489w, https:\/\/i0.wp.com\/www.manquepierda.com\/historiarealbetis\/files\/2016\/12\/Antonio-MORENO-SEVILLANO-2.jpg?w=651&amp;ssl=1 651w\" sizes=\"auto, (max-width: 154px) 100vw, 154px\" \/>SEVILLANO (32 a\u00f1os+4 meses+1 d\u00eda)-Natural de Osuna (Sevilla), viernes 9 Agosto de 1901.-Obituario en Sevilla, viernes 28 Abril de 1978 (76 A\u00f1os+8 meses+19 d\u00edas) D. E. P.<\/span><\/strong><\/em><\/p>\n<p style=\"text-align: left;padding-left: 30px\"><img data-recalc-dims=\"1\" loading=\"lazy\" decoding=\"async\" class=\"alignleft size-thumbnail wp-image-55590\" src=\"https:\/\/i0.wp.com\/www.manquepierda.com\/historiarealbetis\/files\/2016\/12\/Patrick-Joseph-OCONNELL-2.jpg?resize=138%2C220&#038;ssl=1\" alt=\"\" width=\"138\" height=\"220\" srcset=\"https:\/\/i0.wp.com\/www.manquepierda.com\/historiarealbetis\/files\/2016\/12\/Patrick-Joseph-OCONNELL-2.jpg?resize=138%2C220&amp;ssl=1 138w, https:\/\/i0.wp.com\/www.manquepierda.com\/historiarealbetis\/files\/2016\/12\/Patrick-Joseph-OCONNELL-2.jpg?w=165&amp;ssl=1 165w\" sizes=\"auto, (max-width: 138px) 100vw, 138px\" \/>&nbsp;<span style=\"color: #008000\"><strong>Entrenador Mr. Patrick Joseph O&#8217;CONNELL (46 a\u00f1os+9 meses+2 d\u00edas)-Natural de Drucomdra-Dublin (Republic of Ireland), martes 8 Marzo de 1887.-Obituario en St Pancras-Condado Cavem-Cementery Distrito Kilburn-London (England), viernes 27 Febrero de 1959 (71 A\u00f1os+11 meses+19 d\u00edas) D. E. P.<\/strong><\/span><\/p>\n<figure id=\"attachment_55591\" aria-describedby=\"caption-attachment-55591\" style=\"width: 154px\" class=\"wp-caption aligncenter\"><img data-recalc-dims=\"1\" loading=\"lazy\" decoding=\"async\" class=\"size-full wp-image-55591\" src=\"https:\/\/i0.wp.com\/www.manquepierda.com\/historiarealbetis\/files\/2016\/12\/1932-RBB-1.jpg?resize=154%2C154&#038;ssl=1\" alt=\"\" width=\"154\" height=\"154\"><figcaption id=\"caption-attachment-55591\" class=\"wp-caption-text\">BETIS BALOMPI\u00c9-2 GOLES.<\/figcaption><\/figure>\n<p style=\"text-align: left;padding-left: 30px\"><span style=\"color: #008000\"><strong>5\u00ba CLASIFICADO CON 6 PUNTOS (3-GANADOS+0-EMPATADOS+3-PERDIDOS) 10-GOLES A FAVOR Y 13-TANTOS EN CONTRA.<\/strong><\/span><\/p>\n<p style=\"text-align: center\">Guardameta:<\/p>\n<p style=\"text-align: center\"><img data-recalc-dims=\"1\" loading=\"lazy\" decoding=\"async\" class=\"aligncenter size-thumbnail wp-image-55593\" src=\"https:\/\/i0.wp.com\/www.manquepierda.com\/historiarealbetis\/files\/2016\/12\/Joaqu%C3%ADn-URQUIAGA-Legarburu-19330828AS.jpg?resize=114%2C220&#038;ssl=1\" alt=\"\" width=\"114\" height=\"220\" srcset=\"https:\/\/i0.wp.com\/www.manquepierda.com\/historiarealbetis\/files\/2016\/12\/Joaqu%C3%ADn-URQUIAGA-Legarburu-19330828AS.jpg?resize=114%2C220&amp;ssl=1 114w, https:\/\/i0.wp.com\/www.manquepierda.com\/historiarealbetis\/files\/2016\/12\/Joaqu%C3%ADn-URQUIAGA-Legarburu-19330828AS.jpg?resize=311%2C600&amp;ssl=1 311w, https:\/\/i0.wp.com\/www.manquepierda.com\/historiarealbetis\/files\/2016\/12\/Joaqu%C3%ADn-URQUIAGA-Legarburu-19330828AS.jpg?resize=362%2C700&amp;ssl=1 362w, https:\/\/i0.wp.com\/www.manquepierda.com\/historiarealbetis\/files\/2016\/12\/Joaqu%C3%ADn-URQUIAGA-Legarburu-19330828AS.jpg?w=545&amp;ssl=1 545w\" sizes=\"auto, (max-width: 114px) 100vw, 114px\" \/><\/p>\n<p style=\"padding-left: 30px;text-align: left\"><strong>1-(Imbatido).-Joaqu\u00edn URQUIAGA Legarburu (23 a\u00f1os+9 meses menos 19 d\u00edas)-Natural de Zorrotza-Bilbao (Vizcaya), martes 29 Marzo de 1910.-Obituario en Bilbao (Vizcaya), domingo 25 Julio de 1965 (55 A\u00f1os+4 meses menos 4 d\u00edas) D. E. P.<\/strong><\/p>\n<p style=\"text-align: center\">Zagueros:<\/p>\n<p style=\"text-align: center\"><img data-recalc-dims=\"1\" loading=\"lazy\" decoding=\"async\" class=\"aligncenter size-thumbnail wp-image-55594\" src=\"https:\/\/i0.wp.com\/www.manquepierda.com\/historiarealbetis\/files\/2016\/12\/Pedro-Pablo-ARESO-Aramburu-1-1.jpg?resize=158%2C220&#038;ssl=1\" alt=\"\" width=\"158\" height=\"220\" srcset=\"https:\/\/i0.wp.com\/www.manquepierda.com\/historiarealbetis\/files\/2016\/12\/Pedro-Pablo-ARESO-Aramburu-1-1.jpg?resize=158%2C220&amp;ssl=1 158w, https:\/\/i0.wp.com\/www.manquepierda.com\/historiarealbetis\/files\/2016\/12\/Pedro-Pablo-ARESO-Aramburu-1-1.jpg?w=265&amp;ssl=1 265w\" sizes=\"auto, (max-width: 158px) 100vw, 158px\" \/><\/p>\n<p style=\"text-align: left\"><span style=\"color: #333333\"><strong>2-Lateral Diestro.-Pedro Pablo ARESO Aramburu.<\/strong><\/span><\/p>\n<p style=\"text-align: center\"><img data-recalc-dims=\"1\" loading=\"lazy\" decoding=\"async\" class=\"aligncenter size-thumbnail wp-image-55595\" src=\"https:\/\/i0.wp.com\/www.manquepierda.com\/historiarealbetis\/files\/2016\/12\/Seraf%C3%ADn-AEDO-Renieblas-02.jpg?resize=139%2C220&#038;ssl=1\" alt=\"\" width=\"139\" height=\"220\" srcset=\"https:\/\/i0.wp.com\/www.manquepierda.com\/historiarealbetis\/files\/2016\/12\/Seraf%C3%ADn-AEDO-Renieblas-02.jpg?resize=139%2C220&amp;ssl=1 139w, https:\/\/i0.wp.com\/www.manquepierda.com\/historiarealbetis\/files\/2016\/12\/Seraf%C3%ADn-AEDO-Renieblas-02.jpg?w=295&amp;ssl=1 295w\" sizes=\"auto, (max-width: 139px) 100vw, 139px\" \/><\/p>\n<p style=\"text-align: left\"><strong>3-Lateral Zurdo.-Seraf\u00edn AEDO Renieblas.<\/strong><\/p>\n<p style=\"text-align: center\">Medios:<\/p>\n<p style=\"text-align: center\"><img data-recalc-dims=\"1\" loading=\"lazy\" decoding=\"async\" class=\"aligncenter size-thumbnail wp-image-55596\" src=\"https:\/\/i0.wp.com\/www.manquepierda.com\/historiarealbetis\/files\/2016\/12\/PERAL-Jos%C3%A9-Su%C3%A1rez-Gonz%C3%A1lez-1.jpg?resize=146%2C220&#038;ssl=1\" alt=\"\" width=\"146\" height=\"220\" srcset=\"https:\/\/i0.wp.com\/www.manquepierda.com\/historiarealbetis\/files\/2016\/12\/PERAL-Jos%C3%A9-Su%C3%A1rez-Gonz%C3%A1lez-1.jpg?resize=146%2C220&amp;ssl=1 146w, https:\/\/i0.wp.com\/www.manquepierda.com\/historiarealbetis\/files\/2016\/12\/PERAL-Jos%C3%A9-Su%C3%A1rez-Gonz%C3%A1lez-1.jpg?w=213&amp;ssl=1 213w\" sizes=\"auto, (max-width: 146px) 100vw, 146px\" \/><\/p>\n<p style=\"text-align: left\"><strong><span style=\"color: #333333\">4-Diestro.-Jos\u00e9 Su\u00e1rez Gonz\u00e1lez (a) \u00abPERAL\u00bb.<\/span><\/strong><\/p>\n<p style=\"text-align: center\"><img data-recalc-dims=\"1\" loading=\"lazy\" decoding=\"async\" class=\"aligncenter size-thumbnail wp-image-55597\" src=\"https:\/\/i0.wp.com\/www.manquepierda.com\/historiarealbetis\/files\/2016\/12\/Enrique-SOLADRERO-Arbide-03.jpg?resize=137%2C220&#038;ssl=1\" alt=\"\" width=\"137\" height=\"220\" srcset=\"https:\/\/i0.wp.com\/www.manquepierda.com\/historiarealbetis\/files\/2016\/12\/Enrique-SOLADRERO-Arbide-03.jpg?resize=137%2C220&amp;ssl=1 137w, https:\/\/i0.wp.com\/www.manquepierda.com\/historiarealbetis\/files\/2016\/12\/Enrique-SOLADRERO-Arbide-03.jpg?w=209&amp;ssl=1 209w\" sizes=\"auto, (max-width: 137px) 100vw, 137px\" \/><\/p>\n<p style=\"text-align: left\"><strong>5-Centro.-Enrique SOLADRERO Arbide.<\/strong><\/p>\n<p style=\"text-align: center\"><img data-recalc-dims=\"1\" loading=\"lazy\" decoding=\"async\" class=\"aligncenter size-thumbnail wp-image-55598\" src=\"https:\/\/i0.wp.com\/www.manquepierda.com\/historiarealbetis\/files\/2016\/12\/ADOLFITO-Adolfo-Sancho-Carrillo-De-Albornoz-02.jpg?resize=145%2C220&#038;ssl=1\" alt=\"\" width=\"145\" height=\"220\" srcset=\"https:\/\/i0.wp.com\/www.manquepierda.com\/historiarealbetis\/files\/2016\/12\/ADOLFITO-Adolfo-Sancho-Carrillo-De-Albornoz-02.jpg?resize=145%2C220&amp;ssl=1 145w, https:\/\/i0.wp.com\/www.manquepierda.com\/historiarealbetis\/files\/2016\/12\/ADOLFITO-Adolfo-Sancho-Carrillo-De-Albornoz-02.jpg?w=236&amp;ssl=1 236w\" sizes=\"auto, (max-width: 145px) 100vw, 145px\" \/><\/p>\n<p style=\"text-align: left\"><strong>6-Zurdo.-ADOLFO Sancho Carrillo De Albornoz (a) \u00abADOLFITO\u00bb-ADOLFO I\u00bb.<\/strong><\/p>\n<p style=\"text-align: center\">Delanteros:<\/p>\n<p style=\"text-align: center\"><img data-recalc-dims=\"1\" loading=\"lazy\" decoding=\"async\" class=\"aligncenter size-thumbnail wp-image-55602\" src=\"https:\/\/i0.wp.com\/www.manquepierda.com\/historiarealbetis\/files\/2016\/12\/TIMIMI-Pedro-Gonz%C3%A1lez-S%C3%A1nchez-1-1.jpg?resize=137%2C220&#038;ssl=1\" alt=\"\" width=\"137\" height=\"220\" srcset=\"https:\/\/i0.wp.com\/www.manquepierda.com\/historiarealbetis\/files\/2016\/12\/TIMIMI-Pedro-Gonz%C3%A1lez-S%C3%A1nchez-1-1.jpg?resize=137%2C220&amp;ssl=1 137w, https:\/\/i0.wp.com\/www.manquepierda.com\/historiarealbetis\/files\/2016\/12\/TIMIMI-Pedro-Gonz%C3%A1lez-S%C3%A1nchez-1-1.jpg?w=229&amp;ssl=1 229w\" sizes=\"auto, (max-width: 137px) 100vw, 137px\" \/><\/p>\n<p style=\"text-align: left\"><span style=\"color: #333333\"><strong>7-Extremo Diestro.-Pedro Gonz\u00e1lez S\u00e1nchez (a) \u00abTIMIMI\u00bb.<\/strong><\/span><\/p>\n<p style=\"text-align: center\"><img data-recalc-dims=\"1\" loading=\"lazy\" decoding=\"async\" class=\"aligncenter size-thumbnail wp-image-55603\" src=\"https:\/\/i0.wp.com\/www.manquepierda.com\/historiarealbetis\/files\/2016\/12\/ADOLFO-II-Adolfo-Mart%C3%ADn-Gonz%C3%A1lez-1.jpg?resize=129%2C220&#038;ssl=1\" alt=\"\" width=\"129\" height=\"220\" srcset=\"https:\/\/i0.wp.com\/www.manquepierda.com\/historiarealbetis\/files\/2016\/12\/ADOLFO-II-Adolfo-Mart%C3%ADn-Gonz%C3%A1lez-1.jpg?resize=129%2C220&amp;ssl=1 129w, https:\/\/i0.wp.com\/www.manquepierda.com\/historiarealbetis\/files\/2016\/12\/ADOLFO-II-Adolfo-Mart%C3%ADn-Gonz%C3%A1lez-1.jpg?w=234&amp;ssl=1 234w\" sizes=\"auto, (max-width: 129px) 100vw, 129px\" \/><\/p>\n<p style=\"text-align: left\"><strong>8-Interior Diestro.-ADOLFO Mart\u00edn Gonz\u00e1lez (a) \u00abADOLFO II\u00bb.<\/strong><\/p>\n<p style=\"text-align: center\"><img data-recalc-dims=\"1\" loading=\"lazy\" decoding=\"async\" class=\"aligncenter size-thumbnail wp-image-55604\" src=\"https:\/\/i0.wp.com\/www.manquepierda.com\/historiarealbetis\/files\/2016\/12\/Victorio-UNAMUNO-Ibarzabal-02-1.jpg?resize=135%2C220&#038;ssl=1\" alt=\"\" width=\"135\" height=\"220\" srcset=\"https:\/\/i0.wp.com\/www.manquepierda.com\/historiarealbetis\/files\/2016\/12\/Victorio-UNAMUNO-Ibarzabal-02-1.jpg?resize=135%2C220&amp;ssl=1 135w, https:\/\/i0.wp.com\/www.manquepierda.com\/historiarealbetis\/files\/2016\/12\/Victorio-UNAMUNO-Ibarzabal-02-1.jpg?w=197&amp;ssl=1 197w\" sizes=\"auto, (max-width: 135px) 100vw, 135px\" \/><\/p>\n<p style=\"text-align: left\"><strong>9-Centro Delantero-Ariete.-Victorio UNAMUNO Ibarzabal.<\/strong><\/p>\n<p style=\"padding-left: 30px;text-align: left\"><img data-recalc-dims=\"1\" loading=\"lazy\" decoding=\"async\" class=\"aligncenter size-thumbnail wp-image-55605\" src=\"https:\/\/i0.wp.com\/www.manquepierda.com\/historiarealbetis\/files\/2016\/12\/Sim%C3%B3n-LECUE-Andrade-01-1.jpg?resize=150%2C220&#038;ssl=1\" alt=\"\" width=\"150\" height=\"220\"><\/p>\n<p style=\"padding-left: 30px;text-align: left\"><span style=\"color: #008000\"><em><strong>*1-0.-22 minutos.-Un bal\u00f3n bombeado por \u00abTimimi\u00bb lo recepciona Sim\u00f3n que&nbsp; despu\u00e9s de varios chuts con despejes de la zaga arenera, remat\u00f3 el pelot\u00f3n batiendo al cancerbero Rafael Egusquiza*<\/strong><\/em><\/span><\/p>\n<p style=\"padding-left: 30px;text-align: left\"><span style=\"color: #008000\"><em><strong>*2-0.-44 minutos.-Un pase de Soladrero, recogi\u00f3&nbsp; el esf\u00e9rico el \u00ab10\u00bb verdiblanco, archisuperior chut fort\u00edsimo r\u00e1pido, raso, imparable por el portero Egusquiza*<\/strong><\/em><\/span><\/p>\n<p style=\"text-align: center\"><img data-recalc-dims=\"1\" loading=\"lazy\" decoding=\"async\" class=\"aligncenter size-large wp-image-55607\" src=\"https:\/\/i0.wp.com\/www.manquepierda.com\/historiarealbetis\/files\/2016\/12\/19331210AS.jpg?resize=498%2C700&#038;ssl=1\" alt=\"\" width=\"498\" height=\"700\" srcset=\"https:\/\/i0.wp.com\/www.manquepierda.com\/historiarealbetis\/files\/2016\/12\/19331210AS.jpg?resize=498%2C700&amp;ssl=1 498w, https:\/\/i0.wp.com\/www.manquepierda.com\/historiarealbetis\/files\/2016\/12\/19331210AS.jpg?resize=157%2C220&amp;ssl=1 157w, https:\/\/i0.wp.com\/www.manquepierda.com\/historiarealbetis\/files\/2016\/12\/19331210AS.jpg?resize=427%2C600&amp;ssl=1 427w, https:\/\/i0.wp.com\/www.manquepierda.com\/historiarealbetis\/files\/2016\/12\/19331210AS.jpg?resize=768%2C1079&amp;ssl=1 768w, https:\/\/i0.wp.com\/www.manquepierda.com\/historiarealbetis\/files\/2016\/12\/19331210AS.jpg?w=1122&amp;ssl=1 1122w\" sizes=\"auto, (max-width: 498px) 100vw, 498px\" \/><\/p>\n<p style=\"padding-left: 30px;text-align: left\"><strong>10-Interior Zurdo (2 GOLES).-Sim\u00f3n LECUE Andrade (21 a\u00f1os+10 meses menos 1 d\u00eda)-Natural de Arrigorriaga (Vizcaya), domingo 11 Febrero de 1912.-Obituario en Madrid, lunes 27 Febrero de 1984 (72 A\u00f1os+16 d\u00edas) D. E. P.<\/strong><\/p>\n<p style=\"text-align: center\"><img data-recalc-dims=\"1\" loading=\"lazy\" decoding=\"async\" class=\"aligncenter size-thumbnail wp-image-55606\" src=\"https:\/\/i0.wp.com\/www.manquepierda.com\/historiarealbetis\/files\/2016\/12\/Manuel-FERN%C3%81NDEZ-Manol%C3%ADn-01.jpg?resize=157%2C220&#038;ssl=1\" alt=\"\" width=\"157\" height=\"220\" srcset=\"https:\/\/i0.wp.com\/www.manquepierda.com\/historiarealbetis\/files\/2016\/12\/Manuel-FERN%C3%81NDEZ-Manol%C3%ADn-01.jpg?resize=157%2C220&amp;ssl=1 157w, https:\/\/i0.wp.com\/www.manquepierda.com\/historiarealbetis\/files\/2016\/12\/Manuel-FERN%C3%81NDEZ-Manol%C3%ADn-01.jpg?w=332&amp;ssl=1 332w\" sizes=\"auto, (max-width: 157px) 100vw, 157px\" \/><\/p>\n<p style=\"text-align: left\"><strong>11-Extremo Zurdo.-Manuel Fern\u00e1ndez (a) \u00abMANOL\u00cdN\u00bb.<\/strong><\/p>\n<p style=\"text-align: center\">Vs.<\/p>\n<figure id=\"attachment_55609\" aria-describedby=\"caption-attachment-55609\" style=\"width: 220px\" class=\"wp-caption aligncenter\"><img data-recalc-dims=\"1\" loading=\"lazy\" decoding=\"async\" class=\"size-full wp-image-55609\" src=\"https:\/\/i0.wp.com\/www.manquepierda.com\/historiarealbetis\/files\/2016\/12\/arenas-getxo-220x220.gif.png?resize=220%2C220&#038;ssl=1\" alt=\"\" width=\"220\" height=\"220\"><figcaption id=\"caption-attachment-55609\" class=\"wp-caption-text\">ARENAS CLUB DE GETXO-0 Tantos.<\/figcaption><\/figure>\n<p style=\"text-align: center\"><img data-recalc-dims=\"1\" loading=\"lazy\" decoding=\"async\" class=\"aligncenter size-large wp-image-55616\" src=\"https:\/\/i0.wp.com\/www.manquepierda.com\/historiarealbetis\/files\/2016\/12\/19331210MundoGr%C3%A1fico.jpg?resize=960%2C682&#038;ssl=1\" alt=\"\" width=\"960\" height=\"682\" srcset=\"https:\/\/i0.wp.com\/www.manquepierda.com\/historiarealbetis\/files\/2016\/12\/19331210MundoGr%C3%A1fico.jpg?resize=960%2C682&amp;ssl=1 960w, https:\/\/i0.wp.com\/www.manquepierda.com\/historiarealbetis\/files\/2016\/12\/19331210MundoGr%C3%A1fico.jpg?resize=220%2C156&amp;ssl=1 220w, https:\/\/i0.wp.com\/www.manquepierda.com\/historiarealbetis\/files\/2016\/12\/19331210MundoGr%C3%A1fico.jpg?resize=680%2C483&amp;ssl=1 680w, https:\/\/i0.wp.com\/www.manquepierda.com\/historiarealbetis\/files\/2016\/12\/19331210MundoGr%C3%A1fico.jpg?resize=768%2C545&amp;ssl=1 768w, https:\/\/i0.wp.com\/www.manquepierda.com\/historiarealbetis\/files\/2016\/12\/19331210MundoGr%C3%A1fico.jpg?w=1193&amp;ssl=1 1193w\" sizes=\"auto, (max-width: 960px) 100vw, 960px\" \/><\/p>\n<p style=\"text-align: left\"><em>\u00abSEVILLA.-ES EL CAMPO DEL PATRONATO, EL BETIS HIZO UN SOBERBIO PARTIDO, VENCIENDO AL ARENAS POR 2 GOALS A CERO. EN ESTA JUGADA, LA MALA SALIDA DEL GUARDAMETA ARENERO FACILITA EL SEGUNDO TANTO DE LOS B\u00c9TICOS\u00bb.-<\/em>Foto SERRANO-Revista Popular Ilustrada \u00abMundo Gr\u00e1fico\u00bb N\u00ba 1154-Madrid, mi\u00e9rcoles 19331216.<\/p>\n<p style=\"padding-left: 30px;text-align: left\"><strong>8\u00ba CLASIFICADO CON 5 PUNTOS (2-ganados+1-empatado+3-perdidos) 10-14 TANTOS FAVOR-CONTRA.<\/strong><\/p>\n<p style=\"padding-left: 30px;text-align: left\"><img data-recalc-dims=\"1\" loading=\"lazy\" decoding=\"async\" class=\"alignleft size-full wp-image-55610\" src=\"https:\/\/i0.wp.com\/www.manquepierda.com\/historiarealbetis\/files\/2016\/12\/Jose_Planas-171x220.jpg?resize=171%2C220&#038;ssl=1\" alt=\"\" width=\"171\" height=\"220\"><\/p>\n<p style=\"text-align: left\">&nbsp;Entrenador Jos\u00e9 PLANAS Art\u00e9s (32 a\u00f1os+8 meses menos 4 d\u00edas)-Natural de Barcelona, domingo 14 Abril de 1901.<\/p>\n<p style=\"text-align: center\"><img data-recalc-dims=\"1\" loading=\"lazy\" decoding=\"async\" class=\"aligncenter size-full wp-image-55611\" src=\"https:\/\/i0.wp.com\/www.manquepierda.com\/historiarealbetis\/files\/2016\/12\/REA.jpg?resize=72%2C89&#038;ssl=1\" alt=\"\" width=\"72\" height=\"89\"><\/p>\n<p style=\"text-align: left\">1-<strong>(2 goles encajados)<\/strong>.-Rafael EGUSQUIZA Aurrekoetxea (21 a\u00f1os+10 meses menos 5 d\u00edas)-Natural de Erandio (Vizcaya), lunes 5 Febrero de 1912.<\/p>\n<p style=\"text-align: left;padding-left: 30px\">2-Francisco EGUSQUIAGUIRRE Ulacia.-3-Roman ARRIETA Llona; 4-Santos ALONSO Larraz\u00e1bal.-5-Mart\u00edn CALVO Labarga.-6-Emilio P\u00c9REZ Fern\u00e1ndez; 7-TE\u00d3FILO Julio Fern\u00e1ndez Gracia.-8-Javier RIVERO Ugarte.-9-Jos\u00e9 Mar\u00eda YERMO Solaegui.-10-Antonio BARRIOS Seoane.-11-Pedro URQUIZA Aristi.<\/p>\n","protected":false},"excerpt":{"rendered":"<p>VI EDICI\u00d3N CAMPEONATO NACIONAL LIGA PRIMERA DIVISI\u00d3N TEMPORADA 1933-1934 DESDE DOMINGO 5 NOVIEMBRE DE 1933 HASTA DOMINGO 4 MARZO DE 1934.-AMBAS FECHAS INCLUSIVE. RECORTE DE PRENSA.-\u00abEL NOTICIERO GADITANO\u00bb-C\u00e1diz 19331212Martes-\u00abM\u00e1s all\u00e1 de la provincia: Tel\u00e9fono, Radio, Correos\u00bb RECORTES PRENSA-ABC-SEVILLA-9 (s\u00e1bado)+10 (domingo)+12 (martes) Diciembre de 1933. 1934-DICIEMBRE 10-DOMINGO-BARRIO DE \u00abEL PORVENIR\u00bb-CAMPO MUNICIPAL DE DEPORTES \u00abPATRONATO OBRERO\u00bb-SEXTA JORNADA.-\u00abExcelente&#8230;<\/p>\n","protected":false},"author":48,"featured_media":55585,"comment_status":"open","ping_status":"open","sticky":false,"template":"","format":"standard","meta":{"_kad_post_transparent":"","_kad_post_title":"","_kad_post_layout":"","_kad_post_sidebar_id":"","_kad_post_content_style":"","_kad_post_vertical_padding":"","_kad_post_feature":"","_kad_post_feature_position":"","_kad_post_header":false,"_kad_post_footer":false,"_kad_post_classname":"","_jetpack_memberships_contains_paid_content":false,"footnotes":"","jetpack_publicize_message":"","jetpack_publicize_feature_enabled":true,"jetpack_social_post_already_shared":true,"jetpack_social_options":{"image_generator_settings":{"template":"highway","default_image_id":0,"font":"","enabled":false},"version":2}},"categories":[899,1],"tags":[1537,2242,11765],"class_list":["post-55580","post","type-post","status-publish","format-standard","has-post-thumbnail","hentry","category-1930-1939","category-portada","tag-1537","tag-1933-34","tag-arenas-club-de-getxo"],"jetpack_publicize_connections":[],"jetpack_featured_media_url":"https:\/\/i0.wp.com\/www.manquepierda.com\/historiarealbetis\/files\/2016\/12\/CAMPO-MUNICIPAL-DEPORTES-REAL-PATRONATO-OBRERO-1918.jpg?fit=960%2C554&ssl=1","jetpack_sharing_enabled":true,"jetpack_shortlink":"https:\/\/wp.me\/p1ij08-ess","jetpack-related-posts":[],"_links":{"self":[{"href":"https:\/\/www.manquepierda.com\/historiarealbetis\/wp-json\/wp\/v2\/posts\/55580","targetHints":{"allow":["GET"]}}],"collection":[{"href":"https:\/\/www.manquepierda.com\/historiarealbetis\/wp-json\/wp\/v2\/posts"}],"about":[{"href":"https:\/\/www.manquepierda.com\/historiarealbetis\/wp-json\/wp\/v2\/types\/post"}],"author":[{"embeddable":true,"href":"https:\/\/www.manquepierda.com\/historiarealbetis\/wp-json\/wp\/v2\/users\/48"}],"replies":[{"embeddable":true,"href":"https:\/\/www.manquepierda.com\/historiarealbetis\/wp-json\/wp\/v2\/comments?post=55580"}],"version-history":[{"count":1,"href":"https:\/\/www.manquepierda.com\/historiarealbetis\/wp-json\/wp\/v2\/posts\/55580\/revisions"}],"predecessor-version":[{"id":90207,"href":"https:\/\/www.manquepierda.com\/historiarealbetis\/wp-json\/wp\/v2\/posts\/55580\/revisions\/90207"}],"wp:featuredmedia":[{"embeddable":true,"href":"https:\/\/www.manquepierda.com\/historiarealbetis\/wp-json\/wp\/v2\/media\/55585"}],"wp:attachment":[{"href":"https:\/\/www.manquepierda.com\/historiarealbetis\/wp-json\/wp\/v2\/media?parent=55580"}],"wp:term":[{"taxonomy":"category","embeddable":true,"href":"https:\/\/www.manquepierda.com\/historiarealbetis\/wp-json\/wp\/v2\/categories?post=55580"},{"taxonomy":"post_tag","embeddable":true,"href":"https:\/\/www.manquepierda.com\/historiarealbetis\/wp-json\/wp\/v2\/tags?post=55580"}],"curies":[{"name":"wp","href":"https:\/\/api.w.org\/{rel}","templated":true}]}}