{"id":55959,"date":"2016-12-24T09:14:29","date_gmt":"2016-12-24T08:14:29","guid":{"rendered":"http:\/\/www.manquepierda.com\/historiarealbetis\/?p=55959"},"modified":"2024-08-09T15:35:48","modified_gmt":"2024-08-09T13:35:48","slug":"banquillo-del-betis-1998","status":"publish","type":"post","link":"https:\/\/www.manquepierda.com\/historiarealbetis\/banquillo-del-betis-1998\/","title":{"rendered":"El banquillo del Betis en 1998"},"content":{"rendered":"<p><a href=\"https:\/\/i0.wp.com\/www.manquepierda.com\/historiarealbetis\/files\/2016\/12\/Debut-de-Clemente-1998.jpg?ssl=1\"><img data-recalc-dims=\"1\" loading=\"lazy\" decoding=\"async\" class=\"aligncenter size-medium wp-image-55960\" src=\"https:\/\/i0.wp.com\/www.manquepierda.com\/historiarealbetis\/files\/2016\/12\/Debut-de-Clemente-1998.jpg?resize=680%2C492&#038;ssl=1\" alt=\"\" width=\"680\" height=\"492\" srcset=\"https:\/\/i0.wp.com\/www.manquepierda.com\/historiarealbetis\/files\/2016\/12\/Debut-de-Clemente-1998.jpg?resize=680%2C492&amp;ssl=1 680w, https:\/\/i0.wp.com\/www.manquepierda.com\/historiarealbetis\/files\/2016\/12\/Debut-de-Clemente-1998.jpg?resize=220%2C159&amp;ssl=1 220w, https:\/\/i0.wp.com\/www.manquepierda.com\/historiarealbetis\/files\/2016\/12\/Debut-de-Clemente-1998.jpg?w=704&amp;ssl=1 704w\" sizes=\"auto, (max-width: 680px) 100vw, 680px\" \/><\/a><\/p>\n<p>El banquillo b\u00e9tico en la tarde del 31 de octubre de 1998, el d\u00eda en que Javier Clemente debut\u00f3 al frente del Real Betis Balompi\u00e9 con victoria por 1 a 0 frente a la UD Salamanca.<\/p>\n<p>Le acompa\u00f1an Jos\u00e9 G\u00e1lvez, Benjam\u00edn Zarandona, Juan Antonio Ure\u00f1a, Iv\u00e1n P\u00e9rez y Joaqu\u00edn Valerio.<\/p>\n<p>Javier Clemente se estrenaba en el puesto despu\u00e9s del cese de Vicente Cantatore, con el equipo en la \u00faltima posici\u00f3n de la tabla clasificatoria.<\/p>\n","protected":false},"excerpt":{"rendered":"<p>El banquillo b\u00e9tico en la tarde del 31 de octubre de 1998, el d\u00eda en que Javier Clemente debut\u00f3 al frente del Real Betis Balompi\u00e9 con victoria por 1 a 0 frente a la UD Salamanca. Le acompa\u00f1an Jos\u00e9 G\u00e1lvez, Benjam\u00edn Zarandona, Juan Antonio Ure\u00f1a, Iv\u00e1n P\u00e9rez y Joaqu\u00edn Valerio. Javier Clemente se estrenaba en&#8230;<\/p>\n","protected":false},"author":5,"featured_media":55960,"comment_status":"open","ping_status":"open","sticky":false,"template":"","format":"standard","meta":{"_kad_post_transparent":"","_kad_post_title":"","_kad_post_layout":"","_kad_post_sidebar_id":"","_kad_post_content_style":"","_kad_post_vertical_padding":"","_kad_post_feature":"","_kad_post_feature_position":"","_kad_post_header":false,"_kad_post_footer":false,"_kad_post_classname":"","_jetpack_memberships_contains_paid_content":false,"footnotes":"","jetpack_publicize_message":"","jetpack_publicize_feature_enabled":true,"jetpack_social_post_already_shared":true,"jetpack_social_options":{"image_generator_settings":{"template":"highway","default_image_id":0,"font":"","enabled":false},"version":2}},"categories":[905,1],"tags":[2413,2414,1121,2424,1377,1389,3278,15494,17812],"class_list":["post-55959","post","type-post","status-publish","format-standard","has-post-thumbnail","hentry","category-1990-1999","category-portada","tag-2413","tag-1998-99","tag-benjamin-zarandona","tag-ivan-perez","tag-javier-clemente","tag-joaquin-valerio","tag-jose-galvez","tag-juan-antonio-urena","tag-liga-primera-1998-99"],"jetpack_publicize_connections":[],"jetpack_featured_media_url":"https:\/\/i0.wp.com\/www.manquepierda.com\/historiarealbetis\/files\/2016\/12\/Debut-de-Clemente-1998.jpg?fit=704%2C509&ssl=1","jetpack_sharing_enabled":true,"jetpack_shortlink":"https:\/\/wp.me\/p1ij08-eyz","jetpack-related-posts":[],"_links":{"self":[{"href":"https:\/\/www.manquepierda.com\/historiarealbetis\/wp-json\/wp\/v2\/posts\/55959","targetHints":{"allow":["GET"]}}],"collection":[{"href":"https:\/\/www.manquepierda.com\/historiarealbetis\/wp-json\/wp\/v2\/posts"}],"about":[{"href":"https:\/\/www.manquepierda.com\/historiarealbetis\/wp-json\/wp\/v2\/types\/post"}],"author":[{"embeddable":true,"href":"https:\/\/www.manquepierda.com\/historiarealbetis\/wp-json\/wp\/v2\/users\/5"}],"replies":[{"embeddable":true,"href":"https:\/\/www.manquepierda.com\/historiarealbetis\/wp-json\/wp\/v2\/comments?post=55959"}],"version-history":[{"count":1,"href":"https:\/\/www.manquepierda.com\/historiarealbetis\/wp-json\/wp\/v2\/posts\/55959\/revisions"}],"predecessor-version":[{"id":95747,"href":"https:\/\/www.manquepierda.com\/historiarealbetis\/wp-json\/wp\/v2\/posts\/55959\/revisions\/95747"}],"wp:featuredmedia":[{"embeddable":true,"href":"https:\/\/www.manquepierda.com\/historiarealbetis\/wp-json\/wp\/v2\/media\/55960"}],"wp:attachment":[{"href":"https:\/\/www.manquepierda.com\/historiarealbetis\/wp-json\/wp\/v2\/media?parent=55959"}],"wp:term":[{"taxonomy":"category","embeddable":true,"href":"https:\/\/www.manquepierda.com\/historiarealbetis\/wp-json\/wp\/v2\/categories?post=55959"},{"taxonomy":"post_tag","embeddable":true,"href":"https:\/\/www.manquepierda.com\/historiarealbetis\/wp-json\/wp\/v2\/tags?post=55959"}],"curies":[{"name":"wp","href":"https:\/\/api.w.org\/{rel}","templated":true}]}}