{"id":55994,"date":"2016-12-30T08:32:38","date_gmt":"2016-12-30T07:32:38","guid":{"rendered":"http:\/\/www.manquepierda.com\/historiarealbetis\/?p=55994"},"modified":"2024-08-27T22:13:31","modified_gmt":"2024-08-27T20:13:31","slug":"betis-balompedica-linense-campeonato-andalucia-1927","status":"publish","type":"post","link":"https:\/\/www.manquepierda.com\/historiarealbetis\/betis-balompedica-linense-campeonato-andalucia-1927\/","title":{"rendered":"Betis-Balomp\u00e9dica Linense Campeonato Andaluc\u00eda 1927"},"content":{"rendered":"<figure id=\"attachment_55995\" aria-describedby=\"caption-attachment-55995\" style=\"width: 680px\" class=\"wp-caption aligncenter\"><a href=\"https:\/\/i0.wp.com\/www.manquepierda.com\/historiarealbetis\/files\/2016\/12\/Betis-Balona-Campeonato-Andaluc%C3%ADa-1927-El-Liberal-29-11-1927.jpg?ssl=1\"><img data-recalc-dims=\"1\" loading=\"lazy\" decoding=\"async\" class=\"size-medium wp-image-55995\" src=\"https:\/\/i0.wp.com\/www.manquepierda.com\/historiarealbetis\/files\/2016\/12\/Betis-Balona-Campeonato-Andaluc%C3%ADa-1927-El-Liberal-29-11-1927.jpg?resize=680%2C561&#038;ssl=1\" alt=\"\" width=\"680\" height=\"561\" srcset=\"https:\/\/i0.wp.com\/www.manquepierda.com\/historiarealbetis\/files\/2016\/12\/Betis-Balona-Campeonato-Andaluc%C3%ADa-1927-El-Liberal-29-11-1927.jpg?resize=680%2C561&amp;ssl=1 680w, https:\/\/i0.wp.com\/www.manquepierda.com\/historiarealbetis\/files\/2016\/12\/Betis-Balona-Campeonato-Andaluc%C3%ADa-1927-El-Liberal-29-11-1927.jpg?resize=220%2C181&amp;ssl=1 220w, https:\/\/i0.wp.com\/www.manquepierda.com\/historiarealbetis\/files\/2016\/12\/Betis-Balona-Campeonato-Andaluc%C3%ADa-1927-El-Liberal-29-11-1927.jpg?resize=768%2C633&amp;ssl=1 768w, https:\/\/i0.wp.com\/www.manquepierda.com\/historiarealbetis\/files\/2016\/12\/Betis-Balona-Campeonato-Andaluc%C3%ADa-1927-El-Liberal-29-11-1927.jpg?w=827&amp;ssl=1 827w\" sizes=\"auto, (max-width: 680px) 100vw, 680px\" \/><\/a><figcaption id=\"caption-attachment-55995\" class=\"wp-caption-text\">Fuente: El Liberal 28 de noviembre de 1927<\/figcaption><\/figure>\n<p>27 de noviembre de 1927 en el Patronato \u00a0Betis \u00a04 \u00a0 Balomp\u00e9dica Linense 1; jornada 1 del Campeonato de Andaluc\u00eda.<\/p>\n<p>En la imagen el capit\u00e1n de la Balomp\u00e9dica Linense, el \u00e1rbitro Royos del colegio valenciano, y el capit\u00e1n b\u00e9tico Andr\u00e9s Aranda.<\/p>\n<p>Romero, Enrique, Le\u00f3n y Ag\u00fcita fueron los autores de los tantos b\u00e9ticos en la victoria con que se inici\u00f3 el Campeonato de Andaluc\u00eda de la temporada 1927-28.<\/p>\n<p>C\u00e9sar Miguel de los Reyes entrenaba al Betis.<\/p>\n","protected":false},"excerpt":{"rendered":"<p>27 de noviembre de 1927 en el Patronato \u00a0Betis \u00a04 \u00a0 Balomp\u00e9dica Linense 1; jornada 1 del Campeonato de Andaluc\u00eda. En la imagen el capit\u00e1n de la Balomp\u00e9dica Linense, el \u00e1rbitro Royos del colegio valenciano, y el capit\u00e1n b\u00e9tico Andr\u00e9s Aranda. Romero, Enrique, Le\u00f3n y Ag\u00fcita fueron los autores de los tantos b\u00e9ticos en la&#8230;<\/p>\n","protected":false},"author":5,"featured_media":55995,"comment_status":"open","ping_status":"open","sticky":false,"template":"","format":"standard","meta":{"_kad_post_transparent":"","_kad_post_title":"","_kad_post_layout":"","_kad_post_sidebar_id":"","_kad_post_content_style":"","_kad_post_vertical_padding":"","_kad_post_feature":"","_kad_post_feature_position":"","_kad_post_header":false,"_kad_post_footer":false,"_kad_post_classname":"","_jetpack_memberships_contains_paid_content":false,"footnotes":"","jetpack_publicize_message":"","jetpack_publicize_feature_enabled":true,"jetpack_social_post_already_shared":true,"jetpack_social_options":{"image_generator_settings":{"template":"highway","default_image_id":0,"font":"","enabled":false},"version":2}},"categories":[898,1],"tags":[1326,2576,106,17770,15101],"class_list":["post-55994","post","type-post","status-publish","format-standard","has-post-thumbnail","hentry","category-1920-1929","category-portada","tag-1326","tag-1927-28","tag-andres-aranda","tag-campeonato-de-andalucia-1927-28","tag-real-balompedica-linense"],"jetpack_publicize_connections":[],"jetpack_featured_media_url":"https:\/\/i0.wp.com\/www.manquepierda.com\/historiarealbetis\/files\/2016\/12\/Betis-Balona-Campeonato-Andaluc%C3%ADa-1927-El-Liberal-29-11-1927.jpg?fit=827%2C682&ssl=1","jetpack_sharing_enabled":true,"jetpack_shortlink":"https:\/\/wp.me\/p1ij08-ez8","jetpack-related-posts":[],"_links":{"self":[{"href":"https:\/\/www.manquepierda.com\/historiarealbetis\/wp-json\/wp\/v2\/posts\/55994","targetHints":{"allow":["GET"]}}],"collection":[{"href":"https:\/\/www.manquepierda.com\/historiarealbetis\/wp-json\/wp\/v2\/posts"}],"about":[{"href":"https:\/\/www.manquepierda.com\/historiarealbetis\/wp-json\/wp\/v2\/types\/post"}],"author":[{"embeddable":true,"href":"https:\/\/www.manquepierda.com\/historiarealbetis\/wp-json\/wp\/v2\/users\/5"}],"replies":[{"embeddable":true,"href":"https:\/\/www.manquepierda.com\/historiarealbetis\/wp-json\/wp\/v2\/comments?post=55994"}],"version-history":[{"count":1,"href":"https:\/\/www.manquepierda.com\/historiarealbetis\/wp-json\/wp\/v2\/posts\/55994\/revisions"}],"predecessor-version":[{"id":97960,"href":"https:\/\/www.manquepierda.com\/historiarealbetis\/wp-json\/wp\/v2\/posts\/55994\/revisions\/97960"}],"wp:featuredmedia":[{"embeddable":true,"href":"https:\/\/www.manquepierda.com\/historiarealbetis\/wp-json\/wp\/v2\/media\/55995"}],"wp:attachment":[{"href":"https:\/\/www.manquepierda.com\/historiarealbetis\/wp-json\/wp\/v2\/media?parent=55994"}],"wp:term":[{"taxonomy":"category","embeddable":true,"href":"https:\/\/www.manquepierda.com\/historiarealbetis\/wp-json\/wp\/v2\/categories?post=55994"},{"taxonomy":"post_tag","embeddable":true,"href":"https:\/\/www.manquepierda.com\/historiarealbetis\/wp-json\/wp\/v2\/tags?post=55994"}],"curies":[{"name":"wp","href":"https:\/\/api.w.org\/{rel}","templated":true}]}}