{"id":56040,"date":"2016-12-20T12:22:03","date_gmt":"2016-12-20T11:22:03","guid":{"rendered":"http:\/\/www.manquepierda.com\/historiarealbetis\/?p=56040"},"modified":"2024-08-23T17:24:30","modified_gmt":"2024-08-23T15:24:30","slug":"1931-diciembre-20-segunda-sevilla-fbc-2-betis-balompie-3-85aniversario","status":"publish","type":"post","link":"https:\/\/www.manquepierda.com\/historiarealbetis\/1931-diciembre-20-segunda-sevilla-fbc-2-betis-balompie-3-85aniversario\/","title":{"rendered":"1931-Diciembre 20-Segunda.-Sevilla FbC-2 Betis Balompi\u00e9-3.-85Aniversario."},"content":{"rendered":"<p style=\"text-align: left\">IV DIVISI\u00d3N-CAMPEONATO NACIONAL LIGA SEGUNDA DIVISI\u00d3N-TEMPORADA 1931-1932 DESDE DOMINGO 22 NOVIEMBRE DE 1931 HASTA DOMINGO 3 ABRIL DE 1932.-AMBAS FECHAS INCLUSIVE.<\/p>\n<p style=\"text-align: center\"><img data-recalc-dims=\"1\" loading=\"lazy\" decoding=\"async\" class=\"aligncenter size-medium wp-image-56041\" src=\"https:\/\/i0.wp.com\/www.manquepierda.com\/historiarealbetis\/files\/2016\/12\/19311219ABCse1.jpg?resize=548%2C600&#038;ssl=1\" alt=\"\" width=\"548\" height=\"600\" srcset=\"https:\/\/i0.wp.com\/www.manquepierda.com\/historiarealbetis\/files\/2016\/12\/19311219ABCse1.jpg?resize=548%2C600&amp;ssl=1 548w, https:\/\/i0.wp.com\/www.manquepierda.com\/historiarealbetis\/files\/2016\/12\/19311219ABCse1.jpg?resize=201%2C220&amp;ssl=1 201w, https:\/\/i0.wp.com\/www.manquepierda.com\/historiarealbetis\/files\/2016\/12\/19311219ABCse1.jpg?resize=639%2C700&amp;ssl=1 639w, https:\/\/i0.wp.com\/www.manquepierda.com\/historiarealbetis\/files\/2016\/12\/19311219ABCse1.jpg?w=701&amp;ssl=1 701w\" sizes=\"auto, (max-width: 548px) 100vw, 548px\" \/><\/p>\n<p style=\"text-align: center\"><img data-recalc-dims=\"1\" loading=\"lazy\" decoding=\"async\" class=\"aligncenter size-large wp-image-56042\" src=\"https:\/\/i0.wp.com\/www.manquepierda.com\/historiarealbetis\/files\/2016\/12\/19311220ABCse2.jpg?resize=357%2C700&#038;ssl=1\" alt=\"\" width=\"357\" height=\"700\" srcset=\"https:\/\/i0.wp.com\/www.manquepierda.com\/historiarealbetis\/files\/2016\/12\/19311220ABCse2.jpg?resize=357%2C700&amp;ssl=1 357w, https:\/\/i0.wp.com\/www.manquepierda.com\/historiarealbetis\/files\/2016\/12\/19311220ABCse2.jpg?resize=112%2C220&amp;ssl=1 112w, https:\/\/i0.wp.com\/www.manquepierda.com\/historiarealbetis\/files\/2016\/12\/19311220ABCse2.jpg?resize=306%2C600&amp;ssl=1 306w, https:\/\/i0.wp.com\/www.manquepierda.com\/historiarealbetis\/files\/2016\/12\/19311220ABCse2.jpg?w=709&amp;ssl=1 709w\" sizes=\"auto, (max-width: 357px) 100vw, 357px\" \/><\/p>\n<p style=\"text-align: center\">RECORTES DE PRENSA.-ABC-SEVILLA-19 (s\u00e1bado)+20 (domingo)+22 (martes) DICIEMBRE DE 1931.<\/p>\n<p style=\"text-align: center\"><img data-recalc-dims=\"1\" loading=\"lazy\" decoding=\"async\" class=\"aligncenter size-full wp-image-56043\" src=\"https:\/\/i0.wp.com\/www.manquepierda.com\/historiarealbetis\/files\/2016\/12\/19311220AHORAmadrid.jpg?resize=718%2C1332&#038;ssl=1\" alt=\"\" width=\"718\" height=\"1332\" srcset=\"https:\/\/i0.wp.com\/www.manquepierda.com\/historiarealbetis\/files\/2016\/12\/19311220AHORAmadrid.jpg?w=718&amp;ssl=1 718w, https:\/\/i0.wp.com\/www.manquepierda.com\/historiarealbetis\/files\/2016\/12\/19311220AHORAmadrid.jpg?resize=119%2C220&amp;ssl=1 119w, https:\/\/i0.wp.com\/www.manquepierda.com\/historiarealbetis\/files\/2016\/12\/19311220AHORAmadrid.jpg?resize=323%2C600&amp;ssl=1 323w, https:\/\/i0.wp.com\/www.manquepierda.com\/historiarealbetis\/files\/2016\/12\/19311220AHORAmadrid.jpg?resize=377%2C700&amp;ssl=1 377w\" sizes=\"auto, (max-width: 718px) 100vw, 718px\" \/><\/p>\n<p style=\"text-align: left;padding-left: 30px\"><em><strong>\u00abSevilla.-Eizaguirre, el gran portero sevillista, bloca un gran tiro por alto en la lucha de los eternos rivales andaluces, que concluy\u00f3 con la victoria del Betis por 3-2 tantos\u00bb.<\/strong><\/em><\/p>\n<p style=\"text-align: center\">Foto Serrano-\u00abAHORA\u00bb-diario gr\u00e1fico-Madrid 19311221-Lunes.<\/p>\n<p style=\"text-align: center\"><img data-recalc-dims=\"1\" loading=\"lazy\" decoding=\"async\" class=\"aligncenter size-full wp-image-56084\" src=\"https:\/\/i0.wp.com\/www.manquepierda.com\/historiarealbetis\/files\/2016\/12\/nervion2.jpg?resize=300%2C173&#038;ssl=1\" alt=\"\" width=\"300\" height=\"173\" srcset=\"https:\/\/i0.wp.com\/www.manquepierda.com\/historiarealbetis\/files\/2016\/12\/nervion2.jpg?w=300&amp;ssl=1 300w, https:\/\/i0.wp.com\/www.manquepierda.com\/historiarealbetis\/files\/2016\/12\/nervion2.jpg?resize=220%2C127&amp;ssl=1 220w\" sizes=\"auto, (max-width: 300px) 100vw, 300px\" \/><\/p>\n<p style=\"text-align: left\"><strong>1931-DICIEMBRE 20-DOMINGO TARDE EN EL \u00abESTADIO DE NERVI\u00d3N\u00bb-TERCERA JORNADA.<\/strong><\/p>\n<p style=\"text-align: left\"><em>\u00abEl campeonato de Liga ha despertado en Sevilla m\u00e1s expectaci\u00f3n que en ning\u00fan a\u00f1o. El breve descanso de ambos equipos, que han rivalizado siempre en las contendiendas ligueras, han contribuido a la buena forma de algunos jugadores y al acoplamiento de las l\u00edneas para esta clase de encuentros tan importantes.<\/em><\/p>\n<p style=\"text-align: center\"><em>El partido Sevilla-Betis de la primera vuelta se ha celebrado en el campo del campe\u00f3n de Andaluc\u00eda. <\/em><\/p>\n<p style=\"text-align: left\"><em>Arbitra el colegiado del Sur, Lu\u00eds Medina Toledo, <strong>cuyo nombramiento no caus\u00f3 buena impresi\u00f3n al ser conocido por los aficionados. <\/strong><\/em><\/p>\n<p style=\"text-align: center\"><em>El primer tiempo se caracteriz\u00f3 por un nerviosismo extraordinario, que hace imposible el remate de jugadas.<\/em><\/p>\n<p style=\"text-align: left\"><em>Tras el 1-0, <strong>el Betis Balompi\u00e9 sigue emple\u00e1ndose a fondo y logra inquietar la meta sevillista.<\/strong><\/em><\/p>\n<p style=\"text-align: left\"><em>Despu\u00e9s del 1-1, ocurren varios incidentes entre el p\u00fablico, y uno de ellos origina la suspensi\u00f3n temporal del juego por saltar al terreno varios espectadores, que pretenden agredir a los jugadores blancos.<\/em><\/p>\n<p style=\"text-align: left\"><em>Con el empate a un tanto termina la primera fase.<\/em><\/p>\n<p style=\"text-align: left\"><em><strong>Tras el descanso reglamentario, el segundo tiempo es de mayor dominio del Betis Balompi\u00e9. La l\u00ednea media b\u00e9tica se impone a la defensa sevillista y desborda por ambas alas con frecuencia.<\/strong><\/em><\/p>\n<p style=\"text-align: center\"><img data-recalc-dims=\"1\" loading=\"lazy\" decoding=\"async\" class=\"aligncenter size-medium wp-image-56073\" src=\"https:\/\/i0.wp.com\/www.manquepierda.com\/historiarealbetis\/files\/2016\/12\/AHORA19311221.jpg?resize=680%2C537&#038;ssl=1\" alt=\"\" width=\"680\" height=\"537\" srcset=\"https:\/\/i0.wp.com\/www.manquepierda.com\/historiarealbetis\/files\/2016\/12\/AHORA19311221.jpg?resize=680%2C537&amp;ssl=1 680w, https:\/\/i0.wp.com\/www.manquepierda.com\/historiarealbetis\/files\/2016\/12\/AHORA19311221.jpg?resize=220%2C174&amp;ssl=1 220w, https:\/\/i0.wp.com\/www.manquepierda.com\/historiarealbetis\/files\/2016\/12\/AHORA19311221.jpg?resize=768%2C607&amp;ssl=1 768w, https:\/\/i0.wp.com\/www.manquepierda.com\/historiarealbetis\/files\/2016\/12\/AHORA19311221.jpg?resize=886%2C700&amp;ssl=1 886w, https:\/\/i0.wp.com\/www.manquepierda.com\/historiarealbetis\/files\/2016\/12\/AHORA19311221.jpg?w=1446&amp;ssl=1 1446w\" sizes=\"auto, (max-width: 680px) 100vw, 680px\" \/><\/p>\n<p style=\"text-align: left\">Fuente.-Diario gr\u00e1fico \u00abAHORA\u00bb-Madrid-19311221-Lunes.-Fot\u00f3grafo GONSANHI.-pvp 30 c\u00e9ntimos de peseta 1931.<\/p>\n<p style=\"text-align: left;padding-left: 30px\"><span style=\"color: #008000\"><em><strong>A partir del 1-2, el juego se endurece; el p\u00fablico est\u00e1 \u00abnerviosillo\u00bb, y algunos arrojan piedras; una da en la cabeza de \u00abPERAL\u00bb, que tiene que ser retirado del terreno de juego.<\/strong><\/em><\/span><\/p>\n<p style=\"text-align: left\"><span style=\"color: #333333\"><strong><em>El \u00e1rbitro Lu\u00eds Medina Toledo contribuye bastante con su parcialidad a que los \u00e1nimos se exciten.<\/em><\/strong><\/span><\/p>\n<p style=\"text-align: left\"><span style=\"color: #008000\"><em><strong>Tras el 2-3 produjo un efecto indescriptible. <\/strong><\/em><span style=\"color: #333333\"><strong>Cuatro minutos despu\u00e9s Medina Toledo pita el final del derbi con la victoria del Betis Balompi\u00e9\u00bb.<\/strong><\/span><\/span><\/p>\n<p style=\"text-align: center\"><em><strong>Los equipos se alinearon as\u00ed:<\/strong><\/em><\/p>\n<p style=\"text-align: left;padding-left: 30px\">Desde domingo 14-VI-1925 hasta martes 16-II-1932, presidente don Juan Nepomuceno Dom\u00ednguez Osborne, III <img data-recalc-dims=\"1\" loading=\"lazy\" decoding=\"async\" class=\"alignright size-full wp-image-56045\" src=\"https:\/\/i0.wp.com\/www.manquepierda.com\/historiarealbetis\/files\/2016\/12\/JNDO-1.jpeg?resize=69%2C101&#038;ssl=1\" alt=\"\" width=\"69\" height=\"101\" \/>Bar\u00f3n de Gracia Real (45 a\u00f1os+7 d\u00edas)-Natural de Sevilla, lunes 27 Diciembre de 1886.-Secretar\u00eda calle de las Sierpes n\u00ba 89.<\/p>\n<p style=\"text-align: left\"><img data-recalc-dims=\"1\" loading=\"lazy\" decoding=\"async\" class=\"alignleft size-full wp-image-56046\" src=\"https:\/\/i0.wp.com\/www.manquepierda.com\/historiarealbetis\/files\/2016\/12\/Jos%C3%A9-QUIRANTE-Pineda-02.jpg?resize=86%2C103&#038;ssl=1\" alt=\"\" width=\"86\" height=\"103\" \/>1931-1932.-Entrenador Jos\u00e9 Quirante Pineda (48 a\u00f1os+7 meses+10 d\u00edas)-Natural de Cox (Alicante), jueves 10 Mayo de 1883.<\/p>\n<figure id=\"attachment_56047\" aria-describedby=\"caption-attachment-56047\" style=\"width: 200px\" class=\"wp-caption aligncenter\"><img data-recalc-dims=\"1\" loading=\"lazy\" decoding=\"async\" class=\"size-thumbnail wp-image-56047\" src=\"https:\/\/i0.wp.com\/www.manquepierda.com\/historiarealbetis\/files\/2016\/12\/sfBc1926.jpg?resize=200%2C220&#038;ssl=1\" alt=\"\" width=\"200\" height=\"220\" srcset=\"https:\/\/i0.wp.com\/www.manquepierda.com\/historiarealbetis\/files\/2016\/12\/sfBc1926.jpg?resize=200%2C220&amp;ssl=1 200w, https:\/\/i0.wp.com\/www.manquepierda.com\/historiarealbetis\/files\/2016\/12\/sfBc1926.jpg?w=445&amp;ssl=1 445w\" sizes=\"auto, (max-width: 200px) 100vw, 200px\" \/><figcaption id=\"caption-attachment-56047\" class=\"wp-caption-text\">SEVILLA FbC-2 TANTOS.<\/figcaption><\/figure>\n<p style=\"text-align: left\"><strong>6\u00ba CLASIFICADO CON 2 PUNTOS (1-ganado+0-empatado+2-perdidos) 6-5 TANTOS FAVOR-CONTRA.<\/strong><\/p>\n<p style=\"text-align: center\"><span style=\"color: #333333\"><em><strong>\u00abPor el Sevilla, destac\u00f3 la defensa y Ventolr\u00e1. Abad el peor de los veintid\u00f3s\u00bb.<\/strong><\/em><\/span><\/p>\n<p style=\"text-align: left\"><img data-recalc-dims=\"1\" loading=\"lazy\" decoding=\"async\" class=\"aligncenter size-thumbnail wp-image-56071\" src=\"https:\/\/i0.wp.com\/www.manquepierda.com\/historiarealbetis\/files\/2016\/12\/Eizaguirre-1-143x220-1-143x220.jpg?resize=143%2C220&#038;ssl=1\" alt=\"\" width=\"143\" height=\"220\" \/><\/p>\n<p style=\"text-align: left\">1-<strong>(3 goles encajados)<\/strong>.-Guillermo EIZAGUIRRE Olmos (22 a\u00f1os+7 meses menos 7 d\u00edas)-Natural de Sevilla, jueves 27 Mayo de 1909.<\/p>\n<p style=\"text-align: left\">2-Antonio MOR\u00c1N Solares.-3-Manuel IGLESIAS Garc\u00eda.<\/p>\n<p>4-Antonio REY Alem\u00e1n.-5-Jos\u00e9 ABAD Carrasco.-6-Fernando ARROYO.<\/p>\n<p>7-Mart\u00edn VENTOLR\u00c1 Fort.-8-Jos\u00e9 RAMOS Cerd\u00e1n.<\/p>\n<p style=\"text-align: center\"><img data-recalc-dims=\"1\" loading=\"lazy\" decoding=\"async\" class=\"aligncenter size-thumbnail wp-image-56075\" src=\"https:\/\/i0.wp.com\/www.manquepierda.com\/historiarealbetis\/files\/2016\/12\/Campanal-I.jpg?resize=166%2C220&#038;ssl=1\" alt=\"\" width=\"166\" height=\"220\" srcset=\"https:\/\/i0.wp.com\/www.manquepierda.com\/historiarealbetis\/files\/2016\/12\/Campanal-I.jpg?resize=166%2C220&amp;ssl=1 166w, https:\/\/i0.wp.com\/www.manquepierda.com\/historiarealbetis\/files\/2016\/12\/Campanal-I.jpg?w=376&amp;ssl=1 376w\" sizes=\"auto, (max-width: 166px) 100vw, 166px\" \/><\/p>\n<p style=\"text-align: left;padding-left: 30px\"><span style=\"color: #333333\"><em><strong>*2-2.-65 minutos.-\u00abDe resultas de una falta injustificada cerca del \u00e1rea. Guillermo Gonz\u00e1lez marca entrando el esf\u00e9rico por un \u00e1ngulo de la porter\u00eda defendida por el cancerbero Jes\u00fas*<\/strong><\/em><\/span><\/p>\n<p style=\"text-align: left\">9-Guillermo Gonz\u00e1lez Del R\u00edo Garc\u00eda (a) \u00abCAMPANAL I\u00bb (19 a\u00f1os+10 meses+11 d\u00edas)-Natural de Avil\u00e9s (Asturias), viernes 9 Febrero de 1912.<\/p>\n<p style=\"text-align: center\"><img data-recalc-dims=\"1\" loading=\"lazy\" decoding=\"async\" class=\"aligncenter size-full wp-image-56072\" src=\"https:\/\/i0.wp.com\/www.manquepierda.com\/historiarealbetis\/files\/2016\/12\/Bracero.jpg?resize=86%2C103&#038;ssl=1\" alt=\"\" width=\"86\" height=\"103\" \/><\/p>\n<p style=\"text-align: left;padding-left: 30px\"><em><strong>*1-0.-\u00abA los pocos minutos de iniciarse, en un avance de su l\u00ednea, env\u00eda el bal\u00f3n a las mallas un \u00abgoal\u00bb de sorpresa, que entusiasma a los partidarios del equipo blanco*<\/strong><\/em><\/p>\n<p>10-Adolfo BRACERO Garc\u00eda (22 a\u00f1os+2 meses menos 2 d\u00edas)-Natural de Huelva, viernes 22 Octubre de 1909.<\/p>\n<p>11-Jos\u00e9 Gonz\u00e1lez BRAND.<\/p>\n<p style=\"text-align: center\"><strong><span style=\"color: #008000\">VS.<\/span><\/strong><\/p>\n<p style=\"text-align: left\"><span style=\"color: #008000\"><em><strong>XXV Presidente Betis Balompi\u00e9-Temporada 1931-1932, don Jos\u00e9 Ignacio MANTEC\u00d3N NAVASAL (29 a\u00f1os+3 <img data-recalc-dims=\"1\" loading=\"lazy\" decoding=\"async\" class=\"alignright size-full wp-image-56048\" src=\"https:\/\/i0.wp.com\/www.manquepierda.com\/historiarealbetis\/files\/2016\/12\/Jos%C3%A9-Ignacio-MANTEC%C3%93N-NAVASAL-1.jpg?resize=161%2C202&#038;ssl=1\" alt=\"\" width=\"161\" height=\"202\" \/>meses menos 6 d\u00edas)-Natural de Zaragoza, viernes 26 Septiembre de 1902.-Oficial 3\u00ba del Cuerpo Facultativo de Archiveros, Bibliotecarios y Arque\u00f3logos de Espa\u00f1a, que desde Septiembre-1926 es destinado al Archivo General de Indias-Sevilla.-Obituario en M\u00e9xico&#8211;Distrito Federal&#8211;domingo 20 Junio de 1982 (79 A\u00f1os+9 meses menos 6 d\u00edas) D. E. P.<\/strong><\/em><\/span><\/p>\n<figure id=\"attachment_56049\" aria-describedby=\"caption-attachment-56049\" style=\"width: 154px\" class=\"wp-caption aligncenter\"><img data-recalc-dims=\"1\" loading=\"lazy\" decoding=\"async\" class=\"size-thumbnail wp-image-56049\" src=\"https:\/\/i0.wp.com\/www.manquepierda.com\/historiarealbetis\/files\/2016\/12\/EAIA1931.jpg?resize=154%2C220&#038;ssl=1\" alt=\"\" width=\"154\" height=\"220\" srcset=\"https:\/\/i0.wp.com\/www.manquepierda.com\/historiarealbetis\/files\/2016\/12\/EAIA1931.jpg?resize=154%2C220&amp;ssl=1 154w, https:\/\/i0.wp.com\/www.manquepierda.com\/historiarealbetis\/files\/2016\/12\/EAIA1931.jpg?w=355&amp;ssl=1 355w\" sizes=\"auto, (max-width: 154px) 100vw, 154px\" \/><figcaption id=\"caption-attachment-56049\" class=\"wp-caption-text\"><span style=\"color: #008000\">Enrique A\u00d1INO Ilzarbe de Andueza.-Vocal Segundo-JD Presidente Mantec\u00f3n.<\/span><\/figcaption><\/figure>\n<p><span style=\"color: #008000\"><em><strong>Enrique A\u00d1INO Ilzarbe de Andueza (39 a\u00f1os+5 meses)-Natural de Sevilla, viernes 20 Mayo de 1892.-\u00cddem, jueves 17 Septiembre de 1981 (89 A\u00f1os+4 meses menos 3 d\u00edas) D. E. P.<\/strong><\/em><\/span><span style=\"color: #008000\"><strong>SECRETAR\u00cdA CALLE O&#8217;DONNELL N\u00ba 7-2\u00ba PISO.-E\/E.<\/strong><\/span><span style=\"color: #008000\"><strong><img data-recalc-dims=\"1\" loading=\"lazy\" decoding=\"async\" class=\"alignleft size-thumbnail wp-image-56050\" src=\"https:\/\/i0.wp.com\/www.manquepierda.com\/historiarealbetis\/files\/2016\/12\/Emilio-SAMPERE-Oliveras-01.jpg?resize=150%2C220&#038;ssl=1\" alt=\"\" width=\"150\" height=\"220\" \/>Entrenador Emilio SAMPERE Oliveras (46 a\u00f1os+11 meses+12 d\u00edas)-Natural de Barcelona, jueves 8 Enero de 1885.-\u00cddem, domingo 4 Diciembre de 1966 (81 A\u00f1os+11 meses menos 4 d\u00edas) D. E. P.<\/strong><\/span><\/p>\n<figure id=\"attachment_56051\" aria-describedby=\"caption-attachment-56051\" style=\"width: 154px\" class=\"wp-caption aligncenter\"><img data-recalc-dims=\"1\" loading=\"lazy\" decoding=\"async\" class=\"size-full wp-image-56051\" src=\"https:\/\/i0.wp.com\/www.manquepierda.com\/historiarealbetis\/files\/2016\/12\/1931-32BB-3.jpg?resize=154%2C154&#038;ssl=1\" alt=\"\" width=\"154\" height=\"154\" \/><figcaption id=\"caption-attachment-56051\" class=\"wp-caption-text\">BETIS BALOMPI\u00c9-3 GOLES.<\/figcaption><\/figure>\n<p><span style=\"color: #008000\"><strong>2\u00ba CLASIFICADO CON 5 PUNTOS (2-GANADOS+1-EMPATADO+0-PERDIDOS) 9-GOLES A FAVOR Y 5-TANTOS EN CONTRA.<\/strong><\/span><\/p>\n<p style=\"text-align: center\"><span style=\"color: #008000\"><em><strong>\u00abLos mejores del Betis Balompi\u00e9: Garc\u00eda de la Puerta, Soladrero, \u00abPeral\u00bb y \u00abTimimi\u00bb.<\/strong><\/em><\/span><\/p>\n<p style=\"text-align: center\">Guardameta:<\/p>\n<p style=\"text-align: center\"><img data-recalc-dims=\"1\" loading=\"lazy\" decoding=\"async\" class=\"aligncenter size-thumbnail wp-image-56060\" src=\"https:\/\/i0.wp.com\/www.manquepierda.com\/historiarealbetis\/files\/2016\/12\/JES%C3%9AS-Bern%C3%A1ldez-Moreno-Manos-Duras1930.jpg?resize=172%2C220&#038;ssl=1\" alt=\"\" width=\"172\" height=\"220\" srcset=\"https:\/\/i0.wp.com\/www.manquepierda.com\/historiarealbetis\/files\/2016\/12\/JES%C3%9AS-Bern%C3%A1ldez-Moreno-Manos-Duras1930.jpg?resize=172%2C220&amp;ssl=1 172w, https:\/\/i0.wp.com\/www.manquepierda.com\/historiarealbetis\/files\/2016\/12\/JES%C3%9AS-Bern%C3%A1ldez-Moreno-Manos-Duras1930.jpg?resize=469%2C600&amp;ssl=1 469w, https:\/\/i0.wp.com\/www.manquepierda.com\/historiarealbetis\/files\/2016\/12\/JES%C3%9AS-Bern%C3%A1ldez-Moreno-Manos-Duras1930.jpg?w=479&amp;ssl=1 479w\" sizes=\"auto, (max-width: 172px) 100vw, 172px\" \/><\/p>\n<p style=\"text-align: left\"><span style=\"color: #008000\"><strong>1-(2 tantos encajados).-JES\u00daS Bern\u00e1ldez Moreno (a) \u00abManos Duras\u00bb (28 a\u00f1os+4 meses+1 d\u00eda)-Natural de Villanueva del Ariscal (Sevilla), mi\u00e9rcoles 19 Agosto de 1903.-Obituario en Sevilla, viernes 6 Junio de 1941 (37 a\u00f1os+10 meses menos 13 d\u00edas) D. E. P.<\/strong><\/span><\/p>\n<p style=\"text-align: center\">Zagueros:<\/p>\n<p style=\"text-align: center\"><img data-recalc-dims=\"1\" loading=\"lazy\" decoding=\"async\" class=\"aligncenter size-thumbnail wp-image-56061\" src=\"https:\/\/i0.wp.com\/www.manquepierda.com\/historiarealbetis\/files\/2016\/12\/Lorenzo-TONDO-Gil1930.jpg?resize=163%2C220&#038;ssl=1\" alt=\"\" width=\"163\" height=\"220\" srcset=\"https:\/\/i0.wp.com\/www.manquepierda.com\/historiarealbetis\/files\/2016\/12\/Lorenzo-TONDO-Gil1930.jpg?resize=163%2C220&amp;ssl=1 163w, https:\/\/i0.wp.com\/www.manquepierda.com\/historiarealbetis\/files\/2016\/12\/Lorenzo-TONDO-Gil1930.jpg?resize=444%2C600&amp;ssl=1 444w, https:\/\/i0.wp.com\/www.manquepierda.com\/historiarealbetis\/files\/2016\/12\/Lorenzo-TONDO-Gil1930.jpg?w=468&amp;ssl=1 468w\" sizes=\"auto, (max-width: 163px) 100vw, 163px\" \/><\/p>\n<p style=\"text-align: center\"><span style=\"color: #008000\"><strong>2-Lateral diestro.-Lorenzo TONDO Gil.<\/strong><\/span><\/p>\n<p style=\"text-align: center\"><img data-recalc-dims=\"1\" loading=\"lazy\" decoding=\"async\" class=\"aligncenter size-thumbnail wp-image-56062\" src=\"https:\/\/i0.wp.com\/www.manquepierda.com\/historiarealbetis\/files\/2016\/12\/JESUS%C3%8DN-Jes%C3%BAs-Alberto-Ruiz-Medrano1930-1.jpg?resize=166%2C220&#038;ssl=1\" alt=\"\" width=\"166\" height=\"220\" srcset=\"https:\/\/i0.wp.com\/www.manquepierda.com\/historiarealbetis\/files\/2016\/12\/JESUS%C3%8DN-Jes%C3%BAs-Alberto-Ruiz-Medrano1930-1.jpg?resize=166%2C220&amp;ssl=1 166w, https:\/\/i0.wp.com\/www.manquepierda.com\/historiarealbetis\/files\/2016\/12\/JESUS%C3%8DN-Jes%C3%BAs-Alberto-Ruiz-Medrano1930-1.jpg?resize=454%2C600&amp;ssl=1 454w, https:\/\/i0.wp.com\/www.manquepierda.com\/historiarealbetis\/files\/2016\/12\/JESUS%C3%8DN-Jes%C3%BAs-Alberto-Ruiz-Medrano1930-1.jpg?w=469&amp;ssl=1 469w\" sizes=\"auto, (max-width: 166px) 100vw, 166px\" \/><\/p>\n<p style=\"text-align: center\"><span style=\"color: #008000\"><strong>3-Lateral zurdo.-Jes\u00fas Alberto Ruiz Medrano (a) \u00abJESUS\u00cdN\u00bb.<\/strong><\/span><\/p>\n<p style=\"text-align: center\">Medios:<strong><img data-recalc-dims=\"1\" loading=\"lazy\" decoding=\"async\" class=\"aligncenter size-thumbnail wp-image-56063\" src=\"https:\/\/i0.wp.com\/www.manquepierda.com\/historiarealbetis\/files\/2016\/12\/PERAL-Jos%C3%A9-Su%C3%A1rez-Gonz%C3%A1lez1929-1.jpg?resize=167%2C220&#038;ssl=1\" alt=\"\" width=\"167\" height=\"220\" srcset=\"https:\/\/i0.wp.com\/www.manquepierda.com\/historiarealbetis\/files\/2016\/12\/PERAL-Jos%C3%A9-Su%C3%A1rez-Gonz%C3%A1lez1929-1.jpg?resize=167%2C220&amp;ssl=1 167w, https:\/\/i0.wp.com\/www.manquepierda.com\/historiarealbetis\/files\/2016\/12\/PERAL-Jos%C3%A9-Su%C3%A1rez-Gonz%C3%A1lez1929-1.jpg?resize=457%2C600&amp;ssl=1 457w, https:\/\/i0.wp.com\/www.manquepierda.com\/historiarealbetis\/files\/2016\/12\/PERAL-Jos%C3%A9-Su%C3%A1rez-Gonz%C3%A1lez1929-1.jpg?w=472&amp;ssl=1 472w\" sizes=\"auto, (max-width: 167px) 100vw, 167px\" \/><\/strong><span style=\"color: #008000\"><strong>4-Diestro.-Jos\u00e9 Su\u00e1rez Gonz\u00e1lez (a) \u00abPERAL\u00bb.<\/strong><\/span><\/p>\n<p style=\"text-align: center\"><img data-recalc-dims=\"1\" loading=\"lazy\" decoding=\"async\" class=\"aligncenter size-thumbnail wp-image-56064\" src=\"https:\/\/i0.wp.com\/www.manquepierda.com\/historiarealbetis\/files\/2016\/12\/Enrique-SOLADRERO-Arbide-01.jpg?resize=158%2C220&#038;ssl=1\" alt=\"\" width=\"158\" height=\"220\" srcset=\"https:\/\/i0.wp.com\/www.manquepierda.com\/historiarealbetis\/files\/2016\/12\/Enrique-SOLADRERO-Arbide-01.jpg?resize=158%2C220&amp;ssl=1 158w, https:\/\/i0.wp.com\/www.manquepierda.com\/historiarealbetis\/files\/2016\/12\/Enrique-SOLADRERO-Arbide-01.jpg?resize=430%2C600&amp;ssl=1 430w, https:\/\/i0.wp.com\/www.manquepierda.com\/historiarealbetis\/files\/2016\/12\/Enrique-SOLADRERO-Arbide-01.jpg?w=454&amp;ssl=1 454w\" sizes=\"auto, (max-width: 158px) 100vw, 158px\" \/><\/p>\n<p style=\"text-align: center\"><span style=\"color: #008000\"><strong>5-Centro.-Enrique SOLADRERO Arbide.<\/strong><\/span><\/p>\n<p style=\"text-align: center\"><img data-recalc-dims=\"1\" loading=\"lazy\" decoding=\"async\" class=\"aligncenter size-full wp-image-56065\" src=\"https:\/\/i0.wp.com\/www.manquepierda.com\/historiarealbetis\/files\/2016\/12\/ADOLFITO-Adolfo-Sancho-Carrillo-De-Albonoz-01.jpg?resize=128%2C182&#038;ssl=1\" alt=\"\" width=\"128\" height=\"182\" \/><\/p>\n<p style=\"text-align: center\"><span style=\"color: #008000\"><strong>6-Zurdo.-Adolfo Sancho Carrillo De Albornoz (a) \u00abADOLFITO\u00bb-\u00abADOLFO I\u00bb.<\/strong><\/span><\/p>\n<p style=\"text-align: center\">Delanteros:<\/p>\n<p style=\"text-align: center\"><img data-recalc-dims=\"1\" loading=\"lazy\" decoding=\"async\" class=\"aligncenter size-thumbnail wp-image-56066\" src=\"https:\/\/i0.wp.com\/www.manquepierda.com\/historiarealbetis\/files\/2016\/12\/TIMIMI-Pedro-Gonz%C3%A1lez-S%C3%A1nchez1930.jpg?resize=164%2C220&#038;ssl=1\" alt=\"\" width=\"164\" height=\"220\" srcset=\"https:\/\/i0.wp.com\/www.manquepierda.com\/historiarealbetis\/files\/2016\/12\/TIMIMI-Pedro-Gonz%C3%A1lez-S%C3%A1nchez1930.jpg?resize=164%2C220&amp;ssl=1 164w, https:\/\/i0.wp.com\/www.manquepierda.com\/historiarealbetis\/files\/2016\/12\/TIMIMI-Pedro-Gonz%C3%A1lez-S%C3%A1nchez1930.jpg?resize=446%2C600&amp;ssl=1 446w, https:\/\/i0.wp.com\/www.manquepierda.com\/historiarealbetis\/files\/2016\/12\/TIMIMI-Pedro-Gonz%C3%A1lez-S%C3%A1nchez1930.jpg?w=470&amp;ssl=1 470w\" sizes=\"auto, (max-width: 164px) 100vw, 164px\" \/><\/p>\n<p style=\"text-align: center\"><span style=\"color: #008000\"><strong>7-Extremo diestro.-Pedro Gonz\u00e1lez S\u00e1nchez (a) \u00abTIMIMI\u00bb.<\/strong><\/span><\/p>\n<p style=\"text-align: center\"><img data-recalc-dims=\"1\" loading=\"lazy\" decoding=\"async\" class=\"aligncenter size-thumbnail wp-image-56067\" src=\"https:\/\/i0.wp.com\/www.manquepierda.com\/historiarealbetis\/files\/2016\/12\/ADOLFO-II-Adolfo-Mart%C3%ADn-Gonz%C3%A1lez1930-1.jpg?resize=171%2C220&#038;ssl=1\" alt=\"\" width=\"171\" height=\"220\" srcset=\"https:\/\/i0.wp.com\/www.manquepierda.com\/historiarealbetis\/files\/2016\/12\/ADOLFO-II-Adolfo-Mart%C3%ADn-Gonz%C3%A1lez1930-1.jpg?resize=171%2C220&amp;ssl=1 171w, https:\/\/i0.wp.com\/www.manquepierda.com\/historiarealbetis\/files\/2016\/12\/ADOLFO-II-Adolfo-Mart%C3%ADn-Gonz%C3%A1lez1930-1.jpg?resize=467%2C600&amp;ssl=1 467w, https:\/\/i0.wp.com\/www.manquepierda.com\/historiarealbetis\/files\/2016\/12\/ADOLFO-II-Adolfo-Mart%C3%ADn-Gonz%C3%A1lez1930-1.jpg?w=481&amp;ssl=1 481w\" sizes=\"auto, (max-width: 171px) 100vw, 171px\" \/><\/p>\n<p style=\"text-align: center\"><span style=\"color: #008000\"><strong>8-Interior diestro.-Adolfo Mart\u00edn Gonz\u00e1lez (a) \u00abADOLFO II\u00bb.<\/strong><\/span><\/p>\n<p style=\"text-align: center\"><img data-recalc-dims=\"1\" loading=\"lazy\" decoding=\"async\" class=\"aligncenter size-thumbnail wp-image-56069\" src=\"https:\/\/i0.wp.com\/www.manquepierda.com\/historiarealbetis\/files\/2016\/12\/Emilio-VALLINA-gUTI%C3%89RREZ1930.jpg?resize=170%2C220&#038;ssl=1\" alt=\"\" width=\"170\" height=\"220\" srcset=\"https:\/\/i0.wp.com\/www.manquepierda.com\/historiarealbetis\/files\/2016\/12\/Emilio-VALLINA-gUTI%C3%89RREZ1930.jpg?resize=170%2C220&amp;ssl=1 170w, https:\/\/i0.wp.com\/www.manquepierda.com\/historiarealbetis\/files\/2016\/12\/Emilio-VALLINA-gUTI%C3%89RREZ1930.jpg?resize=465%2C600&amp;ssl=1 465w, https:\/\/i0.wp.com\/www.manquepierda.com\/historiarealbetis\/files\/2016\/12\/Emilio-VALLINA-gUTI%C3%89RREZ1930.jpg?w=482&amp;ssl=1 482w\" sizes=\"auto, (max-width: 170px) 100vw, 170px\" \/><\/p>\n<p style=\"text-align: center\"><span style=\"color: #008000\"><strong>9-Centro delantero-Ariete.-Emilio VALLINA Guti\u00e9rrez.<\/strong><\/span><\/p>\n<p style=\"text-align: center\"><img data-recalc-dims=\"1\" loading=\"lazy\" decoding=\"async\" class=\"aligncenter size-thumbnail wp-image-56068\" src=\"https:\/\/i0.wp.com\/www.manquepierda.com\/historiarealbetis\/files\/2016\/12\/Mariano-GARC%C3%8DA-DE-LA-PUERTA1930.jpg?resize=164%2C220&#038;ssl=1\" alt=\"\" width=\"164\" height=\"220\" srcset=\"https:\/\/i0.wp.com\/www.manquepierda.com\/historiarealbetis\/files\/2016\/12\/Mariano-GARC%C3%8DA-DE-LA-PUERTA1930.jpg?resize=164%2C220&amp;ssl=1 164w, https:\/\/i0.wp.com\/www.manquepierda.com\/historiarealbetis\/files\/2016\/12\/Mariano-GARC%C3%8DA-DE-LA-PUERTA1930.jpg?resize=447%2C600&amp;ssl=1 447w, https:\/\/i0.wp.com\/www.manquepierda.com\/historiarealbetis\/files\/2016\/12\/Mariano-GARC%C3%8DA-DE-LA-PUERTA1930.jpg?w=459&amp;ssl=1 459w\" sizes=\"auto, (max-width: 164px) 100vw, 164px\" \/><\/p>\n<p style=\"text-align: left;padding-left: 30px\"><span style=\"color: #008000\"><em><strong>*1-1.-\u00abAntes de finalizar el primer tiempo, Sanz centra, y Vallina desv\u00eda el esf\u00e9rico a los pies de \u00abTimimi\u00bb, el que, bien colocado, chuta rebotando el cuero en el larguero, y enviando el pelot\u00f3n a las mallas definitivamente Mariano fusilando a Eizaguirre*<\/strong><\/em><\/span><\/p>\n<figure id=\"attachment_56074\" aria-describedby=\"caption-attachment-56074\" style=\"width: 680px\" class=\"wp-caption aligncenter\"><img data-recalc-dims=\"1\" loading=\"lazy\" decoding=\"async\" class=\"size-medium wp-image-56074\" src=\"https:\/\/i0.wp.com\/www.manquepierda.com\/historiarealbetis\/files\/2016\/12\/ESTAMPA19311220.jpg?resize=680%2C483&#038;ssl=1\" alt=\"\" width=\"680\" height=\"483\" srcset=\"https:\/\/i0.wp.com\/www.manquepierda.com\/historiarealbetis\/files\/2016\/12\/ESTAMPA19311220.jpg?resize=680%2C483&amp;ssl=1 680w, https:\/\/i0.wp.com\/www.manquepierda.com\/historiarealbetis\/files\/2016\/12\/ESTAMPA19311220.jpg?resize=220%2C156&amp;ssl=1 220w, https:\/\/i0.wp.com\/www.manquepierda.com\/historiarealbetis\/files\/2016\/12\/ESTAMPA19311220.jpg?resize=768%2C545&amp;ssl=1 768w, https:\/\/i0.wp.com\/www.manquepierda.com\/historiarealbetis\/files\/2016\/12\/ESTAMPA19311220.jpg?resize=960%2C681&amp;ssl=1 960w, https:\/\/i0.wp.com\/www.manquepierda.com\/historiarealbetis\/files\/2016\/12\/ESTAMPA19311220.jpg?w=1909&amp;ssl=1 1909w\" sizes=\"auto, (max-width: 680px) 100vw, 680px\" \/><figcaption id=\"caption-attachment-56074\" class=\"wp-caption-text\">Revista Gr\u00e1fica ESTAMPA N\u00ba 207-Madrid-s\u00e1bado 19311226-30 c\u00e9ntimos-peseta-1931.<\/figcaption><\/figure>\n<p style=\"text-align: left;padding-left: 30px\"><span style=\"color: #008000\"><em><strong>*1-2.-55 minutos.-\u00abEl dominio en los primeros minutos del segundo tiempo da como resultado el desempate, a cargo del \u00ab10\u00bb verdiblanco, que est\u00e1 jugando un partido enorme; fue tambi\u00e9n consecuencia de un chut de Rafael Sanz, y el madrile\u00f1o remata la pelota de forma imparable para Guillermo Eizaguirre*<\/strong><\/em><\/span><\/p>\n<p style=\"text-align: left;padding-left: 30px\"><span style=\"color: #008000\"><em><strong>*2-3.-80 minutos.-\u00abTras el 2-2, el Betis Balompi\u00e9 se crece, y en un alarde de entusiasmo, marca el gol de la victoria. \u00abTimimi\u00bb pasa el bal\u00f3n a Mariano, y \u00e9ste, en forma inveros\u00edmil, desv\u00eda con la cabeza la trayectoria del esf\u00e9rico, que entra en la porter\u00eda por el \u00e1ngulo contrario a la estirada del arquero Eizaguirre* <\/strong><\/em><\/span><\/p>\n<p style=\"text-align: left\"><span style=\"color: #008000\"><strong>10-Interior zurdo (3 GOLES).-Mariano GARC\u00cdA DE LA PUERTA (24 a\u00f1os+7 meses menos 11 d\u00edas)-Natural de Molins de Rei (Barcelona), viernes 31 Mayo de 1907.-No localizada ciudad y fecha de su obituario.-D. E. P.<\/strong><\/span><\/p>\n<p style=\"text-align: center\"><img data-recalc-dims=\"1\" loading=\"lazy\" decoding=\"async\" class=\"aligncenter size-thumbnail wp-image-56070\" src=\"https:\/\/i0.wp.com\/www.manquepierda.com\/historiarealbetis\/files\/2016\/12\/Rafael-SANZ1930.jpg?resize=165%2C220&#038;ssl=1\" alt=\"\" width=\"165\" height=\"220\" srcset=\"https:\/\/i0.wp.com\/www.manquepierda.com\/historiarealbetis\/files\/2016\/12\/Rafael-SANZ1930.jpg?resize=165%2C220&amp;ssl=1 165w, https:\/\/i0.wp.com\/www.manquepierda.com\/historiarealbetis\/files\/2016\/12\/Rafael-SANZ1930.jpg?resize=450%2C600&amp;ssl=1 450w, https:\/\/i0.wp.com\/www.manquepierda.com\/historiarealbetis\/files\/2016\/12\/Rafael-SANZ1930.jpg?w=480&amp;ssl=1 480w\" sizes=\"auto, (max-width: 165px) 100vw, 165px\" \/><\/p>\n<p style=\"text-align: center\"><span style=\"color: #008000\"><strong>11-Extremo zurdo.-Rafael SANZ.<\/strong><\/span><\/p>\n<hr \/>\n<p style=\"text-align: center\">RECORTES ABC-SEVILLA-19311223-Martes.<\/p>\n<p style=\"text-align: center\"><img data-recalc-dims=\"1\" loading=\"lazy\" decoding=\"async\" class=\"aligncenter size-thumbnail wp-image-56076\" src=\"https:\/\/i0.wp.com\/www.manquepierda.com\/historiarealbetis\/files\/2016\/12\/19311223ABCse1.jpg?resize=220%2C210&#038;ssl=1\" alt=\"\" width=\"220\" height=\"210\" srcset=\"https:\/\/i0.wp.com\/www.manquepierda.com\/historiarealbetis\/files\/2016\/12\/19311223ABCse1.jpg?resize=220%2C210&amp;ssl=1 220w, https:\/\/i0.wp.com\/www.manquepierda.com\/historiarealbetis\/files\/2016\/12\/19311223ABCse1.jpg?resize=629%2C600&amp;ssl=1 629w, https:\/\/i0.wp.com\/www.manquepierda.com\/historiarealbetis\/files\/2016\/12\/19311223ABCse1.jpg?w=679&amp;ssl=1 679w\" sizes=\"auto, (max-width: 220px) 100vw, 220px\" \/><\/p>\n<p style=\"text-align: center\"><img data-recalc-dims=\"1\" loading=\"lazy\" decoding=\"async\" class=\"aligncenter size-thumbnail wp-image-56077\" src=\"https:\/\/i0.wp.com\/www.manquepierda.com\/historiarealbetis\/files\/2016\/12\/19311223ABCse2.jpg?resize=168%2C220&#038;ssl=1\" alt=\"\" width=\"168\" height=\"220\" srcset=\"https:\/\/i0.wp.com\/www.manquepierda.com\/historiarealbetis\/files\/2016\/12\/19311223ABCse2.jpg?resize=168%2C220&amp;ssl=1 168w, https:\/\/i0.wp.com\/www.manquepierda.com\/historiarealbetis\/files\/2016\/12\/19311223ABCse2.jpg?resize=458%2C600&amp;ssl=1 458w, https:\/\/i0.wp.com\/www.manquepierda.com\/historiarealbetis\/files\/2016\/12\/19311223ABCse2.jpg?resize=535%2C700&amp;ssl=1 535w, https:\/\/i0.wp.com\/www.manquepierda.com\/historiarealbetis\/files\/2016\/12\/19311223ABCse2.jpg?w=612&amp;ssl=1 612w\" sizes=\"auto, (max-width: 168px) 100vw, 168px\" \/><\/p>\n<p style=\"text-align: center\"><img data-recalc-dims=\"1\" loading=\"lazy\" decoding=\"async\" class=\"aligncenter size-thumbnail wp-image-56078\" src=\"https:\/\/i0.wp.com\/www.manquepierda.com\/historiarealbetis\/files\/2016\/12\/19311223ABCse3.jpg?resize=189%2C220&#038;ssl=1\" alt=\"\" width=\"189\" height=\"220\" srcset=\"https:\/\/i0.wp.com\/www.manquepierda.com\/historiarealbetis\/files\/2016\/12\/19311223ABCse3.jpg?resize=189%2C220&amp;ssl=1 189w, https:\/\/i0.wp.com\/www.manquepierda.com\/historiarealbetis\/files\/2016\/12\/19311223ABCse3.jpg?resize=515%2C600&amp;ssl=1 515w, https:\/\/i0.wp.com\/www.manquepierda.com\/historiarealbetis\/files\/2016\/12\/19311223ABCse3.jpg?resize=601%2C700&amp;ssl=1 601w, https:\/\/i0.wp.com\/www.manquepierda.com\/historiarealbetis\/files\/2016\/12\/19311223ABCse3.jpg?w=683&amp;ssl=1 683w\" sizes=\"auto, (max-width: 189px) 100vw, 189px\" \/><\/p>\n<p style=\"text-align: center\"><img data-recalc-dims=\"1\" loading=\"lazy\" decoding=\"async\" class=\"aligncenter size-medium wp-image-56079\" src=\"https:\/\/i0.wp.com\/www.manquepierda.com\/historiarealbetis\/files\/2016\/12\/19311223OSELITO.jpg?resize=529%2C600&#038;ssl=1\" alt=\"\" width=\"529\" height=\"600\" srcset=\"https:\/\/i0.wp.com\/www.manquepierda.com\/historiarealbetis\/files\/2016\/12\/19311223OSELITO.jpg?resize=529%2C600&amp;ssl=1 529w, https:\/\/i0.wp.com\/www.manquepierda.com\/historiarealbetis\/files\/2016\/12\/19311223OSELITO.jpg?resize=194%2C220&amp;ssl=1 194w, https:\/\/i0.wp.com\/www.manquepierda.com\/historiarealbetis\/files\/2016\/12\/19311223OSELITO.jpg?resize=617%2C700&amp;ssl=1 617w, https:\/\/i0.wp.com\/www.manquepierda.com\/historiarealbetis\/files\/2016\/12\/19311223OSELITO.jpg?w=709&amp;ssl=1 709w\" sizes=\"auto, (max-width: 529px) 100vw, 529px\" \/><\/p>\n","protected":false},"excerpt":{"rendered":"<p>IV DIVISI\u00d3N-CAMPEONATO NACIONAL LIGA SEGUNDA DIVISI\u00d3N-TEMPORADA 1931-1932 DESDE DOMINGO 22 NOVIEMBRE DE 1931 HASTA DOMINGO 3 ABRIL DE 1932.-AMBAS FECHAS INCLUSIVE. RECORTES DE PRENSA.-ABC-SEVILLA-19 (s\u00e1bado)+20 (domingo)+22 (martes) DICIEMBRE DE 1931. \u00abSevilla.-Eizaguirre, el gran portero sevillista, bloca un gran tiro por alto en la lucha de los eternos rivales andaluces, que concluy\u00f3 con la victoria del&#8230;<\/p>\n","protected":false},"author":48,"featured_media":56043,"comment_status":"open","ping_status":"open","sticky":false,"template":"","format":"standard","meta":{"_kad_post_transparent":"","_kad_post_title":"","_kad_post_layout":"","_kad_post_sidebar_id":"","_kad_post_content_style":"","_kad_post_vertical_padding":"","_kad_post_feature":"","_kad_post_feature_position":"","_kad_post_header":false,"_kad_post_footer":false,"_kad_post_classname":"","_jetpack_memberships_contains_paid_content":false,"footnotes":"","jetpack_publicize_message":"","jetpack_publicize_feature_enabled":true,"jetpack_social_post_already_shared":true,"jetpack_social_options":{"image_generator_settings":{"template":"highway","default_image_id":0,"font":"","enabled":false},"version":2}},"categories":[899,1],"tags":[1029,2221,17900,916],"class_list":["post-56040","post","type-post","status-publish","format-standard","has-post-thumbnail","hentry","category-1930-1939","category-portada","tag-1029","tag-1931-32","tag-liga-segunda-1931-32","tag-sevilla-fc"],"jetpack_publicize_connections":[],"jetpack_featured_media_url":"https:\/\/i0.wp.com\/www.manquepierda.com\/historiarealbetis\/files\/2016\/12\/19311220AHORAmadrid.jpg?fit=718%2C1332&ssl=1","jetpack_sharing_enabled":true,"jetpack_shortlink":"https:\/\/wp.me\/p1ij08-ezS","jetpack-related-posts":[],"_links":{"self":[{"href":"https:\/\/www.manquepierda.com\/historiarealbetis\/wp-json\/wp\/v2\/posts\/56040","targetHints":{"allow":["GET"]}}],"collection":[{"href":"https:\/\/www.manquepierda.com\/historiarealbetis\/wp-json\/wp\/v2\/posts"}],"about":[{"href":"https:\/\/www.manquepierda.com\/historiarealbetis\/wp-json\/wp\/v2\/types\/post"}],"author":[{"embeddable":true,"href":"https:\/\/www.manquepierda.com\/historiarealbetis\/wp-json\/wp\/v2\/users\/48"}],"replies":[{"embeddable":true,"href":"https:\/\/www.manquepierda.com\/historiarealbetis\/wp-json\/wp\/v2\/comments?post=56040"}],"version-history":[{"count":1,"href":"https:\/\/www.manquepierda.com\/historiarealbetis\/wp-json\/wp\/v2\/posts\/56040\/revisions"}],"predecessor-version":[{"id":97683,"href":"https:\/\/www.manquepierda.com\/historiarealbetis\/wp-json\/wp\/v2\/posts\/56040\/revisions\/97683"}],"wp:featuredmedia":[{"embeddable":true,"href":"https:\/\/www.manquepierda.com\/historiarealbetis\/wp-json\/wp\/v2\/media\/56043"}],"wp:attachment":[{"href":"https:\/\/www.manquepierda.com\/historiarealbetis\/wp-json\/wp\/v2\/media?parent=56040"}],"wp:term":[{"taxonomy":"category","embeddable":true,"href":"https:\/\/www.manquepierda.com\/historiarealbetis\/wp-json\/wp\/v2\/categories?post=56040"},{"taxonomy":"post_tag","embeddable":true,"href":"https:\/\/www.manquepierda.com\/historiarealbetis\/wp-json\/wp\/v2\/tags?post=56040"}],"curies":[{"name":"wp","href":"https:\/\/api.w.org\/{rel}","templated":true}]}}