{"id":56223,"date":"2017-01-06T10:55:57","date_gmt":"2017-01-06T09:55:57","guid":{"rendered":"http:\/\/www.manquepierda.com\/historiarealbetis\/?p=56223"},"modified":"2024-09-13T11:50:38","modified_gmt":"2024-09-13T09:50:38","slug":"betis-leganes-liga-1993","status":"publish","type":"post","link":"https:\/\/www.manquepierda.com\/historiarealbetis\/betis-leganes-liga-1993\/","title":{"rendered":"Betis-Legan\u00e9s Liga 1993"},"content":{"rendered":"<p><a href=\"https:\/\/i0.wp.com\/www.manquepierda.com\/historiarealbetis\/files\/2016\/12\/Betis-Legan%C3%A9s-Liga-1993-gol-de-Aquino-Diario-16-12-12-1993.jpg?ssl=1\"><img data-recalc-dims=\"1\" loading=\"lazy\" decoding=\"async\" class=\"aligncenter size-medium wp-image-56224\" src=\"https:\/\/i0.wp.com\/www.manquepierda.com\/historiarealbetis\/files\/2016\/12\/Betis-Legan%C3%A9s-Liga-1993-gol-de-Aquino-Diario-16-12-12-1993.jpg?resize=680%2C432&#038;ssl=1\" alt=\"\" width=\"680\" height=\"432\" srcset=\"https:\/\/i0.wp.com\/www.manquepierda.com\/historiarealbetis\/files\/2016\/12\/Betis-Legan%C3%A9s-Liga-1993-gol-de-Aquino-Diario-16-12-12-1993.jpg?resize=680%2C432&amp;ssl=1 680w, https:\/\/i0.wp.com\/www.manquepierda.com\/historiarealbetis\/files\/2016\/12\/Betis-Legan%C3%A9s-Liga-1993-gol-de-Aquino-Diario-16-12-12-1993.jpg?resize=220%2C140&amp;ssl=1 220w, https:\/\/i0.wp.com\/www.manquepierda.com\/historiarealbetis\/files\/2016\/12\/Betis-Legan%C3%A9s-Liga-1993-gol-de-Aquino-Diario-16-12-12-1993.jpg?resize=768%2C488&amp;ssl=1 768w, https:\/\/i0.wp.com\/www.manquepierda.com\/historiarealbetis\/files\/2016\/12\/Betis-Legan%C3%A9s-Liga-1993-gol-de-Aquino-Diario-16-12-12-1993.jpg?resize=960%2C610&amp;ssl=1 960w, https:\/\/i0.wp.com\/www.manquepierda.com\/historiarealbetis\/files\/2016\/12\/Betis-Legan%C3%A9s-Liga-1993-gol-de-Aquino-Diario-16-12-12-1993.jpg?w=1084&amp;ssl=1 1084w\" sizes=\"auto, (max-width: 680px) 100vw, 680px\" \/><\/a><\/p>\n<p>11 de diciembre de 1993 en el Villamar\u00edn \u00a0Betis 2 \u00a0Legan\u00e9s 0; jornada 15 del Campeonato de Liga de Segunda Divisi\u00f3n.<\/p>\n<p>En la imagen el disparo de Daniel Aquino que en el minuto 17 super\u00f3 al guardameta Aguilera, convirti\u00e9ndose en el primer tanto b\u00e9tico. En el minuto 89 Juan Jos\u00e9 Ca\u00f1as har\u00eda el segundo gol.<\/p>\n<p>Serge Kresic entrenaba al Betis y Luis Angel Duque al Legan\u00e9s.<\/p>\n","protected":false},"excerpt":{"rendered":"<p>11 de diciembre de 1993 en el Villamar\u00edn \u00a0Betis 2 \u00a0Legan\u00e9s 0; jornada 15 del Campeonato de Liga de Segunda Divisi\u00f3n. En la imagen el disparo de Daniel Aquino que en el minuto 17 super\u00f3 al guardameta Aguilera, convirti\u00e9ndose en el primer tanto b\u00e9tico. En el minuto 89 Juan Jos\u00e9 Ca\u00f1as har\u00eda el segundo gol&#8230;.<\/p>\n","protected":false},"author":5,"featured_media":56224,"comment_status":"open","ping_status":"open","sticky":false,"template":"","format":"standard","meta":{"_kad_post_transparent":"","_kad_post_title":"","_kad_post_layout":"","_kad_post_sidebar_id":"","_kad_post_content_style":"","_kad_post_vertical_padding":"","_kad_post_feature":"","_kad_post_feature_position":"","_kad_post_header":false,"_kad_post_footer":false,"_kad_post_classname":"","_jetpack_memberships_contains_paid_content":false,"footnotes":"","jetpack_publicize_message":"","jetpack_publicize_feature_enabled":true,"jetpack_social_post_already_shared":true,"jetpack_social_options":{"image_generator_settings":{"template":"highway","default_image_id":0,"font":"","enabled":false},"version":2}},"categories":[905,1],"tags":[5525,2229,2283,17827],"class_list":["post-56223","post","type-post","status-publish","format-standard","has-post-thumbnail","hentry","category-1990-1999","category-portada","tag-5525","tag-1993-94","tag-cd-leganes","tag-liga-segunda-1993-94"],"jetpack_publicize_connections":[],"jetpack_featured_media_url":"https:\/\/i0.wp.com\/www.manquepierda.com\/historiarealbetis\/files\/2016\/12\/Betis-Legan%C3%A9s-Liga-1993-gol-de-Aquino-Diario-16-12-12-1993.jpg?fit=1084%2C689&ssl=1","jetpack_sharing_enabled":true,"jetpack_shortlink":"https:\/\/wp.me\/p1ij08-eCP","jetpack-related-posts":[],"_links":{"self":[{"href":"https:\/\/www.manquepierda.com\/historiarealbetis\/wp-json\/wp\/v2\/posts\/56223","targetHints":{"allow":["GET"]}}],"collection":[{"href":"https:\/\/www.manquepierda.com\/historiarealbetis\/wp-json\/wp\/v2\/posts"}],"about":[{"href":"https:\/\/www.manquepierda.com\/historiarealbetis\/wp-json\/wp\/v2\/types\/post"}],"author":[{"embeddable":true,"href":"https:\/\/www.manquepierda.com\/historiarealbetis\/wp-json\/wp\/v2\/users\/5"}],"replies":[{"embeddable":true,"href":"https:\/\/www.manquepierda.com\/historiarealbetis\/wp-json\/wp\/v2\/comments?post=56223"}],"version-history":[{"count":1,"href":"https:\/\/www.manquepierda.com\/historiarealbetis\/wp-json\/wp\/v2\/posts\/56223\/revisions"}],"predecessor-version":[{"id":99167,"href":"https:\/\/www.manquepierda.com\/historiarealbetis\/wp-json\/wp\/v2\/posts\/56223\/revisions\/99167"}],"wp:featuredmedia":[{"embeddable":true,"href":"https:\/\/www.manquepierda.com\/historiarealbetis\/wp-json\/wp\/v2\/media\/56224"}],"wp:attachment":[{"href":"https:\/\/www.manquepierda.com\/historiarealbetis\/wp-json\/wp\/v2\/media?parent=56223"}],"wp:term":[{"taxonomy":"category","embeddable":true,"href":"https:\/\/www.manquepierda.com\/historiarealbetis\/wp-json\/wp\/v2\/categories?post=56223"},{"taxonomy":"post_tag","embeddable":true,"href":"https:\/\/www.manquepierda.com\/historiarealbetis\/wp-json\/wp\/v2\/tags?post=56223"}],"curies":[{"name":"wp","href":"https:\/\/api.w.org\/{rel}","templated":true}]}}