{"id":56319,"date":"2017-01-04T09:17:26","date_gmt":"2017-01-04T08:17:26","guid":{"rendered":"http:\/\/www.manquepierda.com\/historiarealbetis\/?p=56319"},"modified":"2024-09-02T18:37:57","modified_gmt":"2024-09-02T16:37:57","slug":"concentracion-oromana-1964","status":"publish","type":"post","link":"https:\/\/www.manquepierda.com\/historiarealbetis\/concentracion-oromana-1964\/","title":{"rendered":"Concentraci\u00f3n en Oromana 1964"},"content":{"rendered":"<figure id=\"attachment_56320\" aria-describedby=\"caption-attachment-56320\" style=\"width: 680px\" class=\"wp-caption aligncenter\"><a href=\"https:\/\/i0.wp.com\/www.manquepierda.com\/historiarealbetis\/files\/2016\/12\/17-Concentraci%C3%B3n-en-Oromana-imagen.jpg?ssl=1\"><img data-recalc-dims=\"1\" loading=\"lazy\" decoding=\"async\" class=\"size-medium wp-image-56320\" src=\"https:\/\/i0.wp.com\/www.manquepierda.com\/historiarealbetis\/files\/2016\/12\/17-Concentraci%C3%B3n-en-Oromana-imagen.jpg?resize=680%2C400&#038;ssl=1\" alt=\"\" width=\"680\" height=\"400\" srcset=\"https:\/\/i0.wp.com\/www.manquepierda.com\/historiarealbetis\/files\/2016\/12\/17-Concentraci%C3%B3n-en-Oromana-imagen.jpg?resize=680%2C400&amp;ssl=1 680w, https:\/\/i0.wp.com\/www.manquepierda.com\/historiarealbetis\/files\/2016\/12\/17-Concentraci%C3%B3n-en-Oromana-imagen.jpg?resize=220%2C129&amp;ssl=1 220w, https:\/\/i0.wp.com\/www.manquepierda.com\/historiarealbetis\/files\/2016\/12\/17-Concentraci%C3%B3n-en-Oromana-imagen.jpg?resize=768%2C452&amp;ssl=1 768w, https:\/\/i0.wp.com\/www.manquepierda.com\/historiarealbetis\/files\/2016\/12\/17-Concentraci%C3%B3n-en-Oromana-imagen.jpg?resize=960%2C565&amp;ssl=1 960w, https:\/\/i0.wp.com\/www.manquepierda.com\/historiarealbetis\/files\/2016\/12\/17-Concentraci%C3%B3n-en-Oromana-imagen.jpg?w=991&amp;ssl=1 991w\" sizes=\"auto, (max-width: 680px) 100vw, 680px\" \/><\/a><figcaption id=\"caption-attachment-56320\" class=\"wp-caption-text\">Fuente: Sevilla 17 de octubre de 1964<\/figcaption><\/figure>\n<p>Desde los a\u00f1os 50 el Hotel Oromana en Alcal\u00e1 de Guadaira ser\u00e1 un lugar muy frecuente del equipo b\u00e9tico en las concentraciones previas a los partidos que se disputaban como local.<\/p>\n<p>En la ocasi\u00f3n que traemos es con motivo del derbi contra el Sevilla que se deb\u00eda disputar en el Villamar\u00edn el 18 de octubre de 1964, corrrespondiente a la jornada 6 del Campeonato de Liga de Primera Divisi\u00f3n. A este encuentro llegaba el equipo sevillista en 6\u00ba lugar de la clasificaci\u00f3n con 6 puntos, mientras que el Betis era 8\u00ba con 5 puntos. El Sevilla, a quien entrenaba un ex t\u00e9cnico verdiblanco, Fernando Daucik, ven\u00eda de ganar en casa 2-1 al Zaragoza, mientras que el Betis, a quien dirig\u00eda el franc\u00e9s Luis Hon, ven\u00eda de perder 1-0 en San Mam\u00e9s.<\/p>\n<p>El reportaje, publicado el d\u00eda previo al partido, aparece en el diario Sevilla y en \u00e9l podemos palpar cu\u00e1l era el ambiente en este tipo de concentraci\u00f3n, que era bastante distinta a las que se hacen hoy en d\u00eda. El Betis, por ejemplo en esta ocasi\u00f3n, qued\u00f3 concentrado en Oromana el viernes 16 de octubre a mediod\u00eda, despu\u00e9s de realizar un suave entrenamiento en el mismo Villamar\u00edn. A la concentraci\u00f3n el t\u00e9cnico se llev\u00f3 16 jugadores: Pep\u00edn, Corral, Grau, R\u00edos, Paquito, Aparicio, Su\u00e1rez, L\u00f3pez Hidalgo, Bosch, Frasco, Breval, Montaner, Ansola, Azc\u00e1rate, Pallar\u00e9s y Molina. Muchos, teniendo en cuenta que la \u00fanica suplencia permitida a lo largo del partido era la del portero, por lo que s\u00f3lo los 11 titulares y el guardameta suplente se vestir\u00edan de corto en la tarde del domingo.<\/p>\n<p>La concentraci\u00f3n transcurr\u00eda por entonces entre alguna que otra charla t\u00e9cnica y los entretenimientos con los que los jugadores mataban el largo tiempo que ten\u00edan por delante: juegos de cartas, billar, televisi\u00f3n paseos, etc<\/p>\n<p>Hay que destacar tambi\u00e9n el trofeo que se iba a entregar al delantero verdiblanco Fernando Ansola por parte de una asociaci\u00f3n de militares norteamericanos \u00a0de las cercanas bases, que ve\u00edan en el delantero b\u00e9tico las virtudes de la furia y la entrega en cada partido.<\/p>\n<p>&nbsp;<\/p>\n<p><span style=\"color: #008000\"><em>Ayer por la tarde nos dimos una vuelta por el Hotel Oromana para pulsar el ambiente que reina entre los jugadores b\u00e9ticos ante el partido contra el Sevilla. Hasta el retiro nos acompa\u00f1a el ex directivo del Betis Francisco Garc\u00eda, cuya presencia de ocasi\u00f3n a efusivos saludos por parte de los jugadores.<\/em><\/span><\/p>\n<p><span style=\"color: #008000\"><em>En la puerta del hotel se encuentran el entrenador Luis Hon, el masajista Vicente y Aparicio, que repasan la prensa. Dentro, en una sala, Ansola, Breval, Montaner, Frasco y Paquito juegan al billar. En el hall, R\u00edos, Pep\u00edn, Corral, L\u00f3pez Hidalgo y Molina se entretienen con las cartas; frente al televisor, Azc\u00e1rate y Pallar\u00e9s siguen un programa sobre el trabajo de la mujer.<\/em><\/span><\/p>\n<p><span style=\"color: #008000\"><em>Interrumpimos la partida de cartas y Molina se apodera de la prensa que llevamos, Marca y nuestro diario. R\u00edos cuenta los puntos<\/em><\/span><\/p>\n<ul>\n<li><span style=\"color: #008000\"><em>\u00bfGanaste o perdiste?<\/em><\/span><\/li>\n<li><span style=\"color: #008000\"><em>Me han cogido ochenta y seis<\/em><\/span><\/li>\n<li><span style=\"color: #008000\"><em>Mira que si el domingo te cogen en otros tantos fallos<\/em><\/span><\/li>\n<li><span style=\"color: #008000\"><em>Dios quiera que no\u2026<\/em><\/span><\/li>\n<li><span style=\"color: #008000\"><em>\u00bfCu\u00e1ntas veces has actuado como capit\u00e1n en encuentros Sevilla-Betis?<\/em><\/span><\/li>\n<li><span style=\"color: #008000\"><em>Si me ponen, el domingo ser\u00e1 la primera<\/em><\/span><\/li>\n<li><span style=\"color: #008000\"><em>\u00bfQu\u00e9 esperas del partido?<\/em><\/span><\/li>\n<li><span style=\"color: #008000\"><em>Tenemos que ganar como sea<\/em><\/span><\/li>\n<li><span style=\"color: #008000\"><em>Y de primas, \u00bfc\u00f3mo andar\u00e9is?<\/em><\/span><\/li>\n<li><span style=\"color: #008000\"><em>No sabemos nada, como dicen en las bodas<\/em><\/span><\/li>\n<li><span style=\"color: #008000\"><em>Adem\u00e1s no se puede airear, interviene Pep\u00edn<\/em><\/span><\/li>\n<li><span style=\"color: #008000\"><em>Y t\u00fa Corral, \u00bfqu\u00e9 me dices del encuentro?<\/em><\/span><\/li>\n<li><span style=\"color: #008000\"><em>Como no juego, no digo nada<\/em><\/span><\/li>\n<\/ul>\n<p><span style=\"color: #008000\"><em>Continuamos la charla y R\u00edo asegura que pa el Betis la victoria supone mantener un positivo, con la ilusi\u00f3n de poder coger otro en Barcelona frente al Espa\u00f1ol, y recibir con tranquilidad al Real Madrid. L\u00f3pez Hidalgo no tiene nada que oponer a su capit\u00e1n.<\/em><\/span><\/p>\n<p><span style=\"color: #008000\"><em>Abandonamos el grupo y reclamamos la presencia de Ansola, que ha acudido a ver la televisi\u00f3n. Nos sentamos aparte, en uni\u00f3n de Francisco Garc\u00eda. El bravo delantero centro del Betis recibir\u00e1 ma\u00f1ana un preciado trofeo con el que ha sido galardonado por los norteamericanos. La entrega se efectuar\u00e1 antes del partido, con vistoso ceremonial, desfile de banderas, himnos, etc, y seguidamente se disputar\u00e1 un encuentro de f\u00fatbol americano. Ansola, modesto, quita importancia a sus m\u00e9ritos, aunque reconozca que el galard\u00f3n es preciado.<\/em><\/span><\/p>\n<ul>\n<li><span style=\"color: #008000\"><em>\u00bfCu\u00e1ntos goles piensas marcar?<\/em><\/span><\/li>\n<li><span style=\"color: #008000\"><em>\u00a1Si yo supiera\u00a1<\/em><\/span><\/li>\n<li><span style=\"color: #008000\"><em>Dos, interviene Francisco Garc\u00eda; el que mete todos los domingos y otro que me brindar\u00e1 a m\u00ed<\/em><\/span><\/li>\n<li><span style=\"color: #008000\"><em>Muchos aficionados piensan que va a llegar un momento en que te canses de luchar tan en solitario frente a las defensas adversarias. \u00bfTienen raz\u00f3n?<\/em><\/span><\/li>\n<li><span style=\"color: #008000\"><em>No creo que siempre est\u00e9 solo. A vece s\u00ed, pero otras acompa\u00f1ado. Yo siempre luchar\u00e9 con entusiasmo, pueden estar seguros<\/em><\/span><\/li>\n<li><span style=\"color: #008000\"><em>\u00bfQu\u00e9 es lo que m\u00e1s temes del Sevilla?<\/em><\/span><\/li>\n<li><span style=\"color: #008000\"><em>El apelotonamiento de hombres atr\u00e1s<\/em><\/span><\/li>\n<li><span style=\"color: #008000\"><em>\u00bfAprendiste mucho desde que llegaste a Sevilla?<\/em><\/span><\/li>\n<li><span style=\"color: #008000\"><em>Bastante, y f\u00edsicamente me encuentro mucho mejor<\/em><\/span><\/li>\n<li><span style=\"color: #008000\"><em>\u00bfC\u00f3mo sobrellevas las concentraciones?<\/em><\/span><\/li>\n<li><span style=\"color: #008000\"><em>Me aburro, pero reconozco que son una preparaci\u00f3n para los partidos<\/em><\/span><\/li>\n<\/ul>\n<p><span style=\"color: #008000\"><em>Para Ansola ser\u00e1n los primeros y mejores aplausos de los aficionados que ma\u00f1ana acudan al encuentro. Bien merecidos se los tiene.<\/em><\/span><\/p>\n<p><span style=\"color: #008000\"><em>Nos damos otra vuelta por la sala y pedimos a los jugadores un pron\u00f3stico. Todos, a excepci\u00f3n de Azc\u00e1rate, opinan que la victoria ser\u00e1 suya por una diferencia de dos goles. Azc\u00e1rate es pesimista.<\/em><\/span><\/p>\n<ul>\n<li><span style=\"color: #008000\"><em>Los compa\u00f1eros tendr\u00e1n que luchar mucho si quieren ganar<\/em><\/span><\/li>\n<li><span style=\"color: #008000\"><em>\u00bfTe autoeliminas de la formaci\u00f3n?<\/em><\/span><\/li>\n<li><span style=\"color: #008000\"><em>S\u00e9 que no voy a jugar<\/em><\/span><\/li>\n<\/ul>\n<p><span style=\"color: #008000\"><em>Pallar\u00e9s y Vicente le dan \u00e1nimos, pero \u00e9l persiste en su criterio.<\/em><\/span><\/p>\n<ul>\n<li><span style=\"color: #008000\"><em>\u00bfA qu\u00e9 se debe tu estado de \u00e1nimo?<\/em><\/span><\/li>\n<li><span style=\"color: #008000\"><em>No lo s\u00e9. Lo cierto es que hasta cuando salgo a entrenar estoy pesimista<\/em><\/span><\/li>\n<\/ul>\n<p><span style=\"color: #008000\"><em>Cuando nos retiramos del grupo les deseamos suerte.<\/em><\/span><\/p>\n<ul>\n<li><span style=\"color: #008000\"><em>Eso, afirma Pallar\u00e9s, para los que no sepan<\/em><\/span><\/li>\n<\/ul>\n<p><span style=\"color: #008000\"><em>En la mesa de billar, Montaner, Frasco, Paquito y Breval hacen sus carambolas, no muchas por cierto. Es conocido de todos que a Montaner no le agrada jugar de extremo<\/em><\/span><\/p>\n<ul>\n<li><span style=\"color: #008000\"><em>Puedo asegurarte, afirma ante mi insistencia por su cara de circunstancias, que ya me gusta el puesto. Adem\u00e1s juego donde me pongan<\/em><\/span><\/li>\n<\/ul>\n<p><span style=\"color: #008000\"><em>Frasco espera que la victoria sea para el Betis y lo mismo le ocurre a Breval. A Paquito le preguntamos por la prima que recibir\u00e1n si ganan. Asegura no saberlo, pero nos enteramos que por ganar el Carranza se les tiene prometido un total de 300.000 pesetas, m\u00e1s las 50.000 pesetas que ya pag\u00f3 el se\u00f1or Guijarro<\/em><\/span><\/p>\n<p><span style=\"color: #008000\"><em>Hon a\u00fan sigue sin haber concretado el equipo que saltar\u00e1 al campo. Cuando volvemos al hall nos encontramos con Bosch que acaba de bajar de su habitaci\u00f3n.<\/em><\/span><\/p>\n<ul>\n<li><span style=\"color: #008000\"><em>Lo que m\u00e1s me gusta del Sevilla es la personalidad que le ha dado Daucik al conjunto. Los vi jugar el domingo pasado contra el Zaragoza y se hallan en excelente forma<\/em><\/span><\/li>\n<li><span style=\"color: #008000\"><em>\u00bfPesimista?<\/em><\/span><\/li>\n<li><span style=\"color: #008000\"><em>Pero tendremos que luchar al m\u00e1ximo si queremos triunfar. Conf\u00edo en que saldremos victoriosos<\/em><\/span><\/li>\n<\/ul>\n<p><span style=\"color: #008000\"><em>A quienes no vimos fue a Su\u00e1rez y Grau, que deb\u00edan encontrarse en sus habitaciones. Para hoy ten\u00edan se\u00f1alada una sesi\u00f3n de bal\u00f3n-tenis para distraerse. Y con Francisco Garc\u00eda, y nuestro fot\u00f3grafo Seraf\u00edn, nos volvimos para Sevilla analizando las posibilidades de uno y otro equipo sin que, por nuestra parte, veamos diferencia a favor de uno y otro. Como es natural el ex directivo b\u00e9tico mira a trav\u00e9s de cristal verde y ve victoria de los suyos.\u00a0\u00a0<\/em><\/span><\/p>\n<p>&nbsp;<\/p>\n<p>&nbsp;<\/p>\n<p>&nbsp;<\/p>\n","protected":false},"excerpt":{"rendered":"<p>Desde los a\u00f1os 50 el Hotel Oromana en Alcal\u00e1 de Guadaira ser\u00e1 un lugar muy frecuente del equipo b\u00e9tico en las concentraciones previas a los partidos que se disputaban como local. En la ocasi\u00f3n que traemos es con motivo del derbi contra el Sevilla que se deb\u00eda disputar en el Villamar\u00edn el 18 de octubre&#8230;<\/p>\n","protected":false},"author":5,"featured_media":56320,"comment_status":"open","ping_status":"open","sticky":false,"template":"","format":"standard","meta":{"_kad_post_transparent":"","_kad_post_title":"","_kad_post_layout":"","_kad_post_sidebar_id":"","_kad_post_content_style":"","_kad_post_vertical_padding":"","_kad_post_feature":"","_kad_post_feature_position":"","_kad_post_header":false,"_kad_post_footer":false,"_kad_post_classname":"","_jetpack_memberships_contains_paid_content":false,"footnotes":"","jetpack_publicize_message":"","jetpack_publicize_feature_enabled":true,"jetpack_social_post_already_shared":true,"jetpack_social_options":{"image_generator_settings":{"template":"highway","default_image_id":0,"font":"","enabled":false},"version":2}},"categories":[902,1],"tags":[4033,2900,1370,1212,3783,1336,2354,5859,17903],"class_list":["post-56319","post","type-post","status-publish","format-standard","has-post-thumbnail","hentry","category-1960-1969","category-portada","tag-4033","tag-1964-65","tag-andres-molina","tag-eusebio-rios","tag-hotel-oromana-alcala-de-guadaira","tag-jose-casas-pepin","tag-jose-lopez-hidalgo","tag-jose-maria-corral","tag-liga-primera-1964-65"],"jetpack_publicize_connections":[],"jetpack_featured_media_url":"https:\/\/i0.wp.com\/www.manquepierda.com\/historiarealbetis\/files\/2016\/12\/17-Concentraci%C3%B3n-en-Oromana-imagen.jpg?fit=991%2C583&ssl=1","jetpack_sharing_enabled":true,"jetpack_shortlink":"https:\/\/wp.me\/p1ij08-eEn","jetpack-related-posts":[],"_links":{"self":[{"href":"https:\/\/www.manquepierda.com\/historiarealbetis\/wp-json\/wp\/v2\/posts\/56319","targetHints":{"allow":["GET"]}}],"collection":[{"href":"https:\/\/www.manquepierda.com\/historiarealbetis\/wp-json\/wp\/v2\/posts"}],"about":[{"href":"https:\/\/www.manquepierda.com\/historiarealbetis\/wp-json\/wp\/v2\/types\/post"}],"author":[{"embeddable":true,"href":"https:\/\/www.manquepierda.com\/historiarealbetis\/wp-json\/wp\/v2\/users\/5"}],"replies":[{"embeddable":true,"href":"https:\/\/www.manquepierda.com\/historiarealbetis\/wp-json\/wp\/v2\/comments?post=56319"}],"version-history":[{"count":1,"href":"https:\/\/www.manquepierda.com\/historiarealbetis\/wp-json\/wp\/v2\/posts\/56319\/revisions"}],"predecessor-version":[{"id":98466,"href":"https:\/\/www.manquepierda.com\/historiarealbetis\/wp-json\/wp\/v2\/posts\/56319\/revisions\/98466"}],"wp:featuredmedia":[{"embeddable":true,"href":"https:\/\/www.manquepierda.com\/historiarealbetis\/wp-json\/wp\/v2\/media\/56320"}],"wp:attachment":[{"href":"https:\/\/www.manquepierda.com\/historiarealbetis\/wp-json\/wp\/v2\/media?parent=56319"}],"wp:term":[{"taxonomy":"category","embeddable":true,"href":"https:\/\/www.manquepierda.com\/historiarealbetis\/wp-json\/wp\/v2\/categories?post=56319"},{"taxonomy":"post_tag","embeddable":true,"href":"https:\/\/www.manquepierda.com\/historiarealbetis\/wp-json\/wp\/v2\/tags?post=56319"}],"curies":[{"name":"wp","href":"https:\/\/api.w.org\/{rel}","templated":true}]}}