{"id":56726,"date":"2020-01-15T10:30:17","date_gmt":"2020-01-15T09:30:17","guid":{"rendered":"http:\/\/www.manquepierda.com\/historiarealbetis\/?p=56726"},"modified":"2025-07-20T15:38:32","modified_gmt":"2025-07-20T13:38:32","slug":"hoy-21-anos-5","status":"publish","type":"post","link":"https:\/\/www.manquepierda.com\/historiarealbetis\/hoy-21-anos-5\/","title":{"rendered":"Hoy hace 21 a\u00f1os. Fichaje de Iulian Filipescu."},"content":{"rendered":"<p><a href=\"https:\/\/i0.wp.com\/www.manquepierda.com\/historiarealbetis\/files\/2017\/01\/1999-01-15-Fichaje-de-Filipescu.jpg?ssl=1\"><img data-recalc-dims=\"1\" loading=\"lazy\" decoding=\"async\" class=\"aligncenter size-full wp-image-56727\" src=\"https:\/\/i0.wp.com\/www.manquepierda.com\/historiarealbetis\/files\/2017\/01\/1999-01-15-Fichaje-de-Filipescu.jpg?resize=377%2C513&#038;ssl=1\" alt=\"\" width=\"377\" height=\"513\" srcset=\"https:\/\/i0.wp.com\/www.manquepierda.com\/historiarealbetis\/files\/2017\/01\/1999-01-15-Fichaje-de-Filipescu.jpg?w=377&amp;ssl=1 377w, https:\/\/i0.wp.com\/www.manquepierda.com\/historiarealbetis\/files\/2017\/01\/1999-01-15-Fichaje-de-Filipescu.jpg?resize=162%2C220&amp;ssl=1 162w\" sizes=\"auto, (max-width: 377px) 100vw, 377px\" \/><\/a><\/p>\n<p><span style=\"color: #008000\">El 15 de enero de 1999 el defensa internacional rumano Iulian Filipescu llega a un acuerdo para fichar por 7 temporadas con el Betis a cambio de 8 millones de d\u00f3lares para su club de procedencia, \u00a0el Galatasaray turco.<\/span><\/p>\n<p><span style=\"color: #008000\">Con este fichaje se cubr\u00eda en la plantilla la baja federativa producida por una grave lesi\u00f3n de Angel Cu\u00e9llar, adem\u00e1s de reforzar el eje de la defensa tras la baja tambi\u00e9n por lesi\u00f3n de Hristo Vidakovic y los problemas disciplinarios con Celso Ayala.<\/span><\/p>\n","protected":false},"excerpt":{"rendered":"<p>El 15 de enero de 1999 el defensa internacional rumano Iulian Filipescu llega a un acuerdo para fichar por 7 temporadas con el Betis a cambio de 8 millones de d\u00f3lares para su club de procedencia, \u00a0el Galatasaray turco. Con este fichaje se cubr\u00eda en la plantilla la baja federativa producida por una grave lesi\u00f3n&#8230;<\/p>\n","protected":false},"author":5,"featured_media":56727,"comment_status":"open","ping_status":"open","sticky":false,"template":"","format":"standard","meta":{"_kad_post_transparent":"","_kad_post_title":"","_kad_post_layout":"","_kad_post_sidebar_id":"","_kad_post_content_style":"","_kad_post_vertical_padding":"","_kad_post_feature":"","_kad_post_feature_position":"","_kad_post_header":false,"_kad_post_footer":false,"_kad_post_classname":"","_jetpack_memberships_contains_paid_content":false,"footnotes":"","jetpack_publicize_message":"","jetpack_publicize_feature_enabled":true,"jetpack_social_post_already_shared":true,"jetpack_social_options":{"image_generator_settings":{"template":"highway","default_image_id":0,"font":"","enabled":false},"version":2}},"categories":[905,14583,1],"tags":[4449,18696,4957],"class_list":["post-56726","post","type-post","status-publish","format-standard","has-post-thumbnail","hentry","category-1990-1999","category-efemerides","category-portada","tag-4449","tag-galatasaray-sk","tag-iulian-filipescu"],"jetpack_publicize_connections":[],"jetpack_featured_media_url":"https:\/\/i0.wp.com\/www.manquepierda.com\/historiarealbetis\/files\/2017\/01\/1999-01-15-Fichaje-de-Filipescu.jpg?fit=377%2C513&ssl=1","jetpack_sharing_enabled":true,"jetpack_shortlink":"https:\/\/wp.me\/p1ij08-eKW","jetpack-related-posts":[],"_links":{"self":[{"href":"https:\/\/www.manquepierda.com\/historiarealbetis\/wp-json\/wp\/v2\/posts\/56726","targetHints":{"allow":["GET"]}}],"collection":[{"href":"https:\/\/www.manquepierda.com\/historiarealbetis\/wp-json\/wp\/v2\/posts"}],"about":[{"href":"https:\/\/www.manquepierda.com\/historiarealbetis\/wp-json\/wp\/v2\/types\/post"}],"author":[{"embeddable":true,"href":"https:\/\/www.manquepierda.com\/historiarealbetis\/wp-json\/wp\/v2\/users\/5"}],"replies":[{"embeddable":true,"href":"https:\/\/www.manquepierda.com\/historiarealbetis\/wp-json\/wp\/v2\/comments?post=56726"}],"version-history":[{"count":1,"href":"https:\/\/www.manquepierda.com\/historiarealbetis\/wp-json\/wp\/v2\/posts\/56726\/revisions"}],"predecessor-version":[{"id":103956,"href":"https:\/\/www.manquepierda.com\/historiarealbetis\/wp-json\/wp\/v2\/posts\/56726\/revisions\/103956"}],"wp:featuredmedia":[{"embeddable":true,"href":"https:\/\/www.manquepierda.com\/historiarealbetis\/wp-json\/wp\/v2\/media\/56727"}],"wp:attachment":[{"href":"https:\/\/www.manquepierda.com\/historiarealbetis\/wp-json\/wp\/v2\/media?parent=56726"}],"wp:term":[{"taxonomy":"category","embeddable":true,"href":"https:\/\/www.manquepierda.com\/historiarealbetis\/wp-json\/wp\/v2\/categories?post=56726"},{"taxonomy":"post_tag","embeddable":true,"href":"https:\/\/www.manquepierda.com\/historiarealbetis\/wp-json\/wp\/v2\/tags?post=56726"}],"curies":[{"name":"wp","href":"https:\/\/api.w.org\/{rel}","templated":true}]}}