{"id":56730,"date":"2017-01-11T07:36:48","date_gmt":"2017-01-11T06:36:48","guid":{"rendered":"http:\/\/www.manquepierda.com\/historiarealbetis\/?p=56730"},"modified":"2023-01-26T19:43:26","modified_gmt":"2023-01-26T18:43:26","slug":"salvador-navarro-salva","status":"publish","type":"post","link":"https:\/\/www.manquepierda.com\/historiarealbetis\/salvador-navarro-salva\/","title":{"rendered":"Salvador Navarro, \u00abSalva\u00bb"},"content":{"rendered":"<p><a href=\"https:\/\/i0.wp.com\/www.manquepierda.com\/historiarealbetis\/files\/2017\/01\/Salvador-Navarro-Salva.jpg?ssl=1\"><img data-recalc-dims=\"1\" loading=\"lazy\" decoding=\"async\" class=\"aligncenter size-full wp-image-56731\" src=\"https:\/\/i0.wp.com\/www.manquepierda.com\/historiarealbetis\/files\/2017\/01\/Salvador-Navarro-Salva.jpg?resize=244%2C289&#038;ssl=1\" alt=\"\" width=\"244\" height=\"289\" srcset=\"https:\/\/i0.wp.com\/www.manquepierda.com\/historiarealbetis\/files\/2017\/01\/Salvador-Navarro-Salva.jpg?w=244&amp;ssl=1 244w, https:\/\/i0.wp.com\/www.manquepierda.com\/historiarealbetis\/files\/2017\/01\/Salvador-Navarro-Salva.jpg?resize=186%2C220&amp;ssl=1 186w\" sizes=\"auto, (max-width: 244px) 100vw, 244px\" \/><\/a><\/p>\n<p><strong>Salvador Navarro Segura, Salva,<\/strong> nacido en Almer\u00eda el 15 de septiembre de 1960.<\/p>\n<p>Portero.<\/p>\n<p>Con 18 a\u00f1os lleg\u00f3 al juvenil b\u00e9tico procedente del Real Madrid juvenil, tras haberse iniciado en categor\u00edas inferiores en su ciudad natal.<\/p>\n<p>En esa misma temporada pas\u00f3 al filial verdiblanco que por entonces militaba en la Tercera Divisi\u00f3n. En diciembre de 1981 debut\u00f3 con el primer equipo en un amistoso contra el Dos Hermanas, y en la temporada 1982-83 se integr\u00f3 en la primera plantilla verdiblanca, donde ten\u00eda la misi\u00f3n de suplir a Jos\u00e9 Ram\u00f3n Esnaola. Una lesi\u00f3n del guardameta vasco propici\u00f3 su debut en partido oficial contra el Atl\u00e9tico de Madrid en el Villamar\u00edn el 12 de octubre de 1983.<\/p>\n<p>En sus 4 primeras campa\u00f1as con el primer equipo jug\u00f3 solo ese partido de Liga, participando en algunos encuentros de Copa y de la Copa de la Liga. Fue en la temporada 1986-87 y 1987-88 cuando s\u00ed intervino con asiduidad en la porter\u00eda b\u00e9tica, aunque al final de esta campa\u00f1a qued\u00f3 en libertad, pasando posteriormente por el Tenerife, Recreativo de Huelva, Polideportivo Ejido, Atl\u00e9tico Sanluque\u00f1o y Almer\u00eda.<\/p>\n<p>Historial<\/p>\n<table width=\"254\">\n<tbody>\n<tr>\n<td width=\"80\">1978-79<\/td>\n<td width=\"94\">Betis Deportivo<\/td>\n<td width=\"80\">Tercera<\/td>\n<\/tr>\n<tr>\n<td>1979-80<\/td>\n<td>Betis Deportivo<\/td>\n<td>Tercera<\/td>\n<\/tr>\n<tr>\n<td>1980-81<\/td>\n<td>Betis Deportivo<\/td>\n<td>Tercera<\/td>\n<\/tr>\n<tr>\n<td>1981-82<\/td>\n<td>Betis Deportivo<\/td>\n<td>Tercera<\/td>\n<\/tr>\n<tr>\n<td>1982-83<\/td>\n<td>Betis<\/td>\n<td>Primera<\/td>\n<\/tr>\n<tr>\n<td>1983-84<\/td>\n<td>Betis<\/td>\n<td>Primera<\/td>\n<\/tr>\n<tr>\n<td>1984-85<\/td>\n<td>Betis<\/td>\n<td>Primera<\/td>\n<\/tr>\n<tr>\n<td>1985-86<\/td>\n<td>Betis<\/td>\n<td>Primera<\/td>\n<\/tr>\n<tr>\n<td>1986-87<\/td>\n<td>Betis<\/td>\n<td>Primera<\/td>\n<\/tr>\n<tr>\n<td>1987-88<\/td>\n<td>Betis<\/td>\n<td>Primera<\/td>\n<\/tr>\n<tr>\n<td>1988-89<\/td>\n<td>Tenerife<\/td>\n<td>Segunda<\/td>\n<\/tr>\n<tr>\n<td>1989-90<\/td>\n<td>Recreativo<\/td>\n<td>Segunda<\/td>\n<\/tr>\n<tr>\n<td width=\"80\">1990-91<\/td>\n<td width=\"94\">Recreativo<\/td>\n<td>Segunda B<\/td>\n<\/tr>\n<tr>\n<td>1990-91<\/td>\n<td>Polid.Ejido<\/td>\n<td>Tercera<\/td>\n<\/tr>\n<tr>\n<td width=\"80\">1991-92<\/td>\n<td width=\"94\">Polid.Ejido<\/td>\n<td>Segunda B<\/td>\n<\/tr>\n<tr>\n<td>1992-93<\/td>\n<td>Atl.Sanluque\u00f1o<\/td>\n<td>Tercera<\/td>\n<\/tr>\n<tr>\n<td>1993-94<\/td>\n<td>Polid.Almer\u00eda<\/td>\n<td>Tercera<\/td>\n<\/tr>\n<tr>\n<td width=\"80\">1994-95<\/td>\n<td width=\"94\">Almer\u00eda<\/td>\n<td>Segunda B<\/td>\n<\/tr>\n<\/tbody>\n<\/table>\n<p>En sus 6 temporadas en el Betis Salva jug\u00f3 39 partidos de Liga, 10 de Copa, 4 de la Copa de la Liga y 48 amistosos.<\/p>\n","protected":false},"excerpt":{"rendered":"<p>Salvador Navarro Segura, Salva, nacido en Almer\u00eda el 15 de septiembre de 1960. Portero. Con 18 a\u00f1os lleg\u00f3 al juvenil b\u00e9tico procedente del Real Madrid juvenil, tras haberse iniciado en categor\u00edas inferiores en su ciudad natal. En esa misma temporada pas\u00f3 al filial verdiblanco que por entonces militaba en la Tercera Divisi\u00f3n. En diciembre de&#8230;<\/p>\n","protected":false},"author":5,"featured_media":56731,"comment_status":"open","ping_status":"open","sticky":false,"template":"","format":"standard","meta":{"_kad_post_transparent":"","_kad_post_title":"","_kad_post_layout":"","_kad_post_sidebar_id":"","_kad_post_content_style":"","_kad_post_vertical_padding":"","_kad_post_feature":"","_kad_post_feature_position":"","_kad_post_header":false,"_kad_post_footer":false,"_kad_post_classname":"","_jetpack_memberships_contains_paid_content":false,"footnotes":"","jetpack_publicize_message":"","jetpack_publicize_feature_enabled":true,"jetpack_social_post_already_shared":true,"jetpack_social_options":{"image_generator_settings":{"template":"highway","default_image_id":0,"font":"","enabled":false},"version":2}},"categories":[893,1],"tags":[1485],"class_list":["post-56730","post","type-post","status-publish","format-standard","has-post-thumbnail","hentry","category-jugadores-temas","category-portada","tag-salvador-navarro-salva"],"jetpack_publicize_connections":[],"jetpack_featured_media_url":"https:\/\/i0.wp.com\/www.manquepierda.com\/historiarealbetis\/files\/2017\/01\/Salvador-Navarro-Salva.jpg?fit=244%2C289&ssl=1","jetpack_sharing_enabled":true,"jetpack_shortlink":"https:\/\/wp.me\/p1ij08-eL0","jetpack-related-posts":[],"_links":{"self":[{"href":"https:\/\/www.manquepierda.com\/historiarealbetis\/wp-json\/wp\/v2\/posts\/56730","targetHints":{"allow":["GET"]}}],"collection":[{"href":"https:\/\/www.manquepierda.com\/historiarealbetis\/wp-json\/wp\/v2\/posts"}],"about":[{"href":"https:\/\/www.manquepierda.com\/historiarealbetis\/wp-json\/wp\/v2\/types\/post"}],"author":[{"embeddable":true,"href":"https:\/\/www.manquepierda.com\/historiarealbetis\/wp-json\/wp\/v2\/users\/5"}],"replies":[{"embeddable":true,"href":"https:\/\/www.manquepierda.com\/historiarealbetis\/wp-json\/wp\/v2\/comments?post=56730"}],"version-history":[{"count":1,"href":"https:\/\/www.manquepierda.com\/historiarealbetis\/wp-json\/wp\/v2\/posts\/56730\/revisions"}],"predecessor-version":[{"id":87723,"href":"https:\/\/www.manquepierda.com\/historiarealbetis\/wp-json\/wp\/v2\/posts\/56730\/revisions\/87723"}],"wp:featuredmedia":[{"embeddable":true,"href":"https:\/\/www.manquepierda.com\/historiarealbetis\/wp-json\/wp\/v2\/media\/56731"}],"wp:attachment":[{"href":"https:\/\/www.manquepierda.com\/historiarealbetis\/wp-json\/wp\/v2\/media?parent=56730"}],"wp:term":[{"taxonomy":"category","embeddable":true,"href":"https:\/\/www.manquepierda.com\/historiarealbetis\/wp-json\/wp\/v2\/categories?post=56730"},{"taxonomy":"post_tag","embeddable":true,"href":"https:\/\/www.manquepierda.com\/historiarealbetis\/wp-json\/wp\/v2\/tags?post=56730"}],"curies":[{"name":"wp","href":"https:\/\/api.w.org\/{rel}","templated":true}]}}