{"id":56865,"date":"2020-01-21T10:30:45","date_gmt":"2020-01-21T09:30:45","guid":{"rendered":"http:\/\/www.manquepierda.com\/historiarealbetis\/?p=56865"},"modified":"2021-06-19T19:10:28","modified_gmt":"2021-06-19T17:10:28","slug":"hoy-45-anos-3-2","status":"publish","type":"post","link":"https:\/\/www.manquepierda.com\/historiarealbetis\/hoy-45-anos-3-2\/","title":{"rendered":"Hoy hace 45 a\u00f1os. Nace Antonio Alvarez \u00abIto\u00bb."},"content":{"rendered":"<p><a href=\"https:\/\/i0.wp.com\/www.manquepierda.com\/historiarealbetis\/files\/2017\/01\/21-1975-Nace-Ito.jpg?ssl=1\"><img data-recalc-dims=\"1\" loading=\"lazy\" decoding=\"async\" class=\"aligncenter size-full wp-image-56866\" src=\"https:\/\/i0.wp.com\/www.manquepierda.com\/historiarealbetis\/files\/2017\/01\/21-1975-Nace-Ito.jpg?resize=306%2C450&#038;ssl=1\" alt=\"\" width=\"306\" height=\"450\" srcset=\"https:\/\/i0.wp.com\/www.manquepierda.com\/historiarealbetis\/files\/2017\/01\/21-1975-Nace-Ito.jpg?w=306&amp;ssl=1 306w, https:\/\/i0.wp.com\/www.manquepierda.com\/historiarealbetis\/files\/2017\/01\/21-1975-Nace-Ito.jpg?resize=150%2C220&amp;ssl=1 150w\" sizes=\"auto, (max-width: 306px) 100vw, 306px\" \/><\/a><\/p>\n<p><span style=\"color: #008000\">El 21 de enero de 1975 nace en Almendralejo (Badajoz) Antonio Alvarez P\u00e9rez \u00abIto\u00bb, quien fuera jugador del Real Betis Balompi\u00e9 entre 1998 y 2005, aunque en esta \u00faltima temporada jug\u00f3 cedido en el Espanyol.<\/span><\/p>\n<p><span style=\"color: #008000\">Ito lleg\u00f3 al Betis procedente del Celta avalado por una brillante trayectoria y como una de las grandes promesas del f\u00fatbol espa\u00f1ol. Aunque su rendimiento estuvo por debajo de lo esperado y nunca conect\u00f3 con la afici\u00f3n b\u00e9tica.<\/span><\/p>\n<p><span style=\"color: #008000\">Para saber m\u00e1s de su trayectoria b\u00e9tica ver <a href=\"https:\/\/www.manquepierda.com\/historiarealbetis\/antonio-alvarez-ito\/\"><strong>aqu\u00ed.&nbsp;<\/strong><\/a><\/span><\/p>\n","protected":false},"excerpt":{"rendered":"<p>El 21 de enero de 1975 nace en Almendralejo (Badajoz) Antonio Alvarez P\u00e9rez \u00abIto\u00bb, quien fuera jugador del Real Betis Balompi\u00e9 entre 1998 y 2005, aunque en esta \u00faltima temporada jug\u00f3 cedido en el Espanyol. Ito lleg\u00f3 al Betis procedente del Celta avalado por una brillante trayectoria y como una de las grandes promesas del&#8230;<\/p>\n","protected":false},"author":5,"featured_media":56866,"comment_status":"open","ping_status":"open","sticky":false,"template":"","format":"standard","meta":{"_kad_post_transparent":"","_kad_post_title":"","_kad_post_layout":"","_kad_post_sidebar_id":"","_kad_post_content_style":"","_kad_post_vertical_padding":"","_kad_post_feature":"","_kad_post_feature_position":"","_kad_post_header":false,"_kad_post_footer":false,"_kad_post_classname":"","_jetpack_memberships_contains_paid_content":false,"footnotes":"","jetpack_publicize_message":"","jetpack_publicize_feature_enabled":true,"jetpack_social_post_already_shared":true,"jetpack_social_options":{"image_generator_settings":{"template":"highway","default_image_id":0,"font":"","enabled":false},"version":2}},"categories":[903,14583,1],"tags":[1076],"class_list":["post-56865","post","type-post","status-publish","format-standard","has-post-thumbnail","hentry","category-1970-1979","category-efemerides","category-portada","tag-antonio-alvarez-ito"],"jetpack_publicize_connections":[],"jetpack_featured_media_url":"https:\/\/i0.wp.com\/www.manquepierda.com\/historiarealbetis\/files\/2017\/01\/21-1975-Nace-Ito.jpg?fit=306%2C450&ssl=1","jetpack_sharing_enabled":true,"jetpack_shortlink":"https:\/\/wp.me\/p1ij08-eNb","jetpack-related-posts":[],"_links":{"self":[{"href":"https:\/\/www.manquepierda.com\/historiarealbetis\/wp-json\/wp\/v2\/posts\/56865","targetHints":{"allow":["GET"]}}],"collection":[{"href":"https:\/\/www.manquepierda.com\/historiarealbetis\/wp-json\/wp\/v2\/posts"}],"about":[{"href":"https:\/\/www.manquepierda.com\/historiarealbetis\/wp-json\/wp\/v2\/types\/post"}],"author":[{"embeddable":true,"href":"https:\/\/www.manquepierda.com\/historiarealbetis\/wp-json\/wp\/v2\/users\/5"}],"replies":[{"embeddable":true,"href":"https:\/\/www.manquepierda.com\/historiarealbetis\/wp-json\/wp\/v2\/comments?post=56865"}],"version-history":[{"count":0,"href":"https:\/\/www.manquepierda.com\/historiarealbetis\/wp-json\/wp\/v2\/posts\/56865\/revisions"}],"wp:featuredmedia":[{"embeddable":true,"href":"https:\/\/www.manquepierda.com\/historiarealbetis\/wp-json\/wp\/v2\/media\/56866"}],"wp:attachment":[{"href":"https:\/\/www.manquepierda.com\/historiarealbetis\/wp-json\/wp\/v2\/media?parent=56865"}],"wp:term":[{"taxonomy":"category","embeddable":true,"href":"https:\/\/www.manquepierda.com\/historiarealbetis\/wp-json\/wp\/v2\/categories?post=56865"},{"taxonomy":"post_tag","embeddable":true,"href":"https:\/\/www.manquepierda.com\/historiarealbetis\/wp-json\/wp\/v2\/tags?post=56865"}],"curies":[{"name":"wp","href":"https:\/\/api.w.org\/{rel}","templated":true}]}}