{"id":56876,"date":"2017-01-18T07:31:50","date_gmt":"2017-01-18T06:31:50","guid":{"rendered":"http:\/\/www.manquepierda.com\/historiarealbetis\/?p=56876"},"modified":"2024-08-26T07:49:56","modified_gmt":"2024-08-26T05:49:56","slug":"internacionales-del-betis-1998","status":"publish","type":"post","link":"https:\/\/www.manquepierda.com\/historiarealbetis\/internacionales-del-betis-1998\/","title":{"rendered":"Internacionales del Betis en 1998"},"content":{"rendered":"<p><a href=\"https:\/\/i0.wp.com\/www.manquepierda.com\/historiarealbetis\/files\/2017\/01\/Internacionales-1998.jpg?ssl=1\"><img data-recalc-dims=\"1\" loading=\"lazy\" decoding=\"async\" class=\"aligncenter size-medium wp-image-56877\" src=\"https:\/\/i0.wp.com\/www.manquepierda.com\/historiarealbetis\/files\/2017\/01\/Internacionales-1998.jpg?resize=680%2C268&#038;ssl=1\" alt=\"\" width=\"680\" height=\"268\" srcset=\"https:\/\/i0.wp.com\/www.manquepierda.com\/historiarealbetis\/files\/2017\/01\/Internacionales-1998.jpg?resize=680%2C268&amp;ssl=1 680w, https:\/\/i0.wp.com\/www.manquepierda.com\/historiarealbetis\/files\/2017\/01\/Internacionales-1998.jpg?resize=220%2C87&amp;ssl=1 220w, https:\/\/i0.wp.com\/www.manquepierda.com\/historiarealbetis\/files\/2017\/01\/Internacionales-1998.jpg?resize=768%2C303&amp;ssl=1 768w, https:\/\/i0.wp.com\/www.manquepierda.com\/historiarealbetis\/files\/2017\/01\/Internacionales-1998.jpg?w=929&amp;ssl=1 929w\" sizes=\"auto, (max-width: 680px) 100vw, 680px\" \/><\/a><\/p>\n<p>En la imagen varios jugadores del Betis posan en el Villamar\u00edn con las camisetas de sus respectivas selecciones nacionales: Alfonso P\u00e9rez (Espa\u00f1a), Hristo Vidakovic (Yugoslavia), Albert Nadj (Yugoslavia), Finidi George (Nigeria), Robert Jarni (Croacia) y Oliverio Alvarez \u00abOli\u00bb (Espa\u00f1a).<\/p>\n<p>Tres de ellos acudir\u00edan al Mundial de 1998 celebrado en Francia: Alfonso, Finidi y Jarni.<\/p>\n","protected":false},"excerpt":{"rendered":"<p>En la imagen varios jugadores del Betis posan en el Villamar\u00edn con las camisetas de sus respectivas selecciones nacionales: Alfonso P\u00e9rez (Espa\u00f1a), Hristo Vidakovic (Yugoslavia), Albert Nadj (Yugoslavia), Finidi George (Nigeria), Robert Jarni (Croacia) y Oliverio Alvarez \u00abOli\u00bb (Espa\u00f1a). Tres de ellos acudir\u00edan al Mundial de 1998 celebrado en Francia: Alfonso, Finidi y Jarni.<\/p>\n","protected":false},"author":5,"featured_media":56877,"comment_status":"open","ping_status":"open","sticky":false,"template":"","format":"standard","meta":{"_kad_post_transparent":"","_kad_post_title":"","_kad_post_layout":"","_kad_post_sidebar_id":"","_kad_post_content_style":"","_kad_post_vertical_padding":"","_kad_post_feature":"","_kad_post_feature_position":"","_kad_post_header":false,"_kad_post_footer":false,"_kad_post_classname":"","_jetpack_memberships_contains_paid_content":false,"footnotes":"","jetpack_publicize_message":"","jetpack_publicize_feature_enabled":true,"jetpack_social_post_already_shared":true,"jetpack_social_options":{"image_generator_settings":{"template":"highway","default_image_id":0,"font":"","enabled":false},"version":2}},"categories":[905,1],"tags":[2413,2479,1441,381,2420,16845,1333],"class_list":["post-56876","post","type-post","status-publish","format-standard","has-post-thumbnail","hentry","category-1990-1999","category-portada","tag-2413","tag-albert-nadj","tag-alfonso-perez","tag-finidi-george","tag-oliverio-alvarez-oli","tag-risto-vidakovic","tag-robert-jarni"],"jetpack_publicize_connections":[],"jetpack_featured_media_url":"https:\/\/i0.wp.com\/www.manquepierda.com\/historiarealbetis\/files\/2017\/01\/Internacionales-1998.jpg?fit=929%2C366&ssl=1","jetpack_sharing_enabled":true,"jetpack_shortlink":"https:\/\/wp.me\/p1ij08-eNm","jetpack-related-posts":[],"_links":{"self":[{"href":"https:\/\/www.manquepierda.com\/historiarealbetis\/wp-json\/wp\/v2\/posts\/56876","targetHints":{"allow":["GET"]}}],"collection":[{"href":"https:\/\/www.manquepierda.com\/historiarealbetis\/wp-json\/wp\/v2\/posts"}],"about":[{"href":"https:\/\/www.manquepierda.com\/historiarealbetis\/wp-json\/wp\/v2\/types\/post"}],"author":[{"embeddable":true,"href":"https:\/\/www.manquepierda.com\/historiarealbetis\/wp-json\/wp\/v2\/users\/5"}],"replies":[{"embeddable":true,"href":"https:\/\/www.manquepierda.com\/historiarealbetis\/wp-json\/wp\/v2\/comments?post=56876"}],"version-history":[{"count":1,"href":"https:\/\/www.manquepierda.com\/historiarealbetis\/wp-json\/wp\/v2\/posts\/56876\/revisions"}],"predecessor-version":[{"id":97881,"href":"https:\/\/www.manquepierda.com\/historiarealbetis\/wp-json\/wp\/v2\/posts\/56876\/revisions\/97881"}],"wp:featuredmedia":[{"embeddable":true,"href":"https:\/\/www.manquepierda.com\/historiarealbetis\/wp-json\/wp\/v2\/media\/56877"}],"wp:attachment":[{"href":"https:\/\/www.manquepierda.com\/historiarealbetis\/wp-json\/wp\/v2\/media?parent=56876"}],"wp:term":[{"taxonomy":"category","embeddable":true,"href":"https:\/\/www.manquepierda.com\/historiarealbetis\/wp-json\/wp\/v2\/categories?post=56876"},{"taxonomy":"post_tag","embeddable":true,"href":"https:\/\/www.manquepierda.com\/historiarealbetis\/wp-json\/wp\/v2\/tags?post=56876"}],"curies":[{"name":"wp","href":"https:\/\/api.w.org\/{rel}","templated":true}]}}