{"id":56916,"date":"2017-01-18T20:29:50","date_gmt":"2017-01-18T19:29:50","guid":{"rendered":"http:\/\/www.manquepierda.com\/historiarealbetis\/?p=56916"},"modified":"2024-09-12T19:28:40","modified_gmt":"2024-09-12T17:28:40","slug":"hablando-del-balompie-carmelo-navarro-hurtado-100-aniversario","status":"publish","type":"post","link":"https:\/\/www.manquepierda.com\/historiarealbetis\/hablando-del-balompie-carmelo-navarro-hurtado-100-aniversario\/","title":{"rendered":"\u00abHablando del Balompi\u00e9 con CARMELO Navarro Hurtado\u00bb.-100 Aniversario"},"content":{"rendered":"<figure id=\"attachment_56917\" aria-describedby=\"caption-attachment-56917\" style=\"width: 1611px\" class=\"wp-caption aligncenter\"><img data-recalc-dims=\"1\" loading=\"lazy\" decoding=\"async\" class=\"size-full wp-image-56917\" src=\"https:\/\/i0.wp.com\/www.manquepierda.com\/historiarealbetis\/files\/2017\/01\/19170500-Andaluc%C3%ADaIlustrada-01.jpg?resize=1290%2C1961&#038;ssl=1\" alt=\"\" width=\"1290\" height=\"1961\" srcset=\"https:\/\/i0.wp.com\/www.manquepierda.com\/historiarealbetis\/files\/2017\/01\/19170500-Andaluc%C3%ADaIlustrada-01.jpg?w=1611&amp;ssl=1 1611w, https:\/\/i0.wp.com\/www.manquepierda.com\/historiarealbetis\/files\/2017\/01\/19170500-Andaluc%C3%ADaIlustrada-01.jpg?resize=145%2C220&amp;ssl=1 145w, https:\/\/i0.wp.com\/www.manquepierda.com\/historiarealbetis\/files\/2017\/01\/19170500-Andaluc%C3%ADaIlustrada-01.jpg?resize=395%2C600&amp;ssl=1 395w, https:\/\/i0.wp.com\/www.manquepierda.com\/historiarealbetis\/files\/2017\/01\/19170500-Andaluc%C3%ADaIlustrada-01.jpg?resize=768%2C1167&amp;ssl=1 768w, https:\/\/i0.wp.com\/www.manquepierda.com\/historiarealbetis\/files\/2017\/01\/19170500-Andaluc%C3%ADaIlustrada-01.jpg?resize=460%2C700&amp;ssl=1 460w\" sizes=\"auto, (max-width: 1290px) 100vw, 1290px\" \/><figcaption id=\"caption-attachment-56917\" class=\"wp-caption-text\">Gentileza B\u00e9tico Veterano Mario Mirman Castillo.<\/figcaption><\/figure>\n<figure id=\"attachment_56918\" aria-describedby=\"caption-attachment-56918\" style=\"width: 1677px\" class=\"wp-caption aligncenter\"><img data-recalc-dims=\"1\" loading=\"lazy\" decoding=\"async\" class=\"size-full wp-image-56918\" src=\"https:\/\/i0.wp.com\/www.manquepierda.com\/historiarealbetis\/files\/2017\/01\/19170500-Andaluc%C3%ADaIlustrada-02.jpg?resize=1290%2C1864&#038;ssl=1\" alt=\"\" width=\"1290\" height=\"1864\" srcset=\"https:\/\/i0.wp.com\/www.manquepierda.com\/historiarealbetis\/files\/2017\/01\/19170500-Andaluc%C3%ADaIlustrada-02.jpg?w=1677&amp;ssl=1 1677w, https:\/\/i0.wp.com\/www.manquepierda.com\/historiarealbetis\/files\/2017\/01\/19170500-Andaluc%C3%ADaIlustrada-02.jpg?resize=152%2C220&amp;ssl=1 152w, https:\/\/i0.wp.com\/www.manquepierda.com\/historiarealbetis\/files\/2017\/01\/19170500-Andaluc%C3%ADaIlustrada-02.jpg?resize=415%2C600&amp;ssl=1 415w, https:\/\/i0.wp.com\/www.manquepierda.com\/historiarealbetis\/files\/2017\/01\/19170500-Andaluc%C3%ADaIlustrada-02.jpg?resize=768%2C1110&amp;ssl=1 768w, https:\/\/i0.wp.com\/www.manquepierda.com\/historiarealbetis\/files\/2017\/01\/19170500-Andaluc%C3%ADaIlustrada-02.jpg?resize=484%2C700&amp;ssl=1 484w\" sizes=\"auto, (max-width: 1290px) 100vw, 1290px\" \/><figcaption id=\"caption-attachment-56918\" class=\"wp-caption-text\">Cortes\u00eda B\u00e9tico Veterano Mario Mirman Castillo.-Caricatura Pedro HERMOSA Guti\u00e9rrez.<\/figcaption><\/figure>\n<p style=\"text-align: left;padding-left: 30px\"><span style=\"color: #008000\"><em><strong>A los efectos oportunos e informativos, la Copa de plata donada por el directivo del Sevilla FbC-se\u00f1or Lastra, que antes del derbi la vio en la Caseta, y reclam\u00f3 por escrito Herbert Richard JONES, al no serle entregada debidamente y cumplidamente, es la que mi padre bautiz\u00f3 c\u00f3mo la \u00abCopita Florero\u00bb.<\/strong><\/em><\/span><\/p>\n<figure id=\"attachment_56919\" aria-describedby=\"caption-attachment-56919\" style=\"width: 1628px\" class=\"wp-caption aligncenter\"><img data-recalc-dims=\"1\" loading=\"lazy\" decoding=\"async\" class=\"size-full wp-image-56919\" src=\"https:\/\/i0.wp.com\/www.manquepierda.com\/historiarealbetis\/files\/2017\/01\/19170500-Andaluc%C3%ADaIlustrada-03.jpg?resize=1290%2C1945&#038;ssl=1\" alt=\"\" width=\"1290\" height=\"1945\" srcset=\"https:\/\/i0.wp.com\/www.manquepierda.com\/historiarealbetis\/files\/2017\/01\/19170500-Andaluc%C3%ADaIlustrada-03.jpg?w=1628&amp;ssl=1 1628w, https:\/\/i0.wp.com\/www.manquepierda.com\/historiarealbetis\/files\/2017\/01\/19170500-Andaluc%C3%ADaIlustrada-03.jpg?resize=146%2C220&amp;ssl=1 146w, https:\/\/i0.wp.com\/www.manquepierda.com\/historiarealbetis\/files\/2017\/01\/19170500-Andaluc%C3%ADaIlustrada-03.jpg?resize=398%2C600&amp;ssl=1 398w, https:\/\/i0.wp.com\/www.manquepierda.com\/historiarealbetis\/files\/2017\/01\/19170500-Andaluc%C3%ADaIlustrada-03.jpg?resize=768%2C1158&amp;ssl=1 768w, https:\/\/i0.wp.com\/www.manquepierda.com\/historiarealbetis\/files\/2017\/01\/19170500-Andaluc%C3%ADaIlustrada-03.jpg?resize=464%2C700&amp;ssl=1 464w\" sizes=\"auto, (max-width: 1290px) 100vw, 1290px\" \/><figcaption id=\"caption-attachment-56919\" class=\"wp-caption-text\">Cortes\u00eda b\u00e9tico veterano Mario Mirman Castillo.<\/figcaption><\/figure>\n<p style=\"text-align: center\">PE-LE-A creo que es P\u00c9LE (a) Jos\u00e9 Mayo V\u00e1zquez.<\/p>\n<p><strong>Fuente \u00abAndaluc\u00eda Ilustrada\u00bb-Revista Mensual-Pvp 50 c\u00e9ntimos.-Soicedad An\u00f3nima de Publicidad.-A\u00f1o I N\u00ba 11.-Sevilla, Mayo 1917.-Director Manuel Requena.-Oficina calle Federico de Castro n\u00ba 18.<\/strong><\/p>\n","protected":false},"excerpt":{"rendered":"<p>A los efectos oportunos e informativos, la Copa de plata donada por el directivo del Sevilla FbC-se\u00f1or Lastra, que antes del derbi la vio en la Caseta, y reclam\u00f3 por escrito Herbert Richard JONES, al no serle entregada debidamente y cumplidamente, es la que mi padre bautiz\u00f3 c\u00f3mo la \u00abCopita Florero\u00bb. PE-LE-A creo que es&#8230;<\/p>\n","protected":false},"author":48,"featured_media":56917,"comment_status":"open","ping_status":"open","sticky":false,"template":"","format":"standard","meta":{"_kad_post_transparent":"","_kad_post_title":"","_kad_post_layout":"","_kad_post_sidebar_id":"","_kad_post_content_style":"","_kad_post_vertical_padding":"","_kad_post_feature":"","_kad_post_feature_position":"","_kad_post_header":false,"_kad_post_footer":false,"_kad_post_classname":"","_jetpack_memberships_contains_paid_content":false,"footnotes":"","jetpack_publicize_message":"","jetpack_publicize_feature_enabled":true,"jetpack_social_post_already_shared":true,"jetpack_social_options":{"image_generator_settings":{"template":"highway","default_image_id":0,"font":"","enabled":false},"version":2}},"categories":[896,893],"tags":[17239,42,1795],"class_list":["post-56916","post","type-post","status-publish","format-standard","has-post-thumbnail","hentry","category-1908-1919","category-jugadores-temas","tag-1916-17","tag-42","tag-carmelo-navarro-hurtado"],"jetpack_publicize_connections":[],"jetpack_featured_media_url":"https:\/\/i0.wp.com\/www.manquepierda.com\/historiarealbetis\/files\/2017\/01\/19170500-Andaluc%C3%ADaIlustrada-01.jpg?fit=1611%2C2449&ssl=1","jetpack_sharing_enabled":true,"jetpack_shortlink":"https:\/\/wp.me\/p1ij08-eO0","jetpack-related-posts":[],"_links":{"self":[{"href":"https:\/\/www.manquepierda.com\/historiarealbetis\/wp-json\/wp\/v2\/posts\/56916","targetHints":{"allow":["GET"]}}],"collection":[{"href":"https:\/\/www.manquepierda.com\/historiarealbetis\/wp-json\/wp\/v2\/posts"}],"about":[{"href":"https:\/\/www.manquepierda.com\/historiarealbetis\/wp-json\/wp\/v2\/types\/post"}],"author":[{"embeddable":true,"href":"https:\/\/www.manquepierda.com\/historiarealbetis\/wp-json\/wp\/v2\/users\/48"}],"replies":[{"embeddable":true,"href":"https:\/\/www.manquepierda.com\/historiarealbetis\/wp-json\/wp\/v2\/comments?post=56916"}],"version-history":[{"count":2,"href":"https:\/\/www.manquepierda.com\/historiarealbetis\/wp-json\/wp\/v2\/posts\/56916\/revisions"}],"predecessor-version":[{"id":99157,"href":"https:\/\/www.manquepierda.com\/historiarealbetis\/wp-json\/wp\/v2\/posts\/56916\/revisions\/99157"}],"wp:featuredmedia":[{"embeddable":true,"href":"https:\/\/www.manquepierda.com\/historiarealbetis\/wp-json\/wp\/v2\/media\/56917"}],"wp:attachment":[{"href":"https:\/\/www.manquepierda.com\/historiarealbetis\/wp-json\/wp\/v2\/media?parent=56916"}],"wp:term":[{"taxonomy":"category","embeddable":true,"href":"https:\/\/www.manquepierda.com\/historiarealbetis\/wp-json\/wp\/v2\/categories?post=56916"},{"taxonomy":"post_tag","embeddable":true,"href":"https:\/\/www.manquepierda.com\/historiarealbetis\/wp-json\/wp\/v2\/tags?post=56916"}],"curies":[{"name":"wp","href":"https:\/\/api.w.org\/{rel}","templated":true}]}}