{"id":57217,"date":"2023-09-03T09:50:00","date_gmt":"2023-09-03T07:50:00","guid":{"rendered":"http:\/\/www.manquepierda.com\/historiarealbetis\/?p=57217"},"modified":"2023-08-28T23:50:55","modified_gmt":"2023-08-28T21:50:55","slug":"elogio-una-directiva","status":"publish","type":"post","link":"https:\/\/www.manquepierda.com\/historiarealbetis\/elogio-una-directiva\/","title":{"rendered":"Elogio de una directiva"},"content":{"rendered":"<p><a href=\"https:\/\/i0.wp.com\/www.manquepierda.com\/historiarealbetis\/files\/2017\/02\/Elogio-de-una-directiva.jpg?ssl=1\"><img data-recalc-dims=\"1\" loading=\"lazy\" decoding=\"async\" class=\"alignleft wp-image-57218\" src=\"https:\/\/i0.wp.com\/www.manquepierda.com\/historiarealbetis\/files\/2017\/02\/Elogio-de-una-directiva.jpg?resize=482%2C419&#038;ssl=1\" width=\"482\" height=\"419\" srcset=\"https:\/\/i0.wp.com\/www.manquepierda.com\/historiarealbetis\/files\/2017\/02\/Elogio-de-una-directiva.jpg?resize=680%2C591&amp;ssl=1 680w, https:\/\/i0.wp.com\/www.manquepierda.com\/historiarealbetis\/files\/2017\/02\/Elogio-de-una-directiva.jpg?resize=220%2C191&amp;ssl=1 220w, https:\/\/i0.wp.com\/www.manquepierda.com\/historiarealbetis\/files\/2017\/02\/Elogio-de-una-directiva.jpg?w=760&amp;ssl=1 760w\" sizes=\"auto, (max-width: 482px) 100vw, 482px\" \/><\/a><\/p>\n<p>Con frecuencia entre los aficionados al f\u00fatbol en general es muy frecuente la cr\u00edtica hacia los directivos, asociando su presencia al frente de un club al deseo, m\u00e1s o menos disimulado, de obtener diversas prebendas, mediante la consecuci\u00f3n de un reconocimiento y prestigio social, o incluso como una forma de acceder a diversos negocios e influencias de car\u00e1cter econ\u00f3mico.<\/p>\n<p>No es nuestra intenci\u00f3n el negar esa realidad, que adem\u00e1s ha sido una tendencia creciente con el paso del tiempo y la conversi\u00f3n del deporte original en un espect\u00e1culo, alrededor del cual pululan individuos de muy diversa consideraci\u00f3n, atra\u00eddos por el movimiento de dinero que hoy en d\u00eda conlleva todo espect\u00e1culo, y m\u00e1s cuando tiene la trascendencia que el f\u00fatbol conlleva.<\/p>\n<p>Pero el caso concreto que traemos hoy pertenece a una realidad muy distinta. Se trata del a\u00f1o 1952, con el Real Betis Balompi\u00e9 militando en la Tercera Divisi\u00f3n. Desde mayo de ese a\u00f1o el nuevo presidente verdiblanco es Manuez Ruiz Rodr\u00edguez, que ha sustituido a Francisco De la Cerda. Son tiempos duros los que corren por Heli\u00f3polis, con el equipo camino de jugar su sexta temporada en Tercera, con una masa social reducida, aunque tremendamente fiel, y con una econom\u00eda maltrecha.<\/p>\n<p>Como en todos los equipos el verano es la \u00e9poca de renovaci\u00f3n de la plantilla y de trabajar para poner las bases de lo que ser\u00e1 la temporada. Es en este contexto en el que en el diario vespertino Sevilla se publica este peque\u00f1o art\u00edculo el 20 de agosto de 1952, dos d\u00edas despu\u00e9s de que en Heli\u00f3polis la plantilla entrenada por Manuel Olivares comenzara los entrenamientos.<\/p>\n<p>&nbsp;<\/p>\n<p><em><span style=\"color: #008000\">Un porvenir lleno de esperanzas fundadas y leg\u00edtimas est\u00e1 surgiendo ante el Betis para contento de la hinchada verdiblanca y de los sevillanos en general.<\/span><\/em><\/p>\n<p><em><span style=\"color: #008000\">La nueva Directiva, sin que esto suponga menosprecio hacia la anterior, est\u00e1 demostrando poseer esa virtud inapreciable del dinamismo, de la actividad que tan importante es en el mundo del bal\u00f3n redondo.<\/span><\/em><\/p>\n<p><em><span style=\"color: #008000\">Precisamente, sobre ese af\u00e1n de trabajo en pro de unos colores tan queridos, sobre este esfuerzo entusiasta, se centra hoy la actualidad deportiva sevillana.<\/span><\/em><\/p>\n<p><em><span style=\"color: #008000\">No hay sitio donde no se comente esta especie de rejuvenecimiento del Betis; no hay caf\u00e9 donde los \u201cforofos\u201d no demuestren con encendidas frases su simpat\u00eda por la gesti\u00f3n nueva; no hay rinc\u00f3n donde no tenga eco este entusiasmo de los nuevos directivos por ofrecer sus mejores energ\u00edas en beneficio de un equipo tan nuestro, tan popular, tan de Sevilla.<\/span><\/em><\/p>\n<p><em><span style=\"color: #008000\">Nosotros tambi\u00e9n queremos recoger ese elogio que bulle en el aire de la calle como homenaje sincero a los nuevos hombres encargados de conducir por buen camino al conjunto verdiblanco, haci\u00e9ndoles patente nuestra adhesi\u00f3n y nuestro deseo de colaborar con ellos, pues siempre estamos junto a los hombres que noblemente saben darlo todo sin esperar nada, sean negros o azules.<\/span><\/em><\/p>\n<p><em><span style=\"color: #008000\">Esto es lo que hace falta. Amor, tes\u00f3n, honradez, entusiasmo, deportividad, af\u00e1n de superaci\u00f3n. As\u00ed, con este bagaje, su triunfo es f\u00e1cil.<\/span><\/em><\/p>\n<p><em><span style=\"color: #008000\">\u201cEl Betis tiene que volver a ser lo que fue en otro tiempo\u201d, nos dicen unos aficionados por carta, y nosotros repetimos la afirmaci\u00f3n como la meta ineludible que todos debemos intentar alcanzar y que alcanzaremos\u2026 No es tiempo de dudas, sino de fe. Mucha fe y adelante, Betis.<\/span><\/em><\/p>\n","protected":false},"excerpt":{"rendered":"<p>Con frecuencia entre los aficionados al f\u00fatbol en general es muy frecuente la cr\u00edtica hacia los directivos, asociando su presencia al frente de un club al deseo, m\u00e1s o menos disimulado, de obtener diversas prebendas, mediante la consecuci\u00f3n de un reconocimiento y prestigio social, o incluso como una forma de acceder a diversos negocios e&#8230;<\/p>\n","protected":false},"author":5,"featured_media":57218,"comment_status":"open","ping_status":"open","sticky":false,"template":"","format":"standard","meta":{"_kad_post_transparent":"","_kad_post_title":"","_kad_post_layout":"","_kad_post_sidebar_id":"","_kad_post_content_style":"","_kad_post_vertical_padding":"","_kad_post_feature":"","_kad_post_feature_position":"","_kad_post_header":false,"_kad_post_footer":false,"_kad_post_classname":"","_jetpack_memberships_contains_paid_content":false,"footnotes":"","jetpack_publicize_message":"","jetpack_publicize_feature_enabled":true,"jetpack_social_post_already_shared":true,"jetpack_social_options":{"image_generator_settings":{"template":"highway","default_image_id":0,"font":"","enabled":false},"version":2}},"categories":[1,1176],"tags":[4664],"class_list":["post-57217","post","type-post","status-publish","format-standard","has-post-thumbnail","hentry","category-portada","category-relatos-de-futbol","tag-4664"],"jetpack_publicize_connections":[],"jetpack_featured_media_url":"https:\/\/i0.wp.com\/www.manquepierda.com\/historiarealbetis\/files\/2017\/02\/Elogio-de-una-directiva.jpg?fit=760%2C660&ssl=1","jetpack_sharing_enabled":true,"jetpack_shortlink":"https:\/\/wp.me\/p1ij08-eSR","jetpack-related-posts":[],"_links":{"self":[{"href":"https:\/\/www.manquepierda.com\/historiarealbetis\/wp-json\/wp\/v2\/posts\/57217","targetHints":{"allow":["GET"]}}],"collection":[{"href":"https:\/\/www.manquepierda.com\/historiarealbetis\/wp-json\/wp\/v2\/posts"}],"about":[{"href":"https:\/\/www.manquepierda.com\/historiarealbetis\/wp-json\/wp\/v2\/types\/post"}],"author":[{"embeddable":true,"href":"https:\/\/www.manquepierda.com\/historiarealbetis\/wp-json\/wp\/v2\/users\/5"}],"replies":[{"embeddable":true,"href":"https:\/\/www.manquepierda.com\/historiarealbetis\/wp-json\/wp\/v2\/comments?post=57217"}],"version-history":[{"count":1,"href":"https:\/\/www.manquepierda.com\/historiarealbetis\/wp-json\/wp\/v2\/posts\/57217\/revisions"}],"predecessor-version":[{"id":90593,"href":"https:\/\/www.manquepierda.com\/historiarealbetis\/wp-json\/wp\/v2\/posts\/57217\/revisions\/90593"}],"wp:featuredmedia":[{"embeddable":true,"href":"https:\/\/www.manquepierda.com\/historiarealbetis\/wp-json\/wp\/v2\/media\/57218"}],"wp:attachment":[{"href":"https:\/\/www.manquepierda.com\/historiarealbetis\/wp-json\/wp\/v2\/media?parent=57217"}],"wp:term":[{"taxonomy":"category","embeddable":true,"href":"https:\/\/www.manquepierda.com\/historiarealbetis\/wp-json\/wp\/v2\/categories?post=57217"},{"taxonomy":"post_tag","embeddable":true,"href":"https:\/\/www.manquepierda.com\/historiarealbetis\/wp-json\/wp\/v2\/tags?post=57217"}],"curies":[{"name":"wp","href":"https:\/\/api.w.org\/{rel}","templated":true}]}}