{"id":57259,"date":"2017-02-10T07:33:32","date_gmt":"2017-02-10T06:33:32","guid":{"rendered":"http:\/\/www.manquepierda.com\/historiarealbetis\/?p=57259"},"modified":"2024-09-12T21:49:17","modified_gmt":"2024-09-12T19:49:17","slug":"betis-valencia-liga-1996","status":"publish","type":"post","link":"https:\/\/www.manquepierda.com\/historiarealbetis\/betis-valencia-liga-1996\/","title":{"rendered":"Betis-Valencia Liga 1996"},"content":{"rendered":"<p><a href=\"https:\/\/i0.wp.com\/www.manquepierda.com\/historiarealbetis\/files\/2017\/02\/Betis-Valencia-Liga-1996.jpg?ssl=1\"><img data-recalc-dims=\"1\" loading=\"lazy\" decoding=\"async\" class=\"aligncenter size-medium wp-image-57260\" src=\"https:\/\/i0.wp.com\/www.manquepierda.com\/historiarealbetis\/files\/2017\/02\/Betis-Valencia-Liga-1996.jpg?resize=680%2C455&#038;ssl=1\" alt=\"\" width=\"680\" height=\"455\" srcset=\"https:\/\/i0.wp.com\/www.manquepierda.com\/historiarealbetis\/files\/2017\/02\/Betis-Valencia-Liga-1996.jpg?resize=680%2C455&amp;ssl=1 680w, https:\/\/i0.wp.com\/www.manquepierda.com\/historiarealbetis\/files\/2017\/02\/Betis-Valencia-Liga-1996.jpg?resize=220%2C147&amp;ssl=1 220w, https:\/\/i0.wp.com\/www.manquepierda.com\/historiarealbetis\/files\/2017\/02\/Betis-Valencia-Liga-1996.jpg?resize=768%2C514&amp;ssl=1 768w, https:\/\/i0.wp.com\/www.manquepierda.com\/historiarealbetis\/files\/2017\/02\/Betis-Valencia-Liga-1996.jpg?resize=960%2C642&amp;ssl=1 960w, https:\/\/i0.wp.com\/www.manquepierda.com\/historiarealbetis\/files\/2017\/02\/Betis-Valencia-Liga-1996.jpg?w=1623&amp;ssl=1 1623w\" sizes=\"auto, (max-width: 680px) 100vw, 680px\" \/><\/a><\/p>\n<p>3 de marzo de 1996 en el Benito Villamar\u00edn Betis 3 Valencia 0; jornada 29 del Campeonato de Liga de Primera Divisi\u00f3n.<\/p>\n<p>En la imagen Juan Sabas remacha el tercer gol b\u00e9tico, tras un centro de Alfonso desviado por Otero y ante el que no puede hacer nada Zubizarreta. Pier es el otro delantero b\u00e9tico que aparece en la imagen.<\/p>\n<p>Sabas fue el autor de los 3 tantos b\u00e9ticos, todos obtenidos en la segunda parte, en una brillante victoria.<\/p>\n<p>Lorenzo Serra entrenaba al Betis y Luis Aragon\u00e9s al Valencia, aunque al estar sancionado fue Jos\u00e9 Manuel Rielo quien se sent\u00f3 en el banquillo valencianista.<\/p>\n<p>&nbsp;<\/p>\n","protected":false},"excerpt":{"rendered":"<p>3 de marzo de 1996 en el Benito Villamar\u00edn Betis 3 Valencia 0; jornada 29 del Campeonato de Liga de Primera Divisi\u00f3n. En la imagen Juan Sabas remacha el tercer gol b\u00e9tico, tras un centro de Alfonso desviado por Otero y ante el que no puede hacer nada Zubizarreta. Pier es el otro delantero b\u00e9tico&#8230;<\/p>\n","protected":false},"author":5,"featured_media":57260,"comment_status":"open","ping_status":"open","sticky":false,"template":"","format":"standard","meta":{"_kad_post_transparent":"","_kad_post_title":"","_kad_post_layout":"","_kad_post_sidebar_id":"","_kad_post_content_style":"","_kad_post_vertical_padding":"","_kad_post_feature":"","_kad_post_feature_position":"","_kad_post_header":false,"_kad_post_footer":false,"_kad_post_classname":"","_jetpack_memberships_contains_paid_content":false,"footnotes":"","jetpack_publicize_message":"","jetpack_publicize_feature_enabled":true,"jetpack_social_post_already_shared":true,"jetpack_social_options":{"image_generator_settings":{"template":"highway","default_image_id":0,"font":"","enabled":false},"version":2}},"categories":[905,1],"tags":[3046,3291,15769,3822,17879,1047,2285],"class_list":["post-57259","post","type-post","status-publish","format-standard","has-post-thumbnail","hentry","category-1990-1999","category-portada","tag-1995-96","tag-3291","tag-andoni-zubizarreta","tag-juan-sabas","tag-liga-primera-1995-96","tag-pier-luigi-cherubino","tag-valencia-cf"],"jetpack_publicize_connections":[],"jetpack_featured_media_url":"https:\/\/i0.wp.com\/www.manquepierda.com\/historiarealbetis\/files\/2017\/02\/Betis-Valencia-Liga-1996.jpg?fit=1623%2C1086&ssl=1","jetpack_sharing_enabled":true,"jetpack_shortlink":"https:\/\/wp.me\/p1ij08-eTx","jetpack-related-posts":[],"_links":{"self":[{"href":"https:\/\/www.manquepierda.com\/historiarealbetis\/wp-json\/wp\/v2\/posts\/57259","targetHints":{"allow":["GET"]}}],"collection":[{"href":"https:\/\/www.manquepierda.com\/historiarealbetis\/wp-json\/wp\/v2\/posts"}],"about":[{"href":"https:\/\/www.manquepierda.com\/historiarealbetis\/wp-json\/wp\/v2\/types\/post"}],"author":[{"embeddable":true,"href":"https:\/\/www.manquepierda.com\/historiarealbetis\/wp-json\/wp\/v2\/users\/5"}],"replies":[{"embeddable":true,"href":"https:\/\/www.manquepierda.com\/historiarealbetis\/wp-json\/wp\/v2\/comments?post=57259"}],"version-history":[{"count":1,"href":"https:\/\/www.manquepierda.com\/historiarealbetis\/wp-json\/wp\/v2\/posts\/57259\/revisions"}],"predecessor-version":[{"id":99160,"href":"https:\/\/www.manquepierda.com\/historiarealbetis\/wp-json\/wp\/v2\/posts\/57259\/revisions\/99160"}],"wp:featuredmedia":[{"embeddable":true,"href":"https:\/\/www.manquepierda.com\/historiarealbetis\/wp-json\/wp\/v2\/media\/57260"}],"wp:attachment":[{"href":"https:\/\/www.manquepierda.com\/historiarealbetis\/wp-json\/wp\/v2\/media?parent=57259"}],"wp:term":[{"taxonomy":"category","embeddable":true,"href":"https:\/\/www.manquepierda.com\/historiarealbetis\/wp-json\/wp\/v2\/categories?post=57259"},{"taxonomy":"post_tag","embeddable":true,"href":"https:\/\/www.manquepierda.com\/historiarealbetis\/wp-json\/wp\/v2\/tags?post=57259"}],"curies":[{"name":"wp","href":"https:\/\/api.w.org\/{rel}","templated":true}]}}