{"id":57397,"date":"2026-02-15T12:00:00","date_gmt":"2026-02-15T11:00:00","guid":{"rendered":"http:\/\/www.manquepierda.com\/historiarealbetis\/?p=57397"},"modified":"2026-01-18T20:36:24","modified_gmt":"2026-01-18T19:36:24","slug":"hoy-74-anos-4","status":"publish","type":"post","link":"https:\/\/www.manquepierda.com\/historiarealbetis\/hoy-74-anos-4\/","title":{"rendered":"Hoy hace 80 a\u00f1os. El Betis acuerda recurrir la resoluci\u00f3n federativa del caso Ant\u00fanez."},"content":{"rendered":"<p><a href=\"https:\/\/i0.wp.com\/www.manquepierda.com\/historiarealbetis\/files\/2017\/02\/15-1946-El-Betis-recurrir%C3%A1-el-acuerdo.jpg?ssl=1\"><img data-recalc-dims=\"1\" loading=\"lazy\" decoding=\"async\" class=\"aligncenter size-full wp-image-57398\" src=\"https:\/\/i0.wp.com\/www.manquepierda.com\/historiarealbetis\/files\/2017\/02\/15-1946-El-Betis-recurrir%C3%A1-el-acuerdo.jpg?resize=238%2C308&#038;ssl=1\" alt=\"\" width=\"238\" height=\"308\" srcset=\"https:\/\/i0.wp.com\/www.manquepierda.com\/historiarealbetis\/files\/2017\/02\/15-1946-El-Betis-recurrir%C3%A1-el-acuerdo.jpg?w=238&amp;ssl=1 238w, https:\/\/i0.wp.com\/www.manquepierda.com\/historiarealbetis\/files\/2017\/02\/15-1946-El-Betis-recurrir%C3%A1-el-acuerdo.jpg?resize=170%2C220&amp;ssl=1 170w\" sizes=\"auto, (max-width: 238px) 100vw, 238px\" \/><\/a><\/p>\n<p><span style=\"color: #008000\">El 15 de febrero de 1946, al d\u00eda siguiente de la resoluci\u00f3n de la Federaci\u00f3n Espa\u00f1ola de F\u00fatbol que validaba el \u00abtraspaso\u00bb de Francisco Ant\u00fanez al Sevilla, se reun\u00eda la directiva b\u00e9tica presidida por Eduardo Benjumea, y acordaba recurrir la decisi\u00f3n adoptada.<\/span><\/p>\n<p><span style=\"color: #008000\">El extenso recurso, que ocupa m\u00e1s de 30 p\u00e1ginas, ser\u00e1 presentado a la Delegaci\u00f3n Nacional de Deportes y en su redacci\u00f3n ser\u00e1 fundamental la labor de los juristas b\u00e9ticos Adolfo Cu\u00e9llar y Jos\u00e9 Mar\u00eda Domenech.<\/span><\/p>\n<p>&nbsp;<\/p>\n<p>&nbsp;<\/p>\n","protected":false},"excerpt":{"rendered":"<p>El 15 de febrero de 1946, al d\u00eda siguiente de la resoluci\u00f3n de la Federaci\u00f3n Espa\u00f1ola de F\u00fatbol que validaba el \u00abtraspaso\u00bb de Francisco Ant\u00fanez al Sevilla, se reun\u00eda la directiva b\u00e9tica presidida por Eduardo Benjumea, y acordaba recurrir la decisi\u00f3n adoptada. El extenso recurso, que ocupa m\u00e1s de 30 p\u00e1ginas, ser\u00e1 presentado a la&#8230;<\/p>\n","protected":false},"author":5,"featured_media":57398,"comment_status":"open","ping_status":"open","sticky":false,"template":"","format":"standard","meta":{"_kad_post_transparent":"","_kad_post_title":"","_kad_post_layout":"","_kad_post_sidebar_id":"","_kad_post_content_style":"","_kad_post_vertical_padding":"","_kad_post_feature":"","_kad_post_feature_position":"","_kad_post_header":false,"_kad_post_footer":false,"_kad_post_classname":"","_jetpack_memberships_contains_paid_content":false,"footnotes":"","jetpack_publicize_message":"","jetpack_publicize_feature_enabled":true,"jetpack_social_post_already_shared":true,"jetpack_social_options":{"image_generator_settings":{"template":"highway","default_image_id":0,"font":"","enabled":false},"version":2}},"categories":[900,14583,1],"tags":[1283,227],"class_list":["post-57397","post","type-post","status-publish","format-standard","has-post-thumbnail","hentry","category-1940-1949","category-efemerides","category-portada","tag-1283","tag-caso-antunez"],"jetpack_publicize_connections":[],"jetpack_featured_media_url":"https:\/\/i0.wp.com\/www.manquepierda.com\/historiarealbetis\/files\/2017\/02\/15-1946-El-Betis-recurrir%C3%A1-el-acuerdo.jpg?fit=238%2C308&ssl=1","jetpack_sharing_enabled":true,"jetpack_shortlink":"https:\/\/wp.me\/p1ij08-eVL","jetpack-related-posts":[],"_links":{"self":[{"href":"https:\/\/www.manquepierda.com\/historiarealbetis\/wp-json\/wp\/v2\/posts\/57397","targetHints":{"allow":["GET"]}}],"collection":[{"href":"https:\/\/www.manquepierda.com\/historiarealbetis\/wp-json\/wp\/v2\/posts"}],"about":[{"href":"https:\/\/www.manquepierda.com\/historiarealbetis\/wp-json\/wp\/v2\/types\/post"}],"author":[{"embeddable":true,"href":"https:\/\/www.manquepierda.com\/historiarealbetis\/wp-json\/wp\/v2\/users\/5"}],"replies":[{"embeddable":true,"href":"https:\/\/www.manquepierda.com\/historiarealbetis\/wp-json\/wp\/v2\/comments?post=57397"}],"version-history":[{"count":1,"href":"https:\/\/www.manquepierda.com\/historiarealbetis\/wp-json\/wp\/v2\/posts\/57397\/revisions"}],"predecessor-version":[{"id":106532,"href":"https:\/\/www.manquepierda.com\/historiarealbetis\/wp-json\/wp\/v2\/posts\/57397\/revisions\/106532"}],"wp:featuredmedia":[{"embeddable":true,"href":"https:\/\/www.manquepierda.com\/historiarealbetis\/wp-json\/wp\/v2\/media\/57398"}],"wp:attachment":[{"href":"https:\/\/www.manquepierda.com\/historiarealbetis\/wp-json\/wp\/v2\/media?parent=57397"}],"wp:term":[{"taxonomy":"category","embeddable":true,"href":"https:\/\/www.manquepierda.com\/historiarealbetis\/wp-json\/wp\/v2\/categories?post=57397"},{"taxonomy":"post_tag","embeddable":true,"href":"https:\/\/www.manquepierda.com\/historiarealbetis\/wp-json\/wp\/v2\/tags?post=57397"}],"curies":[{"name":"wp","href":"https:\/\/api.w.org\/{rel}","templated":true}]}}