{"id":57483,"date":"2017-02-19T16:07:09","date_gmt":"2017-02-19T15:07:09","guid":{"rendered":"http:\/\/www.manquepierda.com\/historiarealbetis\/?p=57483"},"modified":"2024-11-28T18:39:34","modified_gmt":"2024-11-28T17:39:34","slug":"1934-febrero-18-patronato-betis-balompie-2-madrid-cf-1-83-aniversario","status":"publish","type":"post","link":"https:\/\/www.manquepierda.com\/historiarealbetis\/1934-febrero-18-patronato-betis-balompie-2-madrid-cf-1-83-aniversario\/","title":{"rendered":"1934-Febrero 18-Patronato Obrero-Primera Divisi\u00f3n.-Betis Balompi\u00e9-2 Madrid Cf-1.-Recortes Prensa."},"content":{"rendered":"<p style=\"text-align: center\"><img data-recalc-dims=\"1\" loading=\"lazy\" decoding=\"async\" class=\"aligncenter size-medium wp-image-57484\" src=\"https:\/\/i0.wp.com\/www.manquepierda.com\/historiarealbetis\/files\/2017\/02\/19340217ABCse1.jpg?resize=414%2C600&#038;ssl=1\" alt=\"\" width=\"414\" height=\"600\" srcset=\"https:\/\/i0.wp.com\/www.manquepierda.com\/historiarealbetis\/files\/2017\/02\/19340217ABCse1.jpg?resize=414%2C600&amp;ssl=1 414w, https:\/\/i0.wp.com\/www.manquepierda.com\/historiarealbetis\/files\/2017\/02\/19340217ABCse1.jpg?resize=152%2C220&amp;ssl=1 152w, https:\/\/i0.wp.com\/www.manquepierda.com\/historiarealbetis\/files\/2017\/02\/19340217ABCse1.jpg?resize=483%2C700&amp;ssl=1 483w, https:\/\/i0.wp.com\/www.manquepierda.com\/historiarealbetis\/files\/2017\/02\/19340217ABCse1.jpg?w=663&amp;ssl=1 663w\" sizes=\"auto, (max-width: 414px) 100vw, 414px\" \/><\/p>\n<p style=\"text-align: center\"><img data-recalc-dims=\"1\" loading=\"lazy\" decoding=\"async\" class=\"aligncenter size-medium wp-image-57485\" src=\"https:\/\/i0.wp.com\/www.manquepierda.com\/historiarealbetis\/files\/2017\/02\/19340218ABCse2.jpg?resize=494%2C600&#038;ssl=1\" alt=\"\" width=\"494\" height=\"600\" srcset=\"https:\/\/i0.wp.com\/www.manquepierda.com\/historiarealbetis\/files\/2017\/02\/19340218ABCse2.jpg?resize=494%2C600&amp;ssl=1 494w, https:\/\/i0.wp.com\/www.manquepierda.com\/historiarealbetis\/files\/2017\/02\/19340218ABCse2.jpg?resize=181%2C220&amp;ssl=1 181w, https:\/\/i0.wp.com\/www.manquepierda.com\/historiarealbetis\/files\/2017\/02\/19340218ABCse2.jpg?resize=577%2C700&amp;ssl=1 577w, https:\/\/i0.wp.com\/www.manquepierda.com\/historiarealbetis\/files\/2017\/02\/19340218ABCse2.jpg?w=701&amp;ssl=1 701w\" sizes=\"auto, (max-width: 494px) 100vw, 494px\" \/><\/p>\n<p style=\"text-align: center\">RECORTES DE PRENSA-ABC-SEVILLA 17 (s\u00e1bado)-18 (domingo)-20 (martes) Febrero de 1934.<\/p>\n<p style=\"text-align: left;padding-left: 30px\"><strong>VI EDICI\u00d3N-CAMPEONATO NACIONAL LIGA PRIMERA DIVISI\u00d3N-TEMPORADA 1933-1934 DESDE 5 NOVIEMBRE DE 1933 HASTA 4 MARZO DE 1934-AMBAS FECHAS INCLUSIVE.<\/strong><\/p>\n<p style=\"padding-left: 30px;text-align: center\"><img data-recalc-dims=\"1\" loading=\"lazy\" decoding=\"async\" class=\"aligncenter size-medium wp-image-57486\" src=\"https:\/\/i0.wp.com\/www.manquepierda.com\/historiarealbetis\/files\/2017\/02\/19281028-Mejoras.jpg?resize=455%2C600&#038;ssl=1\" alt=\"\" width=\"455\" height=\"600\" srcset=\"https:\/\/i0.wp.com\/www.manquepierda.com\/historiarealbetis\/files\/2017\/02\/19281028-Mejoras.jpg?resize=455%2C600&amp;ssl=1 455w, https:\/\/i0.wp.com\/www.manquepierda.com\/historiarealbetis\/files\/2017\/02\/19281028-Mejoras.jpg?resize=167%2C220&amp;ssl=1 167w, https:\/\/i0.wp.com\/www.manquepierda.com\/historiarealbetis\/files\/2017\/02\/19281028-Mejoras.jpg?resize=768%2C1014&amp;ssl=1 768w, https:\/\/i0.wp.com\/www.manquepierda.com\/historiarealbetis\/files\/2017\/02\/19281028-Mejoras.jpg?resize=530%2C700&amp;ssl=1 530w, https:\/\/i0.wp.com\/www.manquepierda.com\/historiarealbetis\/files\/2017\/02\/19281028-Mejoras.jpg?w=800&amp;ssl=1 800w\" sizes=\"auto, (max-width: 455px) 100vw, 455px\" \/><\/p>\n<p style=\"text-align: left;padding-left: 30px\"><strong>1934-FEBRERO 18-DOMINGO TARDE-BARRIADA \u00abEL PORVENIR\u00bb-CAMPO MUNICIPAL DEPORTES\u00a0 \u00abPATRONATO OBRERO\u00bb-D\u00c9CIMO SEXTA JORNADA.-<\/strong><\/p>\n<p style=\"text-align: left;padding-left: 30px\"><strong><em>\u00abCon asistencia de enorme cantidad de p\u00fablico se jug\u00f3 en el campo del \u00abPatronato\u00bb el partido correspondiente a la primera divisi\u00f3n de Liga.<br \/>\n<\/em><\/strong><\/p>\n<p style=\"padding-left: 30px;text-align: center\"><span style=\"color: #008000\"><em><strong>El encuentro se jug\u00f3 a gran tren, dominando casi constantemente el equipo verdiblanco.<\/strong><\/em><\/span><\/p>\n<p style=\"text-align: left;padding-left: 30px\"><img data-recalc-dims=\"1\" loading=\"lazy\" decoding=\"async\" class=\"alignleft size-thumbnail wp-image-57487\" src=\"https:\/\/i0.wp.com\/www.manquepierda.com\/historiarealbetis\/files\/2017\/02\/jas.jpg?resize=145%2C220&#038;ssl=1\" alt=\"\" width=\"145\" height=\"220\" srcset=\"https:\/\/i0.wp.com\/www.manquepierda.com\/historiarealbetis\/files\/2017\/02\/jas.jpg?resize=145%2C220&amp;ssl=1 145w, https:\/\/i0.wp.com\/www.manquepierda.com\/historiarealbetis\/files\/2017\/02\/jas.jpg?w=189&amp;ssl=1 189w\" sizes=\"auto, (max-width: 145px) 100vw, 145px\" \/>Arbitr\u00f3 el colegiado Jes\u00fas ARRIBAS Seijas (37 a\u00f1os)-Natural de Barcelona-1896.<\/p>\n<figure id=\"attachment_57495\" aria-describedby=\"caption-attachment-57495\" style=\"width: 220px\" class=\"wp-caption aligncenter\"><img data-recalc-dims=\"1\" loading=\"lazy\" decoding=\"async\" class=\"size-thumbnail wp-image-57495\" src=\"https:\/\/i0.wp.com\/www.manquepierda.com\/historiarealbetis\/files\/2017\/02\/19340218AS2.jpg?resize=220%2C124&#038;ssl=1\" alt=\"\" width=\"220\" height=\"124\" srcset=\"https:\/\/i0.wp.com\/www.manquepierda.com\/historiarealbetis\/files\/2017\/02\/19340218AS2.jpg?resize=220%2C124&amp;ssl=1 220w, https:\/\/i0.wp.com\/www.manquepierda.com\/historiarealbetis\/files\/2017\/02\/19340218AS2.jpg?resize=680%2C385&amp;ssl=1 680w, https:\/\/i0.wp.com\/www.manquepierda.com\/historiarealbetis\/files\/2017\/02\/19340218AS2.jpg?resize=768%2C434&amp;ssl=1 768w, https:\/\/i0.wp.com\/www.manquepierda.com\/historiarealbetis\/files\/2017\/02\/19340218AS2.jpg?resize=960%2C543&amp;ssl=1 960w, https:\/\/i0.wp.com\/www.manquepierda.com\/historiarealbetis\/files\/2017\/02\/19340218AS2.jpg?w=1075&amp;ssl=1 1075w\" sizes=\"auto, (max-width: 220px) 100vw, 220px\" \/><figcaption id=\"caption-attachment-57495\" class=\"wp-caption-text\"><em><strong>\u00abUno de los momentos en que Arribas Seijas cort\u00f3 el excesivo ardor de los jugadores\u00bb<\/strong><\/em>.-Foto Gonsanhi-AS-revista semanal deportiva de Editorial \u00abEstampa\u00bb.<\/figcaption><\/figure>\n<p style=\"text-align: left;padding-left: 30px\">AMBAS ESCUADRAS SE CONFORMARON DE LA MANERA SIGUIENTE:<\/p>\n<p style=\"padding-left: 30px;text-align: center\"><img data-recalc-dims=\"1\" loading=\"lazy\" decoding=\"async\" class=\"aligncenter size-thumbnail wp-image-57488\" src=\"https:\/\/i0.wp.com\/www.manquepierda.com\/historiarealbetis\/files\/2017\/02\/Antonio-MORENO-SEVILLANO-1.jpg?resize=206%2C220&#038;ssl=1\" alt=\"\" width=\"206\" height=\"220\" srcset=\"https:\/\/i0.wp.com\/www.manquepierda.com\/historiarealbetis\/files\/2017\/02\/Antonio-MORENO-SEVILLANO-1.jpg?resize=206%2C220&amp;ssl=1 206w, https:\/\/i0.wp.com\/www.manquepierda.com\/historiarealbetis\/files\/2017\/02\/Antonio-MORENO-SEVILLANO-1.jpg?resize=562%2C600&amp;ssl=1 562w, https:\/\/i0.wp.com\/www.manquepierda.com\/historiarealbetis\/files\/2017\/02\/Antonio-MORENO-SEVILLANO-1.jpg?resize=655%2C700&amp;ssl=1 655w, https:\/\/i0.wp.com\/www.manquepierda.com\/historiarealbetis\/files\/2017\/02\/Antonio-MORENO-SEVILLANO-1.jpg?w=749&amp;ssl=1 749w\" sizes=\"auto, (max-width: 206px) 100vw, 206px\" \/><\/p>\n<p style=\"text-align: left;padding-left: 60px\"><span style=\"color: #008000\"><em><strong>XXV Presidente BETIS BALOMPI\u00c9, don Antonio MORENO SEVILLANO-Ilustre Letrado (32 a\u00f1os+7 meses+9 d\u00edas)-Natural de Osuna (Sevilla), viernes 9 Agosto de 1901.-Obituario en Sevilla, viernes 28 Abril de 1978 (76 A\u00f1os+8 meses+19 d\u00edas) D. E. P.<\/strong><\/em><\/span><\/p>\n<p style=\"text-align: left;padding-left: 90px\"><span style=\"color: #008000\"><strong><img data-recalc-dims=\"1\" loading=\"lazy\" decoding=\"async\" class=\"alignleft size-thumbnail wp-image-57489\" src=\"https:\/\/i0.wp.com\/www.manquepierda.com\/historiarealbetis\/files\/2017\/02\/Patrick-Joseph-OCONNELL-01.jpg?resize=125%2C220&#038;ssl=1\" alt=\"\" width=\"125\" height=\"220\" srcset=\"https:\/\/i0.wp.com\/www.manquepierda.com\/historiarealbetis\/files\/2017\/02\/Patrick-Joseph-OCONNELL-01.jpg?resize=125%2C220&amp;ssl=1 125w, https:\/\/i0.wp.com\/www.manquepierda.com\/historiarealbetis\/files\/2017\/02\/Patrick-Joseph-OCONNELL-01.jpg?resize=340%2C600&amp;ssl=1 340w, https:\/\/i0.wp.com\/www.manquepierda.com\/historiarealbetis\/files\/2017\/02\/Patrick-Joseph-OCONNELL-01.jpg?resize=768%2C1354&amp;ssl=1 768w, https:\/\/i0.wp.com\/www.manquepierda.com\/historiarealbetis\/files\/2017\/02\/Patrick-Joseph-OCONNELL-01.jpg?resize=397%2C700&amp;ssl=1 397w, https:\/\/i0.wp.com\/www.manquepierda.com\/historiarealbetis\/files\/2017\/02\/Patrick-Joseph-OCONNELL-01.jpg?w=1455&amp;ssl=1 1455w\" sizes=\"auto, (max-width: 125px) 100vw, 125px\" \/>Mr. Patrick Joseph O&#8217;CONNELL (46 a\u00f1os+11 meses+10 d\u00edas)-Natural de Drucomdra-Dublin (Republic of Ireland), martes 8 Marzo de 1887 [CXXX Aniversario: mi\u00e9rcoles VIII-III-MMXVII].<br \/>\n<\/strong><\/span><\/p>\n<p style=\"text-align: left;padding-left: 90px\"><span style=\"color: #008000\"><strong>Obituario en St Pancras-Condado Cavem-Cementry Distrito Kilburn-London (England), viernes 27 Febrero de 1959 (71 A\u00f1os 11 meses+19 d\u00edas) D. E. P. [LVIII Aniversario: lunes XXVII-II-MMXVII].<\/strong><\/span><\/p>\n<figure id=\"attachment_57490\" aria-describedby=\"caption-attachment-57490\" style=\"width: 154px\" class=\"wp-caption aligncenter\"><img data-recalc-dims=\"1\" loading=\"lazy\" decoding=\"async\" class=\"size-full wp-image-57490\" src=\"https:\/\/i0.wp.com\/www.manquepierda.com\/historiarealbetis\/files\/2017\/02\/1932-RBB.jpg?resize=154%2C154&#038;ssl=1\" alt=\"\" width=\"154\" height=\"154\" \/><figcaption id=\"caption-attachment-57490\" class=\"wp-caption-text\"><span style=\"color: #008000\"><strong>REAL BETIS BALOMPI\u00c9-2 GOLES.<\/strong><\/span><\/figcaption><\/figure>\n<p style=\"text-align: left;padding-left: 90px\"><span style=\"color: #008000\"><strong>4\u00ba CLASIFICADO CON 17 PUNTOS (8-GANADOS+1-EMPATADO+7-PERDIDOS) 26-GOLES A FAVOR Y 33-TANTOS EN CONTRA.<\/strong><\/span><\/p>\n<figure id=\"attachment_57493\" aria-describedby=\"caption-attachment-57493\" style=\"width: 826px\" class=\"wp-caption aligncenter\"><img data-recalc-dims=\"1\" loading=\"lazy\" decoding=\"async\" class=\"size-large wp-image-57493\" src=\"https:\/\/i0.wp.com\/www.manquepierda.com\/historiarealbetis\/files\/2017\/02\/CR%C3%93NICA19340218.jpg?resize=826%2C700&#038;ssl=1\" alt=\"\" width=\"826\" height=\"700\" srcset=\"https:\/\/i0.wp.com\/www.manquepierda.com\/historiarealbetis\/files\/2017\/02\/CR%C3%93NICA19340218.jpg?resize=826%2C700&amp;ssl=1 826w, https:\/\/i0.wp.com\/www.manquepierda.com\/historiarealbetis\/files\/2017\/02\/CR%C3%93NICA19340218.jpg?resize=220%2C186&amp;ssl=1 220w, https:\/\/i0.wp.com\/www.manquepierda.com\/historiarealbetis\/files\/2017\/02\/CR%C3%93NICA19340218.jpg?resize=680%2C576&amp;ssl=1 680w, https:\/\/i0.wp.com\/www.manquepierda.com\/historiarealbetis\/files\/2017\/02\/CR%C3%93NICA19340218.jpg?resize=768%2C651&amp;ssl=1 768w, https:\/\/i0.wp.com\/www.manquepierda.com\/historiarealbetis\/files\/2017\/02\/CR%C3%93NICA19340218.jpg?w=1526&amp;ssl=1 1526w\" sizes=\"auto, (max-width: 826px) 100vw, 826px\" \/><figcaption id=\"caption-attachment-57493\" class=\"wp-caption-text\">EQUIPO DEL BETIS BALOMPI\u00c9 SEVILLANO.<\/figcaption><\/figure>\n<p style=\"text-align: center\"><span style=\"color: #008000\">Guardameta:<\/span><\/p>\n<figure id=\"attachment_57494\" aria-describedby=\"caption-attachment-57494\" style=\"width: 680px\" class=\"wp-caption aligncenter\"><img data-recalc-dims=\"1\" loading=\"lazy\" decoding=\"async\" class=\"size-medium wp-image-57494\" src=\"https:\/\/i0.wp.com\/www.manquepierda.com\/historiarealbetis\/files\/2017\/02\/JES%C3%9AS.jpg?resize=680%2C582&#038;ssl=1\" alt=\"\" width=\"680\" height=\"582\" srcset=\"https:\/\/i0.wp.com\/www.manquepierda.com\/historiarealbetis\/files\/2017\/02\/JES%C3%9AS.jpg?resize=680%2C582&amp;ssl=1 680w, https:\/\/i0.wp.com\/www.manquepierda.com\/historiarealbetis\/files\/2017\/02\/JES%C3%9AS.jpg?resize=220%2C188&amp;ssl=1 220w, https:\/\/i0.wp.com\/www.manquepierda.com\/historiarealbetis\/files\/2017\/02\/JES%C3%9AS.jpg?resize=768%2C657&amp;ssl=1 768w, https:\/\/i0.wp.com\/www.manquepierda.com\/historiarealbetis\/files\/2017\/02\/JES%C3%9AS.jpg?resize=818%2C700&amp;ssl=1 818w, https:\/\/i0.wp.com\/www.manquepierda.com\/historiarealbetis\/files\/2017\/02\/JES%C3%9AS.jpg?w=1072&amp;ssl=1 1072w\" sizes=\"auto, (max-width: 680px) 100vw, 680px\" \/><figcaption id=\"caption-attachment-57494\" class=\"wp-caption-text\"><span style=\"color: #008000\"><em><strong>\u00abJES\u00daS SE APODERA DE UN BALONAZO QUE CAE DEL CIELO.-Un jugador del Betis\u00a0 parece preparando el \u00abcrochet\u00bbde derecha ante el sorprendido Hilario, pero no es nada m\u00e1s que un gesto\u00bb.-<\/strong><\/em><span style=\"color: #333333\">Foto Gonsanhi-\u00abAS\u00bb-Madrid 19340219.<\/span><\/span><\/figcaption><\/figure>\n<figure id=\"attachment_57501\" aria-describedby=\"caption-attachment-57501\" style=\"width: 680px\" class=\"wp-caption aligncenter\"><img data-recalc-dims=\"1\" loading=\"lazy\" decoding=\"async\" class=\"size-medium wp-image-57501\" src=\"https:\/\/i0.wp.com\/www.manquepierda.com\/historiarealbetis\/files\/2017\/02\/19340218ABCse3.jpg?resize=680%2C571&#038;ssl=1\" alt=\"\" width=\"680\" height=\"571\" srcset=\"https:\/\/i0.wp.com\/www.manquepierda.com\/historiarealbetis\/files\/2017\/02\/19340218ABCse3.jpg?resize=680%2C571&amp;ssl=1 680w, https:\/\/i0.wp.com\/www.manquepierda.com\/historiarealbetis\/files\/2017\/02\/19340218ABCse3.jpg?resize=220%2C185&amp;ssl=1 220w, https:\/\/i0.wp.com\/www.manquepierda.com\/historiarealbetis\/files\/2017\/02\/19340218ABCse3.jpg?resize=768%2C645&amp;ssl=1 768w, https:\/\/i0.wp.com\/www.manquepierda.com\/historiarealbetis\/files\/2017\/02\/19340218ABCse3.jpg?resize=834%2C700&amp;ssl=1 834w, https:\/\/i0.wp.com\/www.manquepierda.com\/historiarealbetis\/files\/2017\/02\/19340218ABCse3.jpg?w=1328&amp;ssl=1 1328w\" sizes=\"auto, (max-width: 680px) 100vw, 680px\" \/><figcaption id=\"caption-attachment-57501\" class=\"wp-caption-text\"><span style=\"color: #008000\"><em><strong>\u00abSEVILLA.-Campo del \u00abPatronato: BETIS, dos; Madrid, uno.-El portero del Betis Balompi\u00e9 detiene un bal\u00f3n\u00bb<\/strong><\/em><span style=\"color: #000000\">.-Foto Serrano-ABC-Sevilla 19340220-martes.<\/span><\/span><\/figcaption><\/figure>\n<p style=\"text-align: left\"><span style=\"color: #008000\"><strong>1-(1 tanto encajado).-JES\u00daS Bern\u00e1ldez Moreno (a) \u00abManos Duras\u00bb (30 a\u00f1os+6 meses menos 1 d\u00eda)-Natural de Villanueva del Ariscal (Sevilla), mi\u00e9rcoles 19 Agosto de 1903.-Obituario en Sevilla, viernes 6 Junio de 1941 (37 A\u00f1os+10 meses menos 13 d\u00edas) D. E. P.<\/strong><\/span><\/p>\n<p style=\"text-align: center\"><span style=\"color: #008000\">Zagueros:<\/span><\/p>\n<p style=\"text-align: center\"><img data-recalc-dims=\"1\" loading=\"lazy\" decoding=\"async\" class=\"aligncenter size-thumbnail wp-image-57505\" src=\"https:\/\/i0.wp.com\/www.manquepierda.com\/historiarealbetis\/files\/2017\/02\/Salvador-ARQUETA-Echevarr%C3%ADa-19330828AS.jpg?resize=137%2C220&#038;ssl=1\" alt=\"\" width=\"137\" height=\"220\" srcset=\"https:\/\/i0.wp.com\/www.manquepierda.com\/historiarealbetis\/files\/2017\/02\/Salvador-ARQUETA-Echevarr%C3%ADa-19330828AS.jpg?resize=137%2C220&amp;ssl=1 137w, https:\/\/i0.wp.com\/www.manquepierda.com\/historiarealbetis\/files\/2017\/02\/Salvador-ARQUETA-Echevarr%C3%ADa-19330828AS.jpg?resize=373%2C600&amp;ssl=1 373w, https:\/\/i0.wp.com\/www.manquepierda.com\/historiarealbetis\/files\/2017\/02\/Salvador-ARQUETA-Echevarr%C3%ADa-19330828AS.jpg?resize=435%2C700&amp;ssl=1 435w, https:\/\/i0.wp.com\/www.manquepierda.com\/historiarealbetis\/files\/2017\/02\/Salvador-ARQUETA-Echevarr%C3%ADa-19330828AS.jpg?w=529&amp;ssl=1 529w\" sizes=\"auto, (max-width: 137px) 100vw, 137px\" \/><\/p>\n<p style=\"text-align: left\"><span style=\"color: #008000\"><strong>2-Lateral diestro.-Salvador ARQUETA Echevarr\u00eda (20 a\u00f1os+1 mes menos 10 d\u00edas)-Natural de Erandio (Vizcaya), mi\u00e9rcoles 28 Enero de 1914.<br \/>\n<\/strong><\/span><\/p>\n<p style=\"text-align: left\"><span style=\"color: #008000\"><strong>3-Lateral zurdo.-Seraf\u00edn AEDO Renieblas (25 a\u00f1os+3 meses+7 d\u00edas)-Natural de Barakaldo (Vizcaya), mi\u00e9rcoles 11 Noviembre de 1911.-Obituario, viernes 14 Octubre de 1988 (79 A\u00f1os+11 meses+3 d\u00edas) D. E. P.<br \/>\n<\/strong><\/span><\/p>\n<p style=\"text-align: center\"><span style=\"color: #008000\">Medios:<\/span><\/p>\n<p style=\"text-align: left\"><span style=\"color: #008000\"><strong>4-Diestro.-Jos\u00e9 Su\u00e1rez Gonz\u00e1lez (a) \u00abPERAL\u00bb (22 a\u00f1os+10 meses+8 d\u00edas)-Natural de Sevilla, lunes 10 Abril de 1911.-\u00cddem, domingo 28 Mayo de 1967 (56 A\u00f1os+1 mes+18 d\u00edas) D. E. P.<br \/>\n<\/strong><\/span><\/p>\n<p style=\"text-align: left\"><span style=\"color: #008000\"><strong>5-Centro.-Enrique SOLADRERO Arbide (20 a\u00f1os+10 meses menos 12 d\u00edas)-Natural de Arrigorriaga (Vizcaya), mi\u00e9rcoles 30 Abril de 1913.-Obituario en San Sebasti\u00e1n (Guip\u00fazcoa), domingo 17 Octubre de 1976 (63 A\u00f1os+6 meses menos 13 d\u00edas) D. E. P.<br \/>\n<\/strong><\/span><\/p>\n<p style=\"text-align: left\"><span style=\"color: #008000\"><strong>6-Zurdo.-Adolfo Sancho Carrillo De Albornoz (a) \u00abADOLFITO\u00bb-\u00abADOLFO I\u00bb (29 a\u00f1os+8 meses)-Natural de Sevilla, s\u00e1bado 18 Junio de 1904.-\u00cddem, lunes 13 Enero de 1975 (70 A\u00f1os+7 meses menos 5 d\u00edas) D. E. P.<br \/>\n<\/strong><\/span><\/p>\n<p style=\"text-align: center\"><span style=\"color: #008000\">Delanteros:<\/span><\/p>\n<p style=\"text-align: center\"><img data-recalc-dims=\"1\" loading=\"lazy\" decoding=\"async\" class=\"aligncenter size-thumbnail wp-image-57503\" src=\"https:\/\/i0.wp.com\/www.manquepierda.com\/historiarealbetis\/files\/2017\/02\/SARO-%C3%81ngel-Mart%C3%ADn-Rodr%C3%ADguez.jpg?resize=113%2C220&#038;ssl=1\" alt=\"\" width=\"113\" height=\"220\" srcset=\"https:\/\/i0.wp.com\/www.manquepierda.com\/historiarealbetis\/files\/2017\/02\/SARO-%C3%81ngel-Mart%C3%ADn-Rodr%C3%ADguez.jpg?resize=113%2C220&amp;ssl=1 113w, https:\/\/i0.wp.com\/www.manquepierda.com\/historiarealbetis\/files\/2017\/02\/SARO-%C3%81ngel-Mart%C3%ADn-Rodr%C3%ADguez.jpg?resize=309%2C600&amp;ssl=1 309w, https:\/\/i0.wp.com\/www.manquepierda.com\/historiarealbetis\/files\/2017\/02\/SARO-%C3%81ngel-Mart%C3%ADn-Rodr%C3%ADguez.jpg?resize=768%2C1491&amp;ssl=1 768w, https:\/\/i0.wp.com\/www.manquepierda.com\/historiarealbetis\/files\/2017\/02\/SARO-%C3%81ngel-Mart%C3%ADn-Rodr%C3%ADguez.jpg?resize=361%2C700&amp;ssl=1 361w, https:\/\/i0.wp.com\/www.manquepierda.com\/historiarealbetis\/files\/2017\/02\/SARO-%C3%81ngel-Mart%C3%ADn-Rodr%C3%ADguez.jpg?w=1046&amp;ssl=1 1046w\" sizes=\"auto, (max-width: 113px) 100vw, 113px\" \/><\/p>\n<p style=\"text-align: left\"><span style=\"color: #008000\"><em><strong>*1-0.-04 minutos.-Al rematar desde cerca un\u00a0 bal\u00f3n de cabeza, fusil\u00f3 a Zamora. Intent\u00f3 detener Quesada dicho cabezazo, pero con tan mala fortuna que \u00e9l mismo ayud\u00f3 a penetrar el pelot\u00f3n en la porter\u00eda madridista.<\/strong><\/em><\/span><\/p>\n<p style=\"text-align: left\"><span style=\"color: #008000\"><strong>7-Extremo diestro (1 GOL).-\u00c1ngel Mart\u00edn Rodr\u00edguez (a) \u00abSARO\u00bb (24 a\u00f1os+11 meses+17 d\u00edas)-Natural de Valladolid, lunes 1\u00ba Enero de 1909.-Obituario, lunes 13 Enero de 1975 (65 A\u00f1os+10 meses+12 d\u00edas) D. E. P.<\/strong><\/span><\/p>\n<p style=\"text-align: left\"><span style=\"color: #008000\"><strong>8-Interior diestro.-Adolfo Mart\u00edn Gonz\u00e1lez (a) \u00abADOLFO II\u00bb (23 a\u00f1os+2 meses+9 d\u00edas)-Natural de San Crist\u00f3bal de La Laguna (Tenerife), viernes 9 Diciembre de 1910.-Obituario, viernes 5 Septiembre de 1975 (64 A\u00f1os+9 meses menos 4 d\u00edas) D. E. P.<br \/>\n<\/strong><\/span><\/p>\n<p style=\"text-align: center\"><img data-recalc-dims=\"1\" loading=\"lazy\" decoding=\"async\" class=\"aligncenter size-medium wp-image-57500\" src=\"https:\/\/i0.wp.com\/www.manquepierda.com\/historiarealbetis\/files\/2017\/02\/19340218AS4.jpg?resize=331%2C600&#038;ssl=1\" alt=\"\" width=\"331\" height=\"600\" srcset=\"https:\/\/i0.wp.com\/www.manquepierda.com\/historiarealbetis\/files\/2017\/02\/19340218AS4.jpg?resize=331%2C600&amp;ssl=1 331w, https:\/\/i0.wp.com\/www.manquepierda.com\/historiarealbetis\/files\/2017\/02\/19340218AS4.jpg?resize=121%2C220&amp;ssl=1 121w, https:\/\/i0.wp.com\/www.manquepierda.com\/historiarealbetis\/files\/2017\/02\/19340218AS4.jpg?resize=386%2C700&amp;ssl=1 386w, https:\/\/i0.wp.com\/www.manquepierda.com\/historiarealbetis\/files\/2017\/02\/19340218AS4.jpg?w=553&amp;ssl=1 553w\" sizes=\"auto, (max-width: 331px) 100vw, 331px\" \/><\/p>\n<p style=\"text-align: left\"><span style=\"color: #008000\"><strong><em>\u00abDe las dos l\u00edneas delanteras, pocos \u00abprofundas\u00bb, solo destacaron Regueiro y Unamuno. En la imagen, un espl\u00e9ndido remate del centro delantero del Betis Balompi\u00e9\u00bb<\/em><\/strong><span style=\"color: #000000\">.-Fot\u00f3grafo GONSANHI.<\/span><\/span><\/p>\n<p style=\"text-align: left\"><span style=\"color: #008000\"><strong>9-Centro delantero-Ariete.-Victorio UNAMUNO Ibarzabal (24 a\u00f1os+9 meses menos 3 d\u00edas)-Natural de Bergara (Guip\u00fazcoa), viernes 21 Mayo de 1909.-Obituario en Durango (Vizcaya), viernes 20 Mayo de 1988 (79 A\u00f1os menos 1 d\u00eda) D. E. P.<\/strong><\/span><\/p>\n<p style=\"text-align: left\"><span style=\"color: #008000\"><em><strong>*2-1.-42 minutos.-Dur\u00edsimo chut del esf\u00e9rico y rebota el cuero en Ricardo Zamora, a pesar de lo cual el bal\u00f3n se introduce hasta el fondo de las redes madridistas*<\/strong><\/em><\/span><\/p>\n<p style=\"text-align: center\"><img data-recalc-dims=\"1\" loading=\"lazy\" decoding=\"async\" class=\"aligncenter size-thumbnail wp-image-57506\" src=\"https:\/\/i0.wp.com\/www.manquepierda.com\/historiarealbetis\/files\/2017\/02\/Sim%C3%B3n-LECUE-Andrade-01.jpg?resize=150%2C220&#038;ssl=1\" alt=\"\" width=\"150\" height=\"220\" \/><\/p>\n<p style=\"text-align: left\"><span style=\"color: #008000\"><strong>10-Interior zurdo (1 GOL).-Sim\u00f3n LECUE Andrade (22 a\u00f1os+7 d\u00edas)-Natural de Arrigorriaga (Vizcaya), domingo 11 Febrero de 1912.-Obituario en Madrid, lunes 27 Febrero de 1984 (72 A\u00f1os+16 d\u00edas) D. E. P.<br \/>\n<\/strong><\/span><\/p>\n<p style=\"text-align: left\"><span style=\"color: #008000\"><strong>11-Extremo zurdo.-ENRIQUE Garrido Reguera (20 a\u00f1os)-Natural Sevilla-1913.-\u00cddem, 00-05-1948 (34 A\u00d1OS) D. E. P.<br \/>\n<\/strong><\/span><\/p>\n<p style=\"text-align: center\"><span style=\"color: #333333\"><strong>Vs.<\/strong><\/span><\/p>\n<figure id=\"attachment_57496\" aria-describedby=\"caption-attachment-57496\" style=\"width: 186px\" class=\"wp-caption aligncenter\"><img data-recalc-dims=\"1\" loading=\"lazy\" decoding=\"async\" class=\"size-thumbnail wp-image-57496\" src=\"https:\/\/i0.wp.com\/www.manquepierda.com\/historiarealbetis\/files\/2017\/02\/Lu%C3%ADs-Usera.jpeg?resize=186%2C220&#038;ssl=1\" alt=\"\" width=\"186\" height=\"220\" srcset=\"https:\/\/i0.wp.com\/www.manquepierda.com\/historiarealbetis\/files\/2017\/02\/Lu%C3%ADs-Usera.jpeg?resize=186%2C220&amp;ssl=1 186w, https:\/\/i0.wp.com\/www.manquepierda.com\/historiarealbetis\/files\/2017\/02\/Lu%C3%ADs-Usera.jpeg?w=220&amp;ssl=1 220w\" sizes=\"auto, (max-width: 186px) 100vw, 186px\" \/><figcaption id=\"caption-attachment-57496\" class=\"wp-caption-text\">web oficial.<\/figcaption><\/figure>\n<p style=\"text-align: left\">1930-1935.-8\u00ba Presidente Madrid Club F\u00fatbol, don Lu\u00eds USERA Bugallal (43 a\u00f1os+7 meses+10 d\u00edas)-Natural de Talavera de la Reina (Toledo), martes 8-VII-1890.<\/p>\n<p style=\"text-align: center\"><img data-recalc-dims=\"1\" loading=\"lazy\" decoding=\"async\" class=\"aligncenter size-thumbnail wp-image-57497\" src=\"https:\/\/i0.wp.com\/www.manquepierda.com\/historiarealbetis\/files\/2017\/02\/fsb.jpg?resize=142%2C220&#038;ssl=1\" alt=\"\" width=\"142\" height=\"220\" srcset=\"https:\/\/i0.wp.com\/www.manquepierda.com\/historiarealbetis\/files\/2017\/02\/fsb.jpg?resize=142%2C220&amp;ssl=1 142w, https:\/\/i0.wp.com\/www.manquepierda.com\/historiarealbetis\/files\/2017\/02\/fsb.jpg?w=219&amp;ssl=1 219w\" sizes=\"auto, (max-width: 142px) 100vw, 142px\" \/><\/p>\n<p style=\"text-align: center\">Entrenador Francisco Bru Sanz (48 a\u00f1os+10 meses+6 d\u00edas)-Natural de Madrid, domingo 12-IV-1885.<\/p>\n<figure id=\"attachment_57498\" aria-describedby=\"caption-attachment-57498\" style=\"width: 220px\" class=\"wp-caption aligncenter\"><img data-recalc-dims=\"1\" loading=\"lazy\" decoding=\"async\" class=\"size-thumbnail wp-image-57498\" src=\"https:\/\/i0.wp.com\/www.manquepierda.com\/historiarealbetis\/files\/2017\/02\/mcf1931.jpg?resize=220%2C218&#038;ssl=1\" alt=\"\" width=\"220\" height=\"218\" srcset=\"https:\/\/i0.wp.com\/www.manquepierda.com\/historiarealbetis\/files\/2017\/02\/mcf1931.jpg?resize=220%2C218&amp;ssl=1 220w, https:\/\/i0.wp.com\/www.manquepierda.com\/historiarealbetis\/files\/2017\/02\/mcf1931.jpg?w=413&amp;ssl=1 413w\" sizes=\"auto, (max-width: 220px) 100vw, 220px\" \/><figcaption id=\"caption-attachment-57498\" class=\"wp-caption-text\">MADRID CLUB F\u00daTBOL-1 TANTO.<\/figcaption><\/figure>\n<p style=\"padding-left: 30px\"><span style=\"color: #333333\"><strong>2\u00ba CLASIFICADO CON 19 PUNTOS (9-ganados+1-empatado+6-perdidos) 34-26 TANTOS FAVOR-CONTRA.<\/strong><\/span><\/p>\n<p style=\"padding-left: 30px;text-align: center\"><img data-recalc-dims=\"1\" loading=\"lazy\" decoding=\"async\" class=\"aligncenter size-thumbnail wp-image-57502\" src=\"https:\/\/i0.wp.com\/www.manquepierda.com\/historiarealbetis\/files\/2017\/02\/19340218ABCse4.jpg?resize=146%2C220&#038;ssl=1\" alt=\"\" width=\"146\" height=\"220\" srcset=\"https:\/\/i0.wp.com\/www.manquepierda.com\/historiarealbetis\/files\/2017\/02\/19340218ABCse4.jpg?resize=146%2C220&amp;ssl=1 146w, https:\/\/i0.wp.com\/www.manquepierda.com\/historiarealbetis\/files\/2017\/02\/19340218ABCse4.jpg?resize=397%2C600&amp;ssl=1 397w, https:\/\/i0.wp.com\/www.manquepierda.com\/historiarealbetis\/files\/2017\/02\/19340218ABCse4.jpg?resize=768%2C1160&amp;ssl=1 768w, https:\/\/i0.wp.com\/www.manquepierda.com\/historiarealbetis\/files\/2017\/02\/19340218ABCse4.jpg?resize=464%2C700&amp;ssl=1 464w, https:\/\/i0.wp.com\/www.manquepierda.com\/historiarealbetis\/files\/2017\/02\/19340218ABCse4.jpg?w=961&amp;ssl=1 961w\" sizes=\"auto, (max-width: 146px) 100vw, 146px\" \/><\/p>\n<p style=\"padding-left: 30px;text-align: center\"><em><strong>\u00abEn una fuerte entrada de los b\u00e9ticos Zamora resulta lesionado\u00bb<\/strong><\/em>.-Foto Serrano.<\/p>\n<p style=\"padding-left: 30px\"><span style=\"color: #000000\"><em><strong>\u00abUno de los tantos del Betis fue logrado de manera singular. El pelotazo dio en la cara de Zamora, y de rebote, lleg\u00f3 el bal\u00f3n hasta la red. Es un goal que no ha tenido precedente en el Mundo\u00bb.-<\/strong><\/em>Foto Gonsanhi.<\/span><\/p>\n<p style=\"padding-left: 30px;text-align: left\"><img data-recalc-dims=\"1\" loading=\"lazy\" decoding=\"async\" class=\"size-thumbnail wp-image-57499 aligncenter\" src=\"https:\/\/i0.wp.com\/www.manquepierda.com\/historiarealbetis\/files\/2017\/02\/19340218AS3.jpg?resize=113%2C220&#038;ssl=1\" alt=\"\" width=\"113\" height=\"220\" srcset=\"https:\/\/i0.wp.com\/www.manquepierda.com\/historiarealbetis\/files\/2017\/02\/19340218AS3.jpg?resize=113%2C220&amp;ssl=1 113w, https:\/\/i0.wp.com\/www.manquepierda.com\/historiarealbetis\/files\/2017\/02\/19340218AS3.jpg?resize=309%2C600&amp;ssl=1 309w, https:\/\/i0.wp.com\/www.manquepierda.com\/historiarealbetis\/files\/2017\/02\/19340218AS3.jpg?resize=361%2C700&amp;ssl=1 361w, https:\/\/i0.wp.com\/www.manquepierda.com\/historiarealbetis\/files\/2017\/02\/19340218AS3.jpg?w=549&amp;ssl=1 549w\" sizes=\"auto, (max-width: 113px) 100vw, 113px\" \/><span style=\"color: #333333\"><strong>1-(2 goles encajados).-Ricardo ZAMORA Mart\u00ednez (33 a\u00f1os+4 d\u00edas)-Natural de Barcelona, jueves 14-II-1901.<\/strong><\/span><\/p>\n<p style=\"padding-left: 30px;text-align: left\"><span style=\"color: #000000\"><strong>2-F\u00e9lix QUESADA M\u00e1s.-3-Jacinto Francisco Fern\u00e1ndez-De QUINCOCES L\u00f3pez-de Arbina. <\/strong><\/span><\/p>\n<p style=\"padding-left: 30px;text-align: left\"><span style=\"color: #000000\"><strong>4-Jos\u00e9 Ram\u00f3n SAUTO Hurtado.-5-Lu\u00eds VALLE Ben\u00edtez.-6-Antonio Le\u00f3n Amador (a) \u00abLEONCITO\u00bb.<\/strong><\/span><\/p>\n<p style=\"padding-left: 30px;text-align: center\"><strong>7-Jaime LAZCANO Escobar.<\/strong><\/p>\n<p style=\"padding-left: 30px;text-align: left\"><em><strong>*1-1.-14 minutos.-Tras varias veces rebotando la pelota en la zaga verdiblanca consigue finalmente batir al cancerbero Jes\u00fas Bern\u00e1ldez*<\/strong><\/em><\/p>\n<p style=\"padding-left: 30px;text-align: left\"><strong><img data-recalc-dims=\"1\" loading=\"lazy\" decoding=\"async\" class=\"aligncenter size-thumbnail wp-image-57507\" src=\"https:\/\/i0.wp.com\/www.manquepierda.com\/historiarealbetis\/files\/2017\/02\/lrp.jpg?resize=131%2C220&#038;ssl=1\" alt=\"\" width=\"131\" height=\"220\" srcset=\"https:\/\/i0.wp.com\/www.manquepierda.com\/historiarealbetis\/files\/2017\/02\/lrp.jpg?resize=131%2C220&amp;ssl=1 131w, https:\/\/i0.wp.com\/www.manquepierda.com\/historiarealbetis\/files\/2017\/02\/lrp.jpg?w=174&amp;ssl=1 174w\" sizes=\"auto, (max-width: 131px) 100vw, 131px\" \/><\/strong><strong>8-Lu\u00eds REGUEIRO Pagola (25 a\u00f1os+7 meses+17 d\u00edas)-Natural de Ir\u00fan (Guip\u00fazcoa), mi\u00e9rcoles 1\u00ba Julio de 1908-<br \/>\n<\/strong><\/p>\n<p style=\"padding-left: 30px;text-align: left\"><strong>9-Manuel OLIVARES Lape\u00f1a.-10-Juan HILARIO Marrero P\u00e9rez.-11-EUGENIO Hilario Calvo.<\/strong><\/p>\n<p>&nbsp;<\/p>\n<p style=\"text-align: center\">\n","protected":false},"excerpt":{"rendered":"<p>RECORTES DE PRENSA-ABC-SEVILLA 17 (s\u00e1bado)-18 (domingo)-20 (martes) Febrero de 1934. VI EDICI\u00d3N-CAMPEONATO NACIONAL LIGA PRIMERA DIVISI\u00d3N-TEMPORADA 1933-1934 DESDE 5 NOVIEMBRE DE 1933 HASTA 4 MARZO DE 1934-AMBAS FECHAS INCLUSIVE. 1934-FEBRERO 18-DOMINGO TARDE-BARRIADA \u00abEL PORVENIR\u00bb-CAMPO MUNICIPAL DEPORTES\u00a0 \u00abPATRONATO OBRERO\u00bb-D\u00c9CIMO SEXTA JORNADA.- \u00abCon asistencia de enorme cantidad de p\u00fablico se jug\u00f3 en el campo del \u00abPatronato\u00bb el&#8230;<\/p>\n","protected":false},"author":48,"featured_media":57493,"comment_status":"open","ping_status":"open","sticky":false,"template":"","format":"standard","meta":{"_kad_post_transparent":"","_kad_post_title":"","_kad_post_layout":"","_kad_post_sidebar_id":"","_kad_post_content_style":"","_kad_post_vertical_padding":"","_kad_post_feature":"","_kad_post_feature_position":"","_kad_post_header":false,"_kad_post_footer":false,"_kad_post_classname":"","_jetpack_memberships_contains_paid_content":false,"footnotes":"","jetpack_publicize_message":"","jetpack_publicize_feature_enabled":true,"jetpack_social_post_already_shared":true,"jetpack_social_options":{"image_generator_settings":{"template":"highway","default_image_id":0,"font":"","enabled":false},"version":2}},"categories":[899,1],"tags":[2242,1536,17928,13362],"class_list":["post-57483","post","type-post","status-publish","format-standard","has-post-thumbnail","hentry","category-1930-1939","category-portada","tag-1933-34","tag-1536","tag-liga-primera-1934-35","tag-real-madrid-cf"],"jetpack_publicize_connections":[],"jetpack_featured_media_url":"https:\/\/i0.wp.com\/www.manquepierda.com\/historiarealbetis\/files\/2017\/02\/CR%C3%93NICA19340218.jpg?fit=1526%2C1293&ssl=1","jetpack_sharing_enabled":true,"jetpack_shortlink":"https:\/\/wp.me\/p1ij08-eX9","jetpack-related-posts":[],"_links":{"self":[{"href":"https:\/\/www.manquepierda.com\/historiarealbetis\/wp-json\/wp\/v2\/posts\/57483","targetHints":{"allow":["GET"]}}],"collection":[{"href":"https:\/\/www.manquepierda.com\/historiarealbetis\/wp-json\/wp\/v2\/posts"}],"about":[{"href":"https:\/\/www.manquepierda.com\/historiarealbetis\/wp-json\/wp\/v2\/types\/post"}],"author":[{"embeddable":true,"href":"https:\/\/www.manquepierda.com\/historiarealbetis\/wp-json\/wp\/v2\/users\/48"}],"replies":[{"embeddable":true,"href":"https:\/\/www.manquepierda.com\/historiarealbetis\/wp-json\/wp\/v2\/comments?post=57483"}],"version-history":[{"count":1,"href":"https:\/\/www.manquepierda.com\/historiarealbetis\/wp-json\/wp\/v2\/posts\/57483\/revisions"}],"predecessor-version":[{"id":95432,"href":"https:\/\/www.manquepierda.com\/historiarealbetis\/wp-json\/wp\/v2\/posts\/57483\/revisions\/95432"}],"wp:featuredmedia":[{"embeddable":true,"href":"https:\/\/www.manquepierda.com\/historiarealbetis\/wp-json\/wp\/v2\/media\/57493"}],"wp:attachment":[{"href":"https:\/\/www.manquepierda.com\/historiarealbetis\/wp-json\/wp\/v2\/media?parent=57483"}],"wp:term":[{"taxonomy":"category","embeddable":true,"href":"https:\/\/www.manquepierda.com\/historiarealbetis\/wp-json\/wp\/v2\/categories?post=57483"},{"taxonomy":"post_tag","embeddable":true,"href":"https:\/\/www.manquepierda.com\/historiarealbetis\/wp-json\/wp\/v2\/tags?post=57483"}],"curies":[{"name":"wp","href":"https:\/\/api.w.org\/{rel}","templated":true}]}}