{"id":57570,"date":"2022-02-24T11:00:00","date_gmt":"2022-02-24T10:00:00","guid":{"rendered":"http:\/\/www.manquepierda.com\/historiarealbetis\/?p=57570"},"modified":"2022-02-24T07:37:36","modified_gmt":"2022-02-24T06:37:36","slug":"hoy-60-anos-3","status":"publish","type":"post","link":"https:\/\/www.manquepierda.com\/historiarealbetis\/hoy-60-anos-3\/","title":{"rendered":"Hoy hace 65 a\u00f1os. Nace Rafael Gordillo."},"content":{"rendered":"<p><a href=\"https:\/\/i0.wp.com\/www.manquepierda.com\/historiarealbetis\/files\/2017\/02\/Gordillo-9.jpg?ssl=1\"><img data-recalc-dims=\"1\" loading=\"lazy\" decoding=\"async\" class=\"aligncenter size-medium wp-image-57571\" src=\"https:\/\/i0.wp.com\/www.manquepierda.com\/historiarealbetis\/files\/2017\/02\/Gordillo-9.jpg?resize=442%2C600&#038;ssl=1\" alt=\"\" width=\"442\" height=\"600\" srcset=\"https:\/\/i0.wp.com\/www.manquepierda.com\/historiarealbetis\/files\/2017\/02\/Gordillo-9.jpg?resize=442%2C600&amp;ssl=1 442w, https:\/\/i0.wp.com\/www.manquepierda.com\/historiarealbetis\/files\/2017\/02\/Gordillo-9.jpg?resize=162%2C220&amp;ssl=1 162w, https:\/\/i0.wp.com\/www.manquepierda.com\/historiarealbetis\/files\/2017\/02\/Gordillo-9.jpg?resize=515%2C700&amp;ssl=1 515w, https:\/\/i0.wp.com\/www.manquepierda.com\/historiarealbetis\/files\/2017\/02\/Gordillo-9.jpg?w=589&amp;ssl=1 589w\" sizes=\"auto, (max-width: 442px) 100vw, 442px\" \/><\/a><\/p>\n<p><span style=\"color: #008000\">El 24 de febrero de 1957 nace en Almendralejo Rafael Gordillo V\u00e1zquez, quien fuera jugador del Real Betis Balompi\u00e9 entre 1977 y 1985 y entre 1992 y 1995.<\/span><\/p>\n<p><span style=\"color: #008000\">Uno de los jugadores m\u00e1s carism\u00e1ticos e importantes de la historia b\u00e9tica adem\u00e1s de miembro de la secretar\u00eda t\u00e9cnica en la 2000-01 y de presidente del club en la temporada 2010-11. En la actualidad es presidente de la Fundaci\u00f3n del Real Betis Balompi\u00e9.\u00a0<\/span><\/p>\n<p><span style=\"color: #008000\">Para saber m\u00e1s de su trayectoria ver<a href=\"https:\/\/www.manquepierda.com\/historiarealbetis\/rafael-gordillo\/\"> <strong>aqu\u00ed.\u00a0<\/strong><\/a><\/span><\/p>\n","protected":false},"excerpt":{"rendered":"<p>El 24 de febrero de 1957 nace en Almendralejo Rafael Gordillo V\u00e1zquez, quien fuera jugador del Real Betis Balompi\u00e9 entre 1977 y 1985 y entre 1992 y 1995. Uno de los jugadores m\u00e1s carism\u00e1ticos e importantes de la historia b\u00e9tica adem\u00e1s de miembro de la secretar\u00eda t\u00e9cnica en la 2000-01 y de presidente del club&#8230;<\/p>\n","protected":false},"author":5,"featured_media":57571,"comment_status":"open","ping_status":"open","sticky":false,"template":"","format":"standard","meta":{"_kad_post_transparent":"","_kad_post_title":"","_kad_post_layout":"","_kad_post_sidebar_id":"","_kad_post_content_style":"","_kad_post_vertical_padding":"","_kad_post_feature":"","_kad_post_feature_position":"","_kad_post_header":false,"_kad_post_footer":false,"_kad_post_classname":"","_jetpack_memberships_contains_paid_content":false,"footnotes":"","jetpack_publicize_message":"","jetpack_publicize_feature_enabled":true,"jetpack_social_post_already_shared":true,"jetpack_social_options":{"image_generator_settings":{"template":"highway","default_image_id":0,"font":"","enabled":false},"version":2}},"categories":[901,14583,1],"tags":[1305],"class_list":["post-57570","post","type-post","status-publish","format-standard","has-post-thumbnail","hentry","category-1950-1959","category-efemerides","category-portada","tag-rafael-gordillo"],"jetpack_publicize_connections":[],"jetpack_featured_media_url":"https:\/\/i0.wp.com\/www.manquepierda.com\/historiarealbetis\/files\/2017\/02\/Gordillo-9.jpg?fit=589%2C800&ssl=1","jetpack_sharing_enabled":true,"jetpack_shortlink":"https:\/\/wp.me\/p1ij08-eYy","jetpack-related-posts":[],"_links":{"self":[{"href":"https:\/\/www.manquepierda.com\/historiarealbetis\/wp-json\/wp\/v2\/posts\/57570","targetHints":{"allow":["GET"]}}],"collection":[{"href":"https:\/\/www.manquepierda.com\/historiarealbetis\/wp-json\/wp\/v2\/posts"}],"about":[{"href":"https:\/\/www.manquepierda.com\/historiarealbetis\/wp-json\/wp\/v2\/types\/post"}],"author":[{"embeddable":true,"href":"https:\/\/www.manquepierda.com\/historiarealbetis\/wp-json\/wp\/v2\/users\/5"}],"replies":[{"embeddable":true,"href":"https:\/\/www.manquepierda.com\/historiarealbetis\/wp-json\/wp\/v2\/comments?post=57570"}],"version-history":[{"count":2,"href":"https:\/\/www.manquepierda.com\/historiarealbetis\/wp-json\/wp\/v2\/posts\/57570\/revisions"}],"predecessor-version":[{"id":83516,"href":"https:\/\/www.manquepierda.com\/historiarealbetis\/wp-json\/wp\/v2\/posts\/57570\/revisions\/83516"}],"wp:featuredmedia":[{"embeddable":true,"href":"https:\/\/www.manquepierda.com\/historiarealbetis\/wp-json\/wp\/v2\/media\/57571"}],"wp:attachment":[{"href":"https:\/\/www.manquepierda.com\/historiarealbetis\/wp-json\/wp\/v2\/media?parent=57570"}],"wp:term":[{"taxonomy":"category","embeddable":true,"href":"https:\/\/www.manquepierda.com\/historiarealbetis\/wp-json\/wp\/v2\/categories?post=57570"},{"taxonomy":"post_tag","embeddable":true,"href":"https:\/\/www.manquepierda.com\/historiarealbetis\/wp-json\/wp\/v2\/tags?post=57570"}],"curies":[{"name":"wp","href":"https:\/\/api.w.org\/{rel}","templated":true}]}}