{"id":57705,"date":"2023-03-02T11:00:00","date_gmt":"2023-03-02T10:00:00","guid":{"rendered":"http:\/\/www.manquepierda.com\/historiarealbetis\/?p=57705"},"modified":"2024-08-09T13:10:12","modified_gmt":"2024-08-09T11:10:12","slug":"hoy-42-anos-5-2","status":"publish","type":"post","link":"https:\/\/www.manquepierda.com\/historiarealbetis\/hoy-42-anos-5-2\/","title":{"rendered":"Hoy hace 45 a\u00f1os. Betis 0 Dinamo Mosc\u00fa o en la Recopa."},"content":{"rendered":"<p><a href=\"https:\/\/i0.wp.com\/www.manquepierda.com\/historiarealbetis\/files\/2017\/02\/2-1978-Betis-Dinamo-Mosc%C3%BA.jpg?ssl=1\"><img data-recalc-dims=\"1\" loading=\"lazy\" decoding=\"async\" class=\"aligncenter size-medium wp-image-57706\" src=\"https:\/\/i0.wp.com\/www.manquepierda.com\/historiarealbetis\/files\/2017\/02\/2-1978-Betis-Dinamo-Mosc%C3%BA.jpg?resize=680%2C443&#038;ssl=1\" alt=\"\" width=\"680\" height=\"443\" srcset=\"https:\/\/i0.wp.com\/www.manquepierda.com\/historiarealbetis\/files\/2017\/02\/2-1978-Betis-Dinamo-Mosc%C3%BA.jpg?resize=680%2C443&amp;ssl=1 680w, https:\/\/i0.wp.com\/www.manquepierda.com\/historiarealbetis\/files\/2017\/02\/2-1978-Betis-Dinamo-Mosc%C3%BA.jpg?resize=220%2C143&amp;ssl=1 220w, https:\/\/i0.wp.com\/www.manquepierda.com\/historiarealbetis\/files\/2017\/02\/2-1978-Betis-Dinamo-Mosc%C3%BA.jpg?resize=768%2C501&amp;ssl=1 768w, https:\/\/i0.wp.com\/www.manquepierda.com\/historiarealbetis\/files\/2017\/02\/2-1978-Betis-Dinamo-Mosc%C3%BA.jpg?w=960&amp;ssl=1 960w\" sizes=\"auto, (max-width: 680px) 100vw, 680px\" \/><\/a><\/p>\n<p><span style=\"color: #008000\">El 2 de marzo de 1978 el Betis y el Dinamo de Mosc\u00fa empatan a o en el Villamar\u00edn en el partido de ida de los cuartos de final de la Recopa de Europa.<\/span><\/p>\n<p><span style=\"color: #008000\">El Betis, a quien entrena Rafael Iriondo, forma con: Esnaola; Muhren (83, Bizcocho), Sabat\u00e9, Biosca, Gordillo; L\u00f3pez, Alabanda, Carde\u00f1osa; Garc\u00eda Soriano (75, Del Pozo), Eulate y Anzarda.<\/span><\/p>\n<p><span style=\"color: #008000\">El Dinamo Mosc\u00fa, dirigido por Aleksander Sevidov, aline\u00f3 a Gontar; Parov, Dolmatov, Bubnov, Novikov; Minaev, Petrushin, Maksimenkov; Yakubik, Kazachenov y Gershkovic.&nbsp;<\/span><\/p>\n","protected":false},"excerpt":{"rendered":"<p>El 2 de marzo de 1978 el Betis y el Dinamo de Mosc\u00fa empatan a o en el Villamar\u00edn en el partido de ida de los cuartos de final de la Recopa de Europa. El Betis, a quien entrena Rafael Iriondo, forma con: Esnaola; Muhren (83, Bizcocho), Sabat\u00e9, Biosca, Gordillo; L\u00f3pez, Alabanda, Carde\u00f1osa; Garc\u00eda Soriano&#8230;<\/p>\n","protected":false},"author":5,"featured_media":57706,"comment_status":"open","ping_status":"open","sticky":false,"template":"","format":"standard","meta":{"_kad_post_transparent":"","_kad_post_title":"","_kad_post_layout":"","_kad_post_sidebar_id":"","_kad_post_content_style":"","_kad_post_vertical_padding":"","_kad_post_feature":"","_kad_post_feature_position":"","_kad_post_header":false,"_kad_post_footer":false,"_kad_post_classname":"","_jetpack_memberships_contains_paid_content":false,"footnotes":"","jetpack_publicize_message":"","jetpack_publicize_feature_enabled":true,"jetpack_social_post_already_shared":true,"jetpack_social_options":{"image_generator_settings":{"template":"highway","default_image_id":0,"font":"","enabled":false},"version":2}},"categories":[903,14583,1],"tags":[59,4050,17800],"class_list":["post-57705","post","type-post","status-publish","format-standard","has-post-thumbnail","hentry","category-1970-1979","category-efemerides","category-portada","tag-59","tag-dinamo-moscu","tag-recopa-1977-78"],"jetpack_publicize_connections":[],"jetpack_featured_media_url":"https:\/\/i0.wp.com\/www.manquepierda.com\/historiarealbetis\/files\/2017\/02\/2-1978-Betis-Dinamo-Mosc%C3%BA.jpg?fit=960%2C626&ssl=1","jetpack_sharing_enabled":true,"jetpack_shortlink":"https:\/\/wp.me\/p1ij08-f0J","jetpack-related-posts":[],"_links":{"self":[{"href":"https:\/\/www.manquepierda.com\/historiarealbetis\/wp-json\/wp\/v2\/posts\/57705","targetHints":{"allow":["GET"]}}],"collection":[{"href":"https:\/\/www.manquepierda.com\/historiarealbetis\/wp-json\/wp\/v2\/posts"}],"about":[{"href":"https:\/\/www.manquepierda.com\/historiarealbetis\/wp-json\/wp\/v2\/types\/post"}],"author":[{"embeddable":true,"href":"https:\/\/www.manquepierda.com\/historiarealbetis\/wp-json\/wp\/v2\/users\/5"}],"replies":[{"embeddable":true,"href":"https:\/\/www.manquepierda.com\/historiarealbetis\/wp-json\/wp\/v2\/comments?post=57705"}],"version-history":[{"count":1,"href":"https:\/\/www.manquepierda.com\/historiarealbetis\/wp-json\/wp\/v2\/posts\/57705\/revisions"}],"predecessor-version":[{"id":87997,"href":"https:\/\/www.manquepierda.com\/historiarealbetis\/wp-json\/wp\/v2\/posts\/57705\/revisions\/87997"}],"wp:featuredmedia":[{"embeddable":true,"href":"https:\/\/www.manquepierda.com\/historiarealbetis\/wp-json\/wp\/v2\/media\/57706"}],"wp:attachment":[{"href":"https:\/\/www.manquepierda.com\/historiarealbetis\/wp-json\/wp\/v2\/media?parent=57705"}],"wp:term":[{"taxonomy":"category","embeddable":true,"href":"https:\/\/www.manquepierda.com\/historiarealbetis\/wp-json\/wp\/v2\/categories?post=57705"},{"taxonomy":"post_tag","embeddable":true,"href":"https:\/\/www.manquepierda.com\/historiarealbetis\/wp-json\/wp\/v2\/tags?post=57705"}],"curies":[{"name":"wp","href":"https:\/\/api.w.org\/{rel}","templated":true}]}}