{"id":57734,"date":"2024-03-07T12:00:00","date_gmt":"2024-03-07T11:00:00","guid":{"rendered":"http:\/\/www.manquepierda.com\/historiarealbetis\/?p=57734"},"modified":"2024-02-13T20:26:12","modified_gmt":"2024-02-13T19:26:12","slug":"hoy-16-anos","status":"publish","type":"post","link":"https:\/\/www.manquepierda.com\/historiarealbetis\/hoy-16-anos\/","title":{"rendered":"Hoy hace 20 a\u00f1os. Fallece Francisco Jos\u00e9 G\u00f3mez \u00abQuico\u00bb."},"content":{"rendered":"<p><a href=\"https:\/\/i0.wp.com\/www.manquepierda.com\/historiarealbetis\/files\/2017\/03\/7-2004-Fallece-Quico-.jpg?ssl=1\"><img data-recalc-dims=\"1\" loading=\"lazy\" decoding=\"async\" class=\"aligncenter size-full wp-image-57735\" src=\"https:\/\/i0.wp.com\/www.manquepierda.com\/historiarealbetis\/files\/2017\/03\/7-2004-Fallece-Quico-.jpg?resize=358%2C589&#038;ssl=1\" alt=\"\" width=\"358\" height=\"589\" srcset=\"https:\/\/i0.wp.com\/www.manquepierda.com\/historiarealbetis\/files\/2017\/03\/7-2004-Fallece-Quico-.jpg?w=358&amp;ssl=1 358w, https:\/\/i0.wp.com\/www.manquepierda.com\/historiarealbetis\/files\/2017\/03\/7-2004-Fallece-Quico-.jpg?resize=134%2C220&amp;ssl=1 134w\" sizes=\"auto, (max-width: 358px) 100vw, 358px\" \/><\/a><\/p>\n<p><span style=\"color: #008000\">El 7 de marzo de 2004 fallec\u00eda en Sevilla Francisco Jos\u00e9 G\u00f3mez Garc\u00eda \u00abQuico\u00bb, quien fuera jugador de la primera plantilla del Real Betis Balompi\u00e9 entre 1994 y 1996, formando con anterioridad parte de la cantera b\u00e9tica.<\/span><\/p>\n<p><span style=\"color: #008000\">Quico debut\u00f3 con el primer equipo en agosto de 1994, jugando un total de 15 partidos (3 de Liga, 1 de Copa, 1 de la Uefa y 10 amistosos), pero una enfermedad lo apart\u00f3 del f\u00fatbol profesional en el verano de 1996.&nbsp;<\/span><\/p>\n","protected":false},"excerpt":{"rendered":"<p>El 7 de marzo de 2004 fallec\u00eda en Sevilla Francisco Jos\u00e9 G\u00f3mez Garc\u00eda \u00abQuico\u00bb, quien fuera jugador de la primera plantilla del Real Betis Balompi\u00e9 entre 1994 y 1996, formando con anterioridad parte de la cantera b\u00e9tica. Quico debut\u00f3 con el primer equipo en agosto de 1994, jugando un total de 15 partidos (3 de&#8230;<\/p>\n","protected":false},"author":5,"featured_media":57735,"comment_status":"open","ping_status":"open","sticky":false,"template":"","format":"standard","meta":{"_kad_post_transparent":"","_kad_post_title":"","_kad_post_layout":"","_kad_post_sidebar_id":"","_kad_post_content_style":"","_kad_post_vertical_padding":"","_kad_post_feature":"","_kad_post_feature_position":"","_kad_post_header":false,"_kad_post_footer":false,"_kad_post_classname":"","_jetpack_memberships_contains_paid_content":false,"footnotes":"","jetpack_publicize_message":"","jetpack_publicize_feature_enabled":true,"jetpack_social_post_already_shared":true,"jetpack_social_options":{"image_generator_settings":{"template":"highway","default_image_id":0,"font":"","enabled":false},"version":2}},"categories":[4823,14583,1],"tags":[9729],"class_list":["post-57734","post","type-post","status-publish","format-standard","has-post-thumbnail","hentry","category-2000-2009","category-efemerides","category-portada","tag-francisco-gomez-quico"],"jetpack_publicize_connections":[],"jetpack_featured_media_url":"https:\/\/i0.wp.com\/www.manquepierda.com\/historiarealbetis\/files\/2017\/03\/7-2004-Fallece-Quico-.jpg?fit=358%2C589&ssl=1","jetpack_sharing_enabled":true,"jetpack_shortlink":"https:\/\/wp.me\/p1ij08-f1c","jetpack-related-posts":[],"_links":{"self":[{"href":"https:\/\/www.manquepierda.com\/historiarealbetis\/wp-json\/wp\/v2\/posts\/57734","targetHints":{"allow":["GET"]}}],"collection":[{"href":"https:\/\/www.manquepierda.com\/historiarealbetis\/wp-json\/wp\/v2\/posts"}],"about":[{"href":"https:\/\/www.manquepierda.com\/historiarealbetis\/wp-json\/wp\/v2\/types\/post"}],"author":[{"embeddable":true,"href":"https:\/\/www.manquepierda.com\/historiarealbetis\/wp-json\/wp\/v2\/users\/5"}],"replies":[{"embeddable":true,"href":"https:\/\/www.manquepierda.com\/historiarealbetis\/wp-json\/wp\/v2\/comments?post=57734"}],"version-history":[{"count":1,"href":"https:\/\/www.manquepierda.com\/historiarealbetis\/wp-json\/wp\/v2\/posts\/57734\/revisions"}],"predecessor-version":[{"id":92875,"href":"https:\/\/www.manquepierda.com\/historiarealbetis\/wp-json\/wp\/v2\/posts\/57734\/revisions\/92875"}],"wp:featuredmedia":[{"embeddable":true,"href":"https:\/\/www.manquepierda.com\/historiarealbetis\/wp-json\/wp\/v2\/media\/57735"}],"wp:attachment":[{"href":"https:\/\/www.manquepierda.com\/historiarealbetis\/wp-json\/wp\/v2\/media?parent=57734"}],"wp:term":[{"taxonomy":"category","embeddable":true,"href":"https:\/\/www.manquepierda.com\/historiarealbetis\/wp-json\/wp\/v2\/categories?post=57734"},{"taxonomy":"post_tag","embeddable":true,"href":"https:\/\/www.manquepierda.com\/historiarealbetis\/wp-json\/wp\/v2\/tags?post=57734"}],"curies":[{"name":"wp","href":"https:\/\/api.w.org\/{rel}","templated":true}]}}