{"id":57891,"date":"2021-03-17T10:30:00","date_gmt":"2021-03-17T09:30:00","guid":{"rendered":"http:\/\/www.manquepierda.com\/historiarealbetis\/?p=57891"},"modified":"2021-06-19T10:41:33","modified_gmt":"2021-06-19T08:41:33","slug":"hoy-36-anos-2","status":"publish","type":"post","link":"https:\/\/www.manquepierda.com\/historiarealbetis\/hoy-36-anos-2\/","title":{"rendered":"Hoy hace 40 a\u00f1os. Nace  Arturo Garc\u00eda \u00abArzu\u00bb."},"content":{"rendered":"<p><a href=\"https:\/\/i0.wp.com\/www.manquepierda.com\/historiarealbetis\/files\/2017\/03\/17-1981-Arzu.jpeg?ssl=1\"><img data-recalc-dims=\"1\" loading=\"lazy\" decoding=\"async\" class=\"aligncenter size-full wp-image-57892\" src=\"https:\/\/i0.wp.com\/www.manquepierda.com\/historiarealbetis\/files\/2017\/03\/17-1981-Arzu.jpeg?resize=500%2C517&#038;ssl=1\" alt=\"\" width=\"500\" height=\"517\" srcset=\"https:\/\/i0.wp.com\/www.manquepierda.com\/historiarealbetis\/files\/2017\/03\/17-1981-Arzu.jpeg?w=500&amp;ssl=1 500w, https:\/\/i0.wp.com\/www.manquepierda.com\/historiarealbetis\/files\/2017\/03\/17-1981-Arzu.jpeg?resize=213%2C220&amp;ssl=1 213w\" sizes=\"auto, (max-width: 500px) 100vw, 500px\" \/><\/a><\/p>\n<p><span style=\"color: #008000\">El 17 de marzo de 1981 nace en Dos Hermanas Arturo Garc\u00eda Mu\u00f1oz \u00abArzu\u00bb, quien fuera jugador del Real Betis Balompi\u00e9 entre los a\u00f1os 2000 y 2011, y al que lleg\u00f3 desde los escalafones inferiores del club.<\/span><\/p>\n<p><span style=\"color: #008000\">Integrante del equipo que gan\u00f3 la Copa en 2005 fue tambi\u00e9n el autor del primer gol b\u00e9tico en la Liga de Campeones.<\/span><\/p>\n<p><span style=\"color: #008000\">Para saber m\u00e1s de su trayectoria b\u00e9tica ver <a href=\"https:\/\/www.manquepierda.com\/historiarealbetis\/arturo-garcia-arzu\/\"><strong>aqu\u00ed.&nbsp;<\/strong><\/a><\/span><\/p>\n","protected":false},"excerpt":{"rendered":"<p>El 17 de marzo de 1981 nace en Dos Hermanas Arturo Garc\u00eda Mu\u00f1oz \u00abArzu\u00bb, quien fuera jugador del Real Betis Balompi\u00e9 entre los a\u00f1os 2000 y 2011, y al que lleg\u00f3 desde los escalafones inferiores del club. Integrante del equipo que gan\u00f3 la Copa en 2005 fue tambi\u00e9n el autor del primer gol b\u00e9tico en&#8230;<\/p>\n","protected":false},"author":5,"featured_media":57892,"comment_status":"open","ping_status":"open","sticky":false,"template":"","format":"standard","meta":{"_kad_post_transparent":"","_kad_post_title":"","_kad_post_layout":"","_kad_post_sidebar_id":"","_kad_post_content_style":"","_kad_post_vertical_padding":"","_kad_post_feature":"","_kad_post_feature_position":"","_kad_post_header":false,"_kad_post_footer":false,"_kad_post_classname":"","_jetpack_memberships_contains_paid_content":false,"footnotes":"","jetpack_publicize_message":"","jetpack_publicize_feature_enabled":true,"jetpack_social_post_already_shared":true,"jetpack_social_options":{"image_generator_settings":{"template":"highway","default_image_id":0,"font":"","enabled":false},"version":2}},"categories":[904,14583,1],"tags":[1341],"class_list":["post-57891","post","type-post","status-publish","format-standard","has-post-thumbnail","hentry","category-1980-1989","category-efemerides","category-portada","tag-arturo-garcia-arzu"],"jetpack_publicize_connections":[],"jetpack_featured_media_url":"https:\/\/i0.wp.com\/www.manquepierda.com\/historiarealbetis\/files\/2017\/03\/17-1981-Arzu.jpeg?fit=500%2C517&ssl=1","jetpack_sharing_enabled":true,"jetpack_shortlink":"https:\/\/wp.me\/p1ij08-f3J","jetpack-related-posts":[],"_links":{"self":[{"href":"https:\/\/www.manquepierda.com\/historiarealbetis\/wp-json\/wp\/v2\/posts\/57891","targetHints":{"allow":["GET"]}}],"collection":[{"href":"https:\/\/www.manquepierda.com\/historiarealbetis\/wp-json\/wp\/v2\/posts"}],"about":[{"href":"https:\/\/www.manquepierda.com\/historiarealbetis\/wp-json\/wp\/v2\/types\/post"}],"author":[{"embeddable":true,"href":"https:\/\/www.manquepierda.com\/historiarealbetis\/wp-json\/wp\/v2\/users\/5"}],"replies":[{"embeddable":true,"href":"https:\/\/www.manquepierda.com\/historiarealbetis\/wp-json\/wp\/v2\/comments?post=57891"}],"version-history":[{"count":0,"href":"https:\/\/www.manquepierda.com\/historiarealbetis\/wp-json\/wp\/v2\/posts\/57891\/revisions"}],"wp:featuredmedia":[{"embeddable":true,"href":"https:\/\/www.manquepierda.com\/historiarealbetis\/wp-json\/wp\/v2\/media\/57892"}],"wp:attachment":[{"href":"https:\/\/www.manquepierda.com\/historiarealbetis\/wp-json\/wp\/v2\/media?parent=57891"}],"wp:term":[{"taxonomy":"category","embeddable":true,"href":"https:\/\/www.manquepierda.com\/historiarealbetis\/wp-json\/wp\/v2\/categories?post=57891"},{"taxonomy":"post_tag","embeddable":true,"href":"https:\/\/www.manquepierda.com\/historiarealbetis\/wp-json\/wp\/v2\/tags?post=57891"}],"curies":[{"name":"wp","href":"https:\/\/api.w.org\/{rel}","templated":true}]}}