{"id":57895,"date":"2022-03-14T11:00:00","date_gmt":"2022-03-14T10:00:00","guid":{"rendered":"http:\/\/www.manquepierda.com\/historiarealbetis\/?p=57895"},"modified":"2024-08-16T20:28:46","modified_gmt":"2024-08-16T18:28:46","slug":"hoy-38-anos-3-2","status":"publish","type":"post","link":"https:\/\/www.manquepierda.com\/historiarealbetis\/hoy-38-anos-3-2\/","title":{"rendered":"Hoy hace 40 a\u00f1os. Betis 0 Real Madrid 0."},"content":{"rendered":"\n<div class=\"wp-block-image\"><figure class=\"aligncenter size-full\"><img data-recalc-dims=\"1\" loading=\"lazy\" decoding=\"async\" width=\"588\" height=\"350\" src=\"https:\/\/i0.wp.com\/www.manquepierda.com\/historiarealbetis\/files\/2022\/03\/14-1982-Betis-0-Real-Madrid-0.jpg?resize=588%2C350&#038;ssl=1\" alt=\"\" class=\"wp-image-83378\" srcset=\"https:\/\/i0.wp.com\/www.manquepierda.com\/historiarealbetis\/files\/2022\/03\/14-1982-Betis-0-Real-Madrid-0.jpg?w=588&amp;ssl=1 588w, https:\/\/i0.wp.com\/www.manquepierda.com\/historiarealbetis\/files\/2022\/03\/14-1982-Betis-0-Real-Madrid-0.jpg?resize=220%2C131&amp;ssl=1 220w\" sizes=\"auto, (max-width: 588px) 100vw, 588px\" \/><\/figure><\/div>\n\n\n<p><\/p>\n<p><span style=\"color: #008000\">El 14 de marzo de 1982 Betis y Real Madrid empatan a 0 en el Villamar\u00edn en partido de la jornada 28 del Campeonato de Liga de Primera Divisi\u00f3n.<\/span><\/p>\n<p><span style=\"color: #008000\">El Betis, entrenado por Rafael Iriondo, form\u00f3 con Esnaola; Ben\u00edtez, Francis, Biosca, Gordillo, L\u00f3pez (80, Casado), Ortega, Carde\u00f1osa, Parra; Melchor (83, Rinc\u00f3n) y Diarte.<\/span><\/p>\n<p><span style=\"color: #008000\">El Real Madrid, dirigido por Vujadin Boskov, aline\u00f3 a Agust\u00edn; Sanjos\u00e9 Gallego, Sabido, Camacho; Cort\u00e9s, Del Bosque, Stielike (75, Garc\u00eda Hern\u00e1ndez); Juanito (46, Ito), Pineda e Isidro.&nbsp; &nbsp;<\/span><\/p>","protected":false},"excerpt":{"rendered":"<p>El 14 de marzo de 1982 Betis y Real Madrid empatan a 0 en el Villamar\u00edn en partido de la jornada 28 del Campeonato de Liga de Primera Divisi\u00f3n. El Betis, entrenado por Rafael Iriondo, form\u00f3 con Esnaola; Ben\u00edtez, Francis, Biosca, Gordillo, L\u00f3pez (80, Casado), Ortega, Carde\u00f1osa, Parra; Melchor (83, Rinc\u00f3n) y Diarte. El Real&#8230;<\/p>\n","protected":false},"author":5,"featured_media":83378,"comment_status":"open","ping_status":"open","sticky":false,"template":"","format":"standard","meta":{"_kad_post_transparent":"","_kad_post_title":"","_kad_post_layout":"","_kad_post_sidebar_id":"","_kad_post_content_style":"","_kad_post_vertical_padding":"","_kad_post_feature":"","_kad_post_feature_position":"","_kad_post_header":false,"_kad_post_footer":false,"_kad_post_classname":"","_jetpack_memberships_contains_paid_content":false,"footnotes":"","jetpack_publicize_message":"","jetpack_publicize_feature_enabled":true,"jetpack_social_post_already_shared":true,"jetpack_social_options":{"image_generator_settings":{"template":"highway","default_image_id":0,"font":"","enabled":false},"version":2}},"categories":[904,14583,1],"tags":[1218,17884,13362],"class_list":["post-57895","post","type-post","status-publish","format-standard","has-post-thumbnail","hentry","category-1980-1989","category-efemerides","category-portada","tag-1218","tag-liga-primera-1981-82","tag-real-madrid-cf"],"jetpack_publicize_connections":[],"jetpack_featured_media_url":"https:\/\/i0.wp.com\/www.manquepierda.com\/historiarealbetis\/files\/2022\/03\/14-1982-Betis-0-Real-Madrid-0.jpg?fit=588%2C350&ssl=1","jetpack_sharing_enabled":true,"jetpack_shortlink":"https:\/\/wp.me\/p1ij08-f3N","jetpack-related-posts":[],"_links":{"self":[{"href":"https:\/\/www.manquepierda.com\/historiarealbetis\/wp-json\/wp\/v2\/posts\/57895","targetHints":{"allow":["GET"]}}],"collection":[{"href":"https:\/\/www.manquepierda.com\/historiarealbetis\/wp-json\/wp\/v2\/posts"}],"about":[{"href":"https:\/\/www.manquepierda.com\/historiarealbetis\/wp-json\/wp\/v2\/types\/post"}],"author":[{"embeddable":true,"href":"https:\/\/www.manquepierda.com\/historiarealbetis\/wp-json\/wp\/v2\/users\/5"}],"replies":[{"embeddable":true,"href":"https:\/\/www.manquepierda.com\/historiarealbetis\/wp-json\/wp\/v2\/comments?post=57895"}],"version-history":[{"count":3,"href":"https:\/\/www.manquepierda.com\/historiarealbetis\/wp-json\/wp\/v2\/posts\/57895\/revisions"}],"predecessor-version":[{"id":83380,"href":"https:\/\/www.manquepierda.com\/historiarealbetis\/wp-json\/wp\/v2\/posts\/57895\/revisions\/83380"}],"wp:featuredmedia":[{"embeddable":true,"href":"https:\/\/www.manquepierda.com\/historiarealbetis\/wp-json\/wp\/v2\/media\/83378"}],"wp:attachment":[{"href":"https:\/\/www.manquepierda.com\/historiarealbetis\/wp-json\/wp\/v2\/media?parent=57895"}],"wp:term":[{"taxonomy":"category","embeddable":true,"href":"https:\/\/www.manquepierda.com\/historiarealbetis\/wp-json\/wp\/v2\/categories?post=57895"},{"taxonomy":"post_tag","embeddable":true,"href":"https:\/\/www.manquepierda.com\/historiarealbetis\/wp-json\/wp\/v2\/tags?post=57895"}],"curies":[{"name":"wp","href":"https:\/\/api.w.org\/{rel}","templated":true}]}}