{"id":57903,"date":"2017-03-16T07:22:23","date_gmt":"2017-03-16T06:22:23","guid":{"rendered":"http:\/\/www.manquepierda.com\/historiarealbetis\/?p=57903"},"modified":"2024-10-01T14:25:05","modified_gmt":"2024-10-01T12:25:05","slug":"alineacion-sevilla-betis-copa-spencer-1926","status":"publish","type":"post","link":"https:\/\/www.manquepierda.com\/historiarealbetis\/alineacion-sevilla-betis-copa-spencer-1926\/","title":{"rendered":"Alineaci\u00f3n Sevilla-Betis Copa Spencer 1926"},"content":{"rendered":"<p><a href=\"https:\/\/i0.wp.com\/www.manquepierda.com\/historiarealbetis\/files\/2017\/03\/Alineaci%C3%B3n-Sevilla-Betis-Copa-Spencer-1926.jpg?ssl=1\"><img data-recalc-dims=\"1\" loading=\"lazy\" decoding=\"async\" class=\"aligncenter size-medium wp-image-57904\" src=\"https:\/\/i0.wp.com\/www.manquepierda.com\/historiarealbetis\/files\/2017\/03\/Alineaci%C3%B3n-Sevilla-Betis-Copa-Spencer-1926.jpg?resize=680%2C441&#038;ssl=1\" alt=\"\" width=\"680\" height=\"441\" srcset=\"https:\/\/i0.wp.com\/www.manquepierda.com\/historiarealbetis\/files\/2017\/03\/Alineaci%C3%B3n-Sevilla-Betis-Copa-Spencer-1926.jpg?resize=680%2C441&amp;ssl=1 680w, https:\/\/i0.wp.com\/www.manquepierda.com\/historiarealbetis\/files\/2017\/03\/Alineaci%C3%B3n-Sevilla-Betis-Copa-Spencer-1926.jpg?resize=220%2C143&amp;ssl=1 220w, https:\/\/i0.wp.com\/www.manquepierda.com\/historiarealbetis\/files\/2017\/03\/Alineaci%C3%B3n-Sevilla-Betis-Copa-Spencer-1926.jpg?resize=768%2C498&amp;ssl=1 768w, https:\/\/i0.wp.com\/www.manquepierda.com\/historiarealbetis\/files\/2017\/03\/Alineaci%C3%B3n-Sevilla-Betis-Copa-Spencer-1926.jpg?resize=960%2C622&amp;ssl=1 960w, https:\/\/i0.wp.com\/www.manquepierda.com\/historiarealbetis\/files\/2017\/03\/Alineaci%C3%B3n-Sevilla-Betis-Copa-Spencer-1926.jpg?w=1191&amp;ssl=1 1191w\" sizes=\"auto, (max-width: 680px) 100vw, 680px\" \/><\/a><\/p>\n<p>3 de octubre de 1926 en Reina Victoria Sevilla 1 Betis 3, partido homenaje a Enrique G\u00f3mez \u00abSpencer\u00bb.<\/p>\n<p>En la imagen arriba Carrasco, Romerito, Germ\u00e1n, Jes\u00fas, Adolfito, Manol\u00edn y Reina; abajo Salda\u00f1a, Est\u00e9vez, Tenorio, Jim\u00e9nez y Enrique.<\/p>\n<p>Con tantos de Carrasco y 2 de Enrique el Betis se impuso al Sevilla en el partido homenaje a Enrique G\u00f3mez \u00abSpencer\u00bb quien hab\u00eda fallecido en marzo de ese a\u00f1o.<\/p>\n<p>&nbsp;<\/p>\n","protected":false},"excerpt":{"rendered":"<p>3 de octubre de 1926 en Reina Victoria Sevilla 1 Betis 3, partido homenaje a Enrique G\u00f3mez \u00abSpencer\u00bb. En la imagen arriba Carrasco, Romerito, Germ\u00e1n, Jes\u00fas, Adolfito, Manol\u00edn y Reina; abajo Salda\u00f1a, Est\u00e9vez, Tenorio, Jim\u00e9nez y Enrique. Con tantos de Carrasco y 2 de Enrique el Betis se impuso al Sevilla en el partido homenaje&#8230;<\/p>\n","protected":false},"author":5,"featured_media":57904,"comment_status":"open","ping_status":"open","sticky":false,"template":"","format":"standard","meta":{"_kad_post_transparent":"","_kad_post_title":"","_kad_post_layout":"","_kad_post_sidebar_id":"","_kad_post_content_style":"","_kad_post_vertical_padding":"","_kad_post_feature":"","_kad_post_feature_position":"","_kad_post_header":false,"_kad_post_footer":false,"_kad_post_classname":"","_jetpack_memberships_contains_paid_content":false,"footnotes":"","jetpack_publicize_message":"","jetpack_publicize_feature_enabled":true,"jetpack_social_post_already_shared":true,"jetpack_social_options":{"image_generator_settings":{"template":"highway","default_image_id":0,"font":"","enabled":false},"version":2}},"categories":[898,1],"tags":[1251,2316,9482,9009,1219,1321,4141,2707,2390,1473,2387,1412,2392,5239,916,2391],"class_list":["post-57903","post","type-post","status-publish","format-standard","has-post-thumbnail","hentry","category-1920-1929","category-portada","tag-1251","tag-1926-27","tag-adolfo-sancho-adolfito","tag-antonio-romero-romerito","tag-antonio-tenorio","tag-copa-spencer","tag-daniel-reina","tag-enrique-garrido","tag-german-sorzano","tag-jesus-bernaldez","tag-jesus-jimenez","tag-jose-estevez","tag-manuel-nogueras-manolin","tag-manuel-saldana","tag-sevilla-fc","tag-victoriano-carrasco"],"jetpack_publicize_connections":[],"jetpack_featured_media_url":"https:\/\/i0.wp.com\/www.manquepierda.com\/historiarealbetis\/files\/2017\/03\/Alineaci%C3%B3n-Sevilla-Betis-Copa-Spencer-1926.jpg?fit=1191%2C772&ssl=1","jetpack_sharing_enabled":true,"jetpack_shortlink":"https:\/\/wp.me\/p1ij08-f3V","jetpack-related-posts":[],"_links":{"self":[{"href":"https:\/\/www.manquepierda.com\/historiarealbetis\/wp-json\/wp\/v2\/posts\/57903","targetHints":{"allow":["GET"]}}],"collection":[{"href":"https:\/\/www.manquepierda.com\/historiarealbetis\/wp-json\/wp\/v2\/posts"}],"about":[{"href":"https:\/\/www.manquepierda.com\/historiarealbetis\/wp-json\/wp\/v2\/types\/post"}],"author":[{"embeddable":true,"href":"https:\/\/www.manquepierda.com\/historiarealbetis\/wp-json\/wp\/v2\/users\/5"}],"replies":[{"embeddable":true,"href":"https:\/\/www.manquepierda.com\/historiarealbetis\/wp-json\/wp\/v2\/comments?post=57903"}],"version-history":[{"count":1,"href":"https:\/\/www.manquepierda.com\/historiarealbetis\/wp-json\/wp\/v2\/posts\/57903\/revisions"}],"predecessor-version":[{"id":99926,"href":"https:\/\/www.manquepierda.com\/historiarealbetis\/wp-json\/wp\/v2\/posts\/57903\/revisions\/99926"}],"wp:featuredmedia":[{"embeddable":true,"href":"https:\/\/www.manquepierda.com\/historiarealbetis\/wp-json\/wp\/v2\/media\/57904"}],"wp:attachment":[{"href":"https:\/\/www.manquepierda.com\/historiarealbetis\/wp-json\/wp\/v2\/media?parent=57903"}],"wp:term":[{"taxonomy":"category","embeddable":true,"href":"https:\/\/www.manquepierda.com\/historiarealbetis\/wp-json\/wp\/v2\/categories?post=57903"},{"taxonomy":"post_tag","embeddable":true,"href":"https:\/\/www.manquepierda.com\/historiarealbetis\/wp-json\/wp\/v2\/tags?post=57903"}],"curies":[{"name":"wp","href":"https:\/\/api.w.org\/{rel}","templated":true}]}}