{"id":58160,"date":"2024-04-01T12:00:00","date_gmt":"2024-04-01T10:00:00","guid":{"rendered":"http:\/\/www.manquepierda.com\/historiarealbetis\/?p=58160"},"modified":"2024-08-14T16:28:40","modified_gmt":"2024-08-14T14:28:40","slug":"hoy-36-anos-5","status":"publish","type":"post","link":"https:\/\/www.manquepierda.com\/historiarealbetis\/hoy-36-anos-5\/","title":{"rendered":"Hoy hace 40 a\u00f1os. Gol n\u00famero 1.000 en Primera Divisi\u00f3n."},"content":{"rendered":"<div class=\"wp-block-image\">\n<figure class=\"aligncenter size-full\"><img data-recalc-dims=\"1\" loading=\"lazy\" decoding=\"async\" width=\"547\" height=\"387\" src=\"https:\/\/i0.wp.com\/www.manquepierda.com\/historiarealbetis\/files\/2024\/03\/1-1984-Gol-1000-en-Primera.jpg?resize=547%2C387&#038;ssl=1\" alt=\"\" class=\"wp-image-93274\" srcset=\"https:\/\/i0.wp.com\/www.manquepierda.com\/historiarealbetis\/files\/2024\/03\/1-1984-Gol-1000-en-Primera.jpg?w=547&amp;ssl=1 547w, https:\/\/i0.wp.com\/www.manquepierda.com\/historiarealbetis\/files\/2024\/03\/1-1984-Gol-1000-en-Primera.jpg?resize=220%2C156&amp;ssl=1 220w\" sizes=\"auto, (max-width: 547px) 100vw, 547px\" \/><\/figure>\n<\/div>\n\n<p>\u00a0<\/p>\n<p><span style=\"color: #008000\">El 1 de abril de 1984 en el Mini Estadi barcelon\u00e9s el Betis marca su gol 1.000 en Primera Divisi\u00f3n frente al Mallorca, que juega en Barcelona por clausura del Luis Sitjar.<\/span><\/p>\n<p><span style=\"color: #008000\">El gol lo marca Alex de cabeza en el minuto 34 a la salida de un saque de esquina, y sirve para dar la victoria 0-1 al conjunto verdiblanco.\u00a0<\/span><\/p>\n<p><span style=\"color: #008000\">El Mallorca, entrenado por Marcel Domingo, jug\u00f3 con Zubeld\u00eda; Estella, Amer, Gallardo, Dacosta; Delgado, Mart\u00ednez, Riado (56, Higuera); Armstrong, Ver\u00f3n y Juani (56, Orellana).<\/span><\/p>\n<p><span style=\"color: #008000\">El Betis, dirigido por Pepe Alzate, aline\u00f3 a Esnaola; Diego, Alex, Mantilla, Gordillo; Parra, Ortega, Carde\u00f1osa, Su\u00e1rez; Rinc\u00f3n (89, Julio) y Calder\u00f3n (66, Quico).\u00a0<\/span>\u00a0<\/p>","protected":false},"excerpt":{"rendered":"<p>\u00a0 El 1 de abril de 1984 en el Mini Estadi barcelon\u00e9s el Betis marca su gol 1.000 en Primera Divisi\u00f3n frente al Mallorca, que juega en Barcelona por clausura del Luis Sitjar. El gol lo marca Alex de cabeza en el minuto 34 a la salida de un saque de esquina, y sirve para&#8230;<\/p>\n","protected":false},"author":5,"featured_media":93274,"comment_status":"open","ping_status":"open","sticky":false,"template":"","format":"standard","meta":{"_kad_post_transparent":"","_kad_post_title":"","_kad_post_layout":"","_kad_post_sidebar_id":"","_kad_post_content_style":"","_kad_post_vertical_padding":"","_kad_post_feature":"","_kad_post_feature_position":"","_kad_post_header":false,"_kad_post_footer":false,"_kad_post_classname":"","_jetpack_memberships_contains_paid_content":false,"footnotes":"","jetpack_publicize_message":"","jetpack_publicize_feature_enabled":true,"jetpack_social_post_already_shared":true,"jetpack_social_options":{"image_generator_settings":{"template":"highway","default_image_id":0,"font":"","enabled":false},"version":2}},"categories":[904,14583,1],"tags":[4225,3115,13196,15911,17830,2240],"class_list":["post-58160","post","type-post","status-publish","format-standard","has-post-thumbnail","hentry","category-1980-1989","category-efemerides","category-portada","tag-1983-84","tag-3115","tag-al-lal-mohand-alex","tag-gol-1000-en-primera-division","tag-liga-primera-1983-84","tag-rcd-mallorca"],"jetpack_publicize_connections":[],"jetpack_featured_media_url":"https:\/\/i0.wp.com\/www.manquepierda.com\/historiarealbetis\/files\/2024\/03\/1-1984-Gol-1000-en-Primera.jpg?fit=547%2C387&ssl=1","jetpack_sharing_enabled":true,"jetpack_shortlink":"https:\/\/wp.me\/p1ij08-f84","jetpack-related-posts":[],"_links":{"self":[{"href":"https:\/\/www.manquepierda.com\/historiarealbetis\/wp-json\/wp\/v2\/posts\/58160","targetHints":{"allow":["GET"]}}],"collection":[{"href":"https:\/\/www.manquepierda.com\/historiarealbetis\/wp-json\/wp\/v2\/posts"}],"about":[{"href":"https:\/\/www.manquepierda.com\/historiarealbetis\/wp-json\/wp\/v2\/types\/post"}],"author":[{"embeddable":true,"href":"https:\/\/www.manquepierda.com\/historiarealbetis\/wp-json\/wp\/v2\/users\/5"}],"replies":[{"embeddable":true,"href":"https:\/\/www.manquepierda.com\/historiarealbetis\/wp-json\/wp\/v2\/comments?post=58160"}],"version-history":[{"count":5,"href":"https:\/\/www.manquepierda.com\/historiarealbetis\/wp-json\/wp\/v2\/posts\/58160\/revisions"}],"predecessor-version":[{"id":93349,"href":"https:\/\/www.manquepierda.com\/historiarealbetis\/wp-json\/wp\/v2\/posts\/58160\/revisions\/93349"}],"wp:featuredmedia":[{"embeddable":true,"href":"https:\/\/www.manquepierda.com\/historiarealbetis\/wp-json\/wp\/v2\/media\/93274"}],"wp:attachment":[{"href":"https:\/\/www.manquepierda.com\/historiarealbetis\/wp-json\/wp\/v2\/media?parent=58160"}],"wp:term":[{"taxonomy":"category","embeddable":true,"href":"https:\/\/www.manquepierda.com\/historiarealbetis\/wp-json\/wp\/v2\/categories?post=58160"},{"taxonomy":"post_tag","embeddable":true,"href":"https:\/\/www.manquepierda.com\/historiarealbetis\/wp-json\/wp\/v2\/tags?post=58160"}],"curies":[{"name":"wp","href":"https:\/\/api.w.org\/{rel}","templated":true}]}}