{"id":58163,"date":"2017-03-27T11:22:38","date_gmt":"2017-03-27T09:22:38","guid":{"rendered":"http:\/\/www.manquepierda.com\/historiarealbetis\/?p=58163"},"modified":"2024-08-28T12:18:39","modified_gmt":"2024-08-28T10:18:39","slug":"recorte-prensa-abc1954-25-anos-federacion-casobienzobas-marculeta","status":"publish","type":"post","link":"https:\/\/www.manquepierda.com\/historiarealbetis\/recorte-prensa-abc1954-25-anos-federacion-casobienzobas-marculeta\/","title":{"rendered":"Recorte de Prensa ABC1954-Hace 25 a\u00f1os.-Federaci\u00f3n caso Lazcano-Bienzoba-Marculeta."},"content":{"rendered":"<p><span style=\"color: #000000\"><em><strong>\u00abEl cotarro futbol\u00edstico estaba muy agitado con el fallo de la Real Federaci\u00f3n Espa\u00f1ola de F\u00fatbol en el famoso asunto de los jugadores del Real Madrid y de la Real Sociedad: Jaime Lazcano Escobar, Francisco Bienzobas Ocariz y Mart\u00edn Marculeta Barber\u00eda.<\/strong><\/em><\/span><\/p>\n<p style=\"text-align: center\"><img data-recalc-dims=\"1\" loading=\"lazy\" decoding=\"async\" class=\"aligncenter size-thumbnail wp-image-58164\" src=\"https:\/\/i0.wp.com\/www.manquepierda.com\/historiarealbetis\/files\/2017\/03\/ESCUDO-1925-1.jpg?resize=161%2C220&#038;ssl=1\" alt=\"\" width=\"161\" height=\"220\" srcset=\"https:\/\/i0.wp.com\/www.manquepierda.com\/historiarealbetis\/files\/2017\/03\/ESCUDO-1925-1.jpg?resize=161%2C220&amp;ssl=1 161w, https:\/\/i0.wp.com\/www.manquepierda.com\/historiarealbetis\/files\/2017\/03\/ESCUDO-1925-1.jpg?w=266&amp;ssl=1 266w\" sizes=\"auto, (max-width: 161px) 100vw, 161px\" \/><\/p>\n<p><em><span style=\"color: #008000\"><strong>La Federaci\u00f3n conden\u00f3 al Real Betis Balompi\u00e9 a que dichos jugadores no podr\u00edan alinearse con la entidad verdiblanca en un plazo de dos a\u00f1os. <\/strong><\/span><\/em><\/p>\n<p><em><span style=\"color: #008000\"><strong>Lo curioso es que el Betis Balompi\u00e9 hab\u00eda llegado \u00e1 un acuerdo con el Madrid Cf y se englob\u00f3 el asunto de los jugadores de la Sociedad de F\u00fatbol para dar marcha atr\u00e1s\u00bb:<\/strong><\/span><\/em><\/p>\n<p style=\"text-align: center\"><img data-recalc-dims=\"1\" loading=\"lazy\" decoding=\"async\" class=\"aligncenter size-full wp-image-58165\" src=\"https:\/\/i0.wp.com\/www.manquepierda.com\/historiarealbetis\/files\/2017\/03\/JLE.jpg?resize=88%2C112&#038;ssl=1\" alt=\"\" width=\"88\" height=\"112\" \/><\/p>\n<p style=\"text-align: center\"><strong>Jaime Lezcano Escol\u00e1.<\/strong><\/p>\n<p style=\"text-align: center\"><img data-recalc-dims=\"1\" loading=\"lazy\" decoding=\"async\" class=\"aligncenter size-full wp-image-58166\" src=\"https:\/\/i0.wp.com\/www.manquepierda.com\/historiarealbetis\/files\/2017\/03\/FBO.jpg?resize=88%2C112&#038;ssl=1\" alt=\"\" width=\"88\" height=\"112\" \/><\/p>\n<p style=\"text-align: center\"><span style=\"color: #000000\"><strong>Francisco Bienzobas Ocariz.<\/strong><\/span><\/p>\n<p style=\"text-align: center\"><img data-recalc-dims=\"1\" loading=\"lazy\" decoding=\"async\" class=\"aligncenter size-full wp-image-58167\" src=\"https:\/\/i0.wp.com\/www.manquepierda.com\/historiarealbetis\/files\/2017\/03\/Marculeta.jpg?resize=88%2C112&#038;ssl=1\" alt=\"\" width=\"88\" height=\"112\" \/><\/p>\n<p style=\"text-align: center\"><span style=\"color: #000000\"><strong>Mart\u00edn Marculeta Barber\u00eda.<\/strong><\/span><\/p>\n","protected":false},"excerpt":{"rendered":"<p>\u00abEl cotarro futbol\u00edstico estaba muy agitado con el fallo de la Real Federaci\u00f3n Espa\u00f1ola de F\u00fatbol en el famoso asunto de los jugadores del Real Madrid y de la Real Sociedad: Jaime Lazcano Escobar, Francisco Bienzobas Ocariz y Mart\u00edn Marculeta Barber\u00eda. La Federaci\u00f3n conden\u00f3 al Real Betis Balompi\u00e9 a que dichos jugadores no podr\u00edan alinearse&#8230;<\/p>\n","protected":false},"author":48,"featured_media":58164,"comment_status":"open","ping_status":"open","sticky":false,"template":"","format":"standard","meta":{"_kad_post_transparent":"","_kad_post_title":"","_kad_post_layout":"","_kad_post_sidebar_id":"","_kad_post_content_style":"","_kad_post_vertical_padding":"","_kad_post_feature":"","_kad_post_feature_position":"","_kad_post_header":false,"_kad_post_footer":false,"_kad_post_classname":"","_jetpack_memberships_contains_paid_content":false,"footnotes":"","jetpack_publicize_message":"","jetpack_publicize_feature_enabled":true,"jetpack_social_post_already_shared":true,"jetpack_social_options":{"image_generator_settings":{"template":"highway","default_image_id":0,"font":"","enabled":false},"version":2}},"categories":[898,1],"tags":[1576,15913,15914,3459,15912],"class_list":["post-58163","post","type-post","status-publish","format-standard","has-post-thumbnail","hentry","category-1920-1929","category-portada","tag-1576","tag-francisco-bienzobas-ocariz","tag-martin-marculeta-barberia","tag-real-federacion-espanola-futbol","tag-real-sociedad-de-futbol"],"jetpack_publicize_connections":[],"jetpack_featured_media_url":"https:\/\/i0.wp.com\/www.manquepierda.com\/historiarealbetis\/files\/2017\/03\/ESCUDO-1925-1.jpg?fit=266%2C363&ssl=1","jetpack_sharing_enabled":true,"jetpack_shortlink":"https:\/\/wp.me\/p1ij08-f87","jetpack-related-posts":[],"_links":{"self":[{"href":"https:\/\/www.manquepierda.com\/historiarealbetis\/wp-json\/wp\/v2\/posts\/58163","targetHints":{"allow":["GET"]}}],"collection":[{"href":"https:\/\/www.manquepierda.com\/historiarealbetis\/wp-json\/wp\/v2\/posts"}],"about":[{"href":"https:\/\/www.manquepierda.com\/historiarealbetis\/wp-json\/wp\/v2\/types\/post"}],"author":[{"embeddable":true,"href":"https:\/\/www.manquepierda.com\/historiarealbetis\/wp-json\/wp\/v2\/users\/48"}],"replies":[{"embeddable":true,"href":"https:\/\/www.manquepierda.com\/historiarealbetis\/wp-json\/wp\/v2\/comments?post=58163"}],"version-history":[{"count":1,"href":"https:\/\/www.manquepierda.com\/historiarealbetis\/wp-json\/wp\/v2\/posts\/58163\/revisions"}],"predecessor-version":[{"id":98079,"href":"https:\/\/www.manquepierda.com\/historiarealbetis\/wp-json\/wp\/v2\/posts\/58163\/revisions\/98079"}],"wp:featuredmedia":[{"embeddable":true,"href":"https:\/\/www.manquepierda.com\/historiarealbetis\/wp-json\/wp\/v2\/media\/58164"}],"wp:attachment":[{"href":"https:\/\/www.manquepierda.com\/historiarealbetis\/wp-json\/wp\/v2\/media?parent=58163"}],"wp:term":[{"taxonomy":"category","embeddable":true,"href":"https:\/\/www.manquepierda.com\/historiarealbetis\/wp-json\/wp\/v2\/categories?post=58163"},{"taxonomy":"post_tag","embeddable":true,"href":"https:\/\/www.manquepierda.com\/historiarealbetis\/wp-json\/wp\/v2\/tags?post=58163"}],"curies":[{"name":"wp","href":"https:\/\/api.w.org\/{rel}","templated":true}]}}