{"id":58191,"date":"2017-03-28T15:30:43","date_gmt":"2017-03-28T13:30:43","guid":{"rendered":"http:\/\/www.manquepierda.com\/historiarealbetis\/?p=58191"},"modified":"2024-08-12T17:07:18","modified_gmt":"2024-08-12T15:07:18","slug":"recortes-prensa-abcse1954-25-anos-1929-noviembre-10-12-real-balompedica-linense-real-betis-balompie","status":"publish","type":"post","link":"https:\/\/www.manquepierda.com\/historiarealbetis\/recortes-prensa-abcse1954-25-anos-1929-noviembre-10-12-real-balompedica-linense-real-betis-balompie\/","title":{"rendered":"1929-Noviembre 10-12.-Regional Andaluc\u00eda.-Real Betis Balompi\u00e9-7 Real Balomp\u00e9dica Linense-2.-Recortes Prensa."},"content":{"rendered":"<p style=\"text-align: left\"><span style=\"color: #008000\"><em><strong>\u00abEl Real Betis Balompi\u00e9 jug\u00f3 un partido del Campeonato Regional Andaluc\u00eda con la Real Balomp\u00e9dica Linense. <\/strong><\/em><\/span><\/p>\n<p style=\"text-align: center\"><span style=\"color: #008000\"><em><strong>Los de la L\u00ednea se presentaron con su famoso Carlos An\u00e9s. <\/strong><\/em><\/span><\/p>\n<p style=\"text-align: center\"><img data-recalc-dims=\"1\" loading=\"lazy\" decoding=\"async\" class=\"aligncenter size-thumbnail wp-image-58164\" src=\"https:\/\/i0.wp.com\/www.manquepierda.com\/historiarealbetis\/files\/2017\/03\/ESCUDO-1925-1.jpg?resize=161%2C220&#038;ssl=1\" alt=\"\" width=\"161\" height=\"220\" srcset=\"https:\/\/i0.wp.com\/www.manquepierda.com\/historiarealbetis\/files\/2017\/03\/ESCUDO-1925-1.jpg?resize=161%2C220&amp;ssl=1 161w, https:\/\/i0.wp.com\/www.manquepierda.com\/historiarealbetis\/files\/2017\/03\/ESCUDO-1925-1.jpg?w=266&amp;ssl=1 266w\" sizes=\"auto, (max-width: 161px) 100vw, 161px\" \/><\/p>\n<p style=\"text-align: center\"><span style=\"color: #008000\"><em><strong>Pero ganaron los \u00abverdes\u00bb por siete (7) goles\u00a0 \u00e1 dos (2) tantos.<\/strong><\/em><\/span><\/p>\n<p style=\"text-align: center\"><img data-recalc-dims=\"1\" loading=\"lazy\" decoding=\"async\" class=\"aligncenter size-full wp-image-58192\" src=\"https:\/\/i0.wp.com\/www.manquepierda.com\/historiarealbetis\/files\/2017\/03\/Salvador-SOLER-Branchart.jpg?resize=91%2C144&#038;ssl=1\" alt=\"\" width=\"91\" height=\"144\" \/><\/p>\n<p style=\"text-align: center\"><span style=\"color: #008000\"><em><strong>3 logr\u00f3 Salvador SOLER Blanchart.<\/strong><\/em><\/span><\/p>\n<p style=\"text-align: center\"><img data-recalc-dims=\"1\" loading=\"lazy\" decoding=\"async\" class=\"aligncenter size-thumbnail wp-image-58193\" src=\"https:\/\/i0.wp.com\/www.manquepierda.com\/historiarealbetis\/files\/2017\/03\/PACO-LE%C3%93N-Francisco-Le%C3%B3n-Vega-MMG.jpg?resize=133%2C220&#038;ssl=1\" alt=\"\" width=\"133\" height=\"220\" srcset=\"https:\/\/i0.wp.com\/www.manquepierda.com\/historiarealbetis\/files\/2017\/03\/PACO-LE%C3%93N-Francisco-Le%C3%B3n-Vega-MMG.jpg?resize=133%2C220&amp;ssl=1 133w, https:\/\/i0.wp.com\/www.manquepierda.com\/historiarealbetis\/files\/2017\/03\/PACO-LE%C3%93N-Francisco-Le%C3%B3n-Vega-MMG.jpg?resize=364%2C600&amp;ssl=1 364w, https:\/\/i0.wp.com\/www.manquepierda.com\/historiarealbetis\/files\/2017\/03\/PACO-LE%C3%93N-Francisco-Le%C3%B3n-Vega-MMG.jpg?resize=768%2C1266&amp;ssl=1 768w, https:\/\/i0.wp.com\/www.manquepierda.com\/historiarealbetis\/files\/2017\/03\/PACO-LE%C3%93N-Francisco-Le%C3%B3n-Vega-MMG.jpg?resize=425%2C700&amp;ssl=1 425w, https:\/\/i0.wp.com\/www.manquepierda.com\/historiarealbetis\/files\/2017\/03\/PACO-LE%C3%93N-Francisco-Le%C3%B3n-Vega-MMG.jpg?w=811&amp;ssl=1 811w\" sizes=\"auto, (max-width: 133px) 100vw, 133px\" \/><\/p>\n<p style=\"text-align: center\"><span style=\"color: #008000\"><em><strong>2 marc\u00f3 Francisco Le\u00f3n Vega (a) \u00abPACO LE\u00d3N\u00bb.<\/strong><\/em><\/span><\/p>\n<p style=\"text-align: center\"><img data-recalc-dims=\"1\" loading=\"lazy\" decoding=\"async\" class=\"aligncenter size-thumbnail wp-image-58194\" src=\"https:\/\/i0.wp.com\/www.manquepierda.com\/historiarealbetis\/files\/2017\/03\/Andr%C3%A9s-ARANDA-Guti%C3%A9rrez-1924.jpg?resize=143%2C220&#038;ssl=1\" alt=\"\" width=\"143\" height=\"220\" srcset=\"https:\/\/i0.wp.com\/www.manquepierda.com\/historiarealbetis\/files\/2017\/03\/Andr%C3%A9s-ARANDA-Guti%C3%A9rrez-1924.jpg?resize=143%2C220&amp;ssl=1 143w, https:\/\/i0.wp.com\/www.manquepierda.com\/historiarealbetis\/files\/2017\/03\/Andr%C3%A9s-ARANDA-Guti%C3%A9rrez-1924.jpg?resize=390%2C600&amp;ssl=1 390w, https:\/\/i0.wp.com\/www.manquepierda.com\/historiarealbetis\/files\/2017\/03\/Andr%C3%A9s-ARANDA-Guti%C3%A9rrez-1924.jpg?resize=768%2C1183&amp;ssl=1 768w, https:\/\/i0.wp.com\/www.manquepierda.com\/historiarealbetis\/files\/2017\/03\/Andr%C3%A9s-ARANDA-Guti%C3%A9rrez-1924.jpg?resize=455%2C700&amp;ssl=1 455w, https:\/\/i0.wp.com\/www.manquepierda.com\/historiarealbetis\/files\/2017\/03\/Andr%C3%A9s-ARANDA-Guti%C3%A9rrez-1924.jpg?w=1000&amp;ssl=1 1000w\" sizes=\"auto, (max-width: 143px) 100vw, 143px\" \/><\/p>\n<p style=\"text-align: center\"><span style=\"color: #008000\"><em><strong>2 logr\u00f3 Andr\u00e9s ARANDA Gutierrez.<\/strong><\/em><\/span><\/p>\n<p style=\"text-align: center\"><img data-recalc-dims=\"1\" loading=\"lazy\" decoding=\"async\" class=\"aligncenter size-thumbnail wp-image-58196\" src=\"https:\/\/i0.wp.com\/www.manquepierda.com\/historiarealbetis\/files\/2017\/03\/Lorenzo-TONDO-Gil-MMG-1.jpg?resize=139%2C220&#038;ssl=1\" alt=\"\" width=\"139\" height=\"220\" srcset=\"https:\/\/i0.wp.com\/www.manquepierda.com\/historiarealbetis\/files\/2017\/03\/Lorenzo-TONDO-Gil-MMG-1.jpg?resize=139%2C220&amp;ssl=1 139w, https:\/\/i0.wp.com\/www.manquepierda.com\/historiarealbetis\/files\/2017\/03\/Lorenzo-TONDO-Gil-MMG-1.jpg?resize=380%2C600&amp;ssl=1 380w, https:\/\/i0.wp.com\/www.manquepierda.com\/historiarealbetis\/files\/2017\/03\/Lorenzo-TONDO-Gil-MMG-1.jpg?resize=768%2C1213&amp;ssl=1 768w, https:\/\/i0.wp.com\/www.manquepierda.com\/historiarealbetis\/files\/2017\/03\/Lorenzo-TONDO-Gil-MMG-1.jpg?resize=443%2C700&amp;ssl=1 443w, https:\/\/i0.wp.com\/www.manquepierda.com\/historiarealbetis\/files\/2017\/03\/Lorenzo-TONDO-Gil-MMG-1.jpg?w=1047&amp;ssl=1 1047w\" sizes=\"auto, (max-width: 139px) 100vw, 139px\" \/><\/p>\n<p style=\"text-align: center\"><span style=\"color: #008000\"><em><strong>En el Betis Balompi\u00e9 debut\u00f3 el malogrado zaguero Lorenzo TONDO Gil.<\/strong><\/em><\/span><\/p>\n<p style=\"text-align: center\"><img data-recalc-dims=\"1\" loading=\"lazy\" decoding=\"async\" class=\"aligncenter size-thumbnail wp-image-58195\" src=\"https:\/\/i0.wp.com\/www.manquepierda.com\/historiarealbetis\/files\/2017\/03\/RBL1925.jpg?resize=154%2C220&#038;ssl=1\" alt=\"\" width=\"154\" height=\"220\" srcset=\"https:\/\/i0.wp.com\/www.manquepierda.com\/historiarealbetis\/files\/2017\/03\/RBL1925.jpg?resize=154%2C220&amp;ssl=1 154w, https:\/\/i0.wp.com\/www.manquepierda.com\/historiarealbetis\/files\/2017\/03\/RBL1925.jpg?w=351&amp;ssl=1 351w\" sizes=\"auto, (max-width: 154px) 100vw, 154px\" \/><\/p>\n<p style=\"text-align: center\"><span style=\"color: #000000\"><em><strong>A dos (2) tantos de: Antonio y Almagro.<\/strong><\/em><\/span><\/p>\n<p style=\"text-align: center\"><em><strong>Arbitr\u00f3 el colegiado de Madrid, Ezequiel Montero Rom\u00e1n, que estuvo desastroso\u00bb.<\/strong><\/em><\/p>\n<p style=\"text-align: center\">ABCsevilla19291110-Domingo.<\/p>\n<p style=\"text-align: left\"><span style=\"color: #008000\"><em><strong>\u00abEl Real Betis Balompi\u00e9, con car\u00e1cter amistoso, venci\u00f3 \u00e1 la Real Balomp\u00e9dica Linense por ocho (8) goles \u00e1 cero (0) tantos.<\/strong><\/em><\/span><\/p>\n<figure id=\"attachment_58197\" aria-describedby=\"caption-attachment-58197\" style=\"width: 160px\" class=\"wp-caption aligncenter\"><img data-recalc-dims=\"1\" loading=\"lazy\" decoding=\"async\" class=\"size-thumbnail wp-image-58197\" src=\"https:\/\/i0.wp.com\/www.manquepierda.com\/historiarealbetis\/files\/2017\/03\/KINK%C3%89-Juan-Armet-De-Castellv%C3%AD-02.jpg?resize=160%2C220&#038;ssl=1\" alt=\"\" width=\"160\" height=\"220\" \/><figcaption id=\"caption-attachment-58197\" class=\"wp-caption-text\"><span style=\"color: #008000\"><em><strong>Juan ARMET DE CASTELLV\u00cd (a) \u00abKINK\u00c9\u00bb.<\/strong><\/em><\/span><\/figcaption><\/figure>\n<p style=\"text-align: left\"><span style=\"color: #008000\"><em><strong>Fue una exhibici\u00f3n b\u00e9tica y nuestro cronista atribu\u00eda el buen juego al entrenador el famoso Juanito \u00abKink\u00e9\u00bb.<\/strong><\/em><\/span><\/p>\n<p style=\"text-align: center\">ABCsevilla19291112-Martes.<\/p>\n<p style=\"text-align: center\"><img data-recalc-dims=\"1\" loading=\"lazy\" decoding=\"async\" class=\"aligncenter size-medium wp-image-58199\" src=\"https:\/\/i0.wp.com\/www.manquepierda.com\/historiarealbetis\/files\/2017\/03\/19291109ABCF%C3%BAtbol.jpg?resize=624%2C600&#038;ssl=1\" alt=\"\" width=\"624\" height=\"600\" srcset=\"https:\/\/i0.wp.com\/www.manquepierda.com\/historiarealbetis\/files\/2017\/03\/19291109ABCF%C3%BAtbol.jpg?resize=624%2C600&amp;ssl=1 624w, https:\/\/i0.wp.com\/www.manquepierda.com\/historiarealbetis\/files\/2017\/03\/19291109ABCF%C3%BAtbol.jpg?resize=220%2C211&amp;ssl=1 220w, https:\/\/i0.wp.com\/www.manquepierda.com\/historiarealbetis\/files\/2017\/03\/19291109ABCF%C3%BAtbol.jpg?w=697&amp;ssl=1 697w\" sizes=\"auto, (max-width: 624px) 100vw, 624px\" \/><\/p>\n<p style=\"text-align: center\"><img data-recalc-dims=\"1\" loading=\"lazy\" decoding=\"async\" class=\"aligncenter size-medium wp-image-58200\" src=\"https:\/\/i0.wp.com\/www.manquepierda.com\/historiarealbetis\/files\/2017\/03\/CAMPO-MUNICIPAL-DEPORTES-PATRONATO-OBRERO-El-Porvenir19330319-BB3CDA1-680x498.jpg?resize=680%2C498&#038;ssl=1\" alt=\"\" width=\"680\" height=\"498\" \/><\/p>\n<p>&nbsp;<\/p>\n","protected":false},"excerpt":{"rendered":"<p>\u00abEl Real Betis Balompi\u00e9 jug\u00f3 un partido del Campeonato Regional Andaluc\u00eda con la Real Balomp\u00e9dica Linense. Los de la L\u00ednea se presentaron con su famoso Carlos An\u00e9s. Pero ganaron los \u00abverdes\u00bb por siete (7) goles\u00a0 \u00e1 dos (2) tantos. 3 logr\u00f3 Salvador SOLER Blanchart. 2 marc\u00f3 Francisco Le\u00f3n Vega (a) \u00abPACO LE\u00d3N\u00bb. 2 logr\u00f3 Andr\u00e9s&#8230;<\/p>\n","protected":false},"author":48,"featured_media":58164,"comment_status":"open","ping_status":"open","sticky":false,"template":"","format":"standard","meta":{"_kad_post_transparent":"","_kad_post_title":"","_kad_post_layout":"","_kad_post_sidebar_id":"","_kad_post_content_style":"","_kad_post_vertical_padding":"","_kad_post_feature":"","_kad_post_feature_position":"","_kad_post_header":false,"_kad_post_footer":false,"_kad_post_classname":"","_jetpack_memberships_contains_paid_content":false,"footnotes":"","jetpack_publicize_message":"","jetpack_publicize_feature_enabled":true,"jetpack_social_post_already_shared":true,"jetpack_social_options":{"image_generator_settings":{"template":"highway","default_image_id":0,"font":"","enabled":false},"version":2}},"categories":[898,1],"tags":[1576,2665,17846,15101],"class_list":["post-58191","post","type-post","status-publish","format-standard","has-post-thumbnail","hentry","category-1920-1929","category-portada","tag-1576","tag-1929-30","tag-campeonato-de-andalucia-1929-30","tag-real-balompedica-linense"],"jetpack_publicize_connections":[],"jetpack_featured_media_url":"https:\/\/i0.wp.com\/www.manquepierda.com\/historiarealbetis\/files\/2017\/03\/ESCUDO-1925-1.jpg?fit=266%2C363&ssl=1","jetpack_sharing_enabled":true,"jetpack_shortlink":"https:\/\/wp.me\/p1ij08-f8z","jetpack-related-posts":[],"_links":{"self":[{"href":"https:\/\/www.manquepierda.com\/historiarealbetis\/wp-json\/wp\/v2\/posts\/58191","targetHints":{"allow":["GET"]}}],"collection":[{"href":"https:\/\/www.manquepierda.com\/historiarealbetis\/wp-json\/wp\/v2\/posts"}],"about":[{"href":"https:\/\/www.manquepierda.com\/historiarealbetis\/wp-json\/wp\/v2\/types\/post"}],"author":[{"embeddable":true,"href":"https:\/\/www.manquepierda.com\/historiarealbetis\/wp-json\/wp\/v2\/users\/48"}],"replies":[{"embeddable":true,"href":"https:\/\/www.manquepierda.com\/historiarealbetis\/wp-json\/wp\/v2\/comments?post=58191"}],"version-history":[{"count":1,"href":"https:\/\/www.manquepierda.com\/historiarealbetis\/wp-json\/wp\/v2\/posts\/58191\/revisions"}],"predecessor-version":[{"id":96344,"href":"https:\/\/www.manquepierda.com\/historiarealbetis\/wp-json\/wp\/v2\/posts\/58191\/revisions\/96344"}],"wp:featuredmedia":[{"embeddable":true,"href":"https:\/\/www.manquepierda.com\/historiarealbetis\/wp-json\/wp\/v2\/media\/58164"}],"wp:attachment":[{"href":"https:\/\/www.manquepierda.com\/historiarealbetis\/wp-json\/wp\/v2\/media?parent=58191"}],"wp:term":[{"taxonomy":"category","embeddable":true,"href":"https:\/\/www.manquepierda.com\/historiarealbetis\/wp-json\/wp\/v2\/categories?post=58191"},{"taxonomy":"post_tag","embeddable":true,"href":"https:\/\/www.manquepierda.com\/historiarealbetis\/wp-json\/wp\/v2\/tags?post=58191"}],"curies":[{"name":"wp","href":"https:\/\/api.w.org\/{rel}","templated":true}]}}