{"id":58268,"date":"2026-04-10T12:00:00","date_gmt":"2026-04-10T10:00:00","guid":{"rendered":"http:\/\/www.manquepierda.com\/historiarealbetis\/?p=58268"},"modified":"2026-03-24T07:23:11","modified_gmt":"2026-03-24T06:23:11","slug":"hoy-109-anos-2","status":"publish","type":"post","link":"https:\/\/www.manquepierda.com\/historiarealbetis\/hoy-109-anos-2\/","title":{"rendered":"Hoy hace 115 a\u00f1os. Nace Jos\u00e9 Su\u00e1rez \u00abPeral\u00bb."},"content":{"rendered":"<p><a href=\"https:\/\/i0.wp.com\/www.manquepierda.com\/historiarealbetis\/files\/2017\/04\/10-1911-Nace-Peral.jpg?ssl=1\"><img data-recalc-dims=\"1\" loading=\"lazy\" decoding=\"async\" class=\"aligncenter size-full wp-image-58269\" src=\"https:\/\/i0.wp.com\/www.manquepierda.com\/historiarealbetis\/files\/2017\/04\/10-1911-Nace-Peral.jpg?resize=289%2C380&#038;ssl=1\" alt=\"\" width=\"289\" height=\"380\" srcset=\"https:\/\/i0.wp.com\/www.manquepierda.com\/historiarealbetis\/files\/2017\/04\/10-1911-Nace-Peral.jpg?w=289&amp;ssl=1 289w, https:\/\/i0.wp.com\/www.manquepierda.com\/historiarealbetis\/files\/2017\/04\/10-1911-Nace-Peral.jpg?resize=167%2C220&amp;ssl=1 167w\" sizes=\"auto, (max-width: 289px) 100vw, 289px\" \/><\/a><\/p>\n<p><span style=\"color: #008000\">El 10 de abril de 1911 nace en Sevilla Jos\u00e9 Su\u00e1rez Gonz\u00e1lez &nbsp;\u00abPeral\u00bb, quien fuera jugador del Real Betis Balompi\u00e9 entre los a\u00f1os 1929 y 1944, adem\u00e1s de entrenar a la primera plantilla en diversos periodos de las temporadas 1944-45, 1946-47 y 1948-49.<\/span><\/p>\n<p><span style=\"color: #008000\">Jos\u00e9 Su\u00e1rez \u00abPeral\u00bb es uno de los futbolistas m\u00e1s importantes de la historia verdiblanca y desarroll\u00f3 toda su carrera profesional en el Betis. Para saber m\u00e1s de su trayectoria ver <a href=\"https:\/\/www.manquepierda.com\/historiarealbetis\/jose-suarez-peral\/\"><strong>aqu\u00ed.<\/strong><\/a>&nbsp;<\/span><\/p>\n","protected":false},"excerpt":{"rendered":"<p>El 10 de abril de 1911 nace en Sevilla Jos\u00e9 Su\u00e1rez Gonz\u00e1lez &nbsp;\u00abPeral\u00bb, quien fuera jugador del Real Betis Balompi\u00e9 entre los a\u00f1os 1929 y 1944, adem\u00e1s de entrenar a la primera plantilla en diversos periodos de las temporadas 1944-45, 1946-47 y 1948-49. Jos\u00e9 Su\u00e1rez \u00abPeral\u00bb es uno de los futbolistas m\u00e1s importantes de la&#8230;<\/p>\n","protected":false},"author":5,"featured_media":58269,"comment_status":"open","ping_status":"open","sticky":false,"template":"","format":"standard","meta":{"_kad_post_transparent":"","_kad_post_title":"","_kad_post_layout":"","_kad_post_sidebar_id":"","_kad_post_content_style":"","_kad_post_vertical_padding":"","_kad_post_feature":"","_kad_post_feature_position":"","_kad_post_header":false,"_kad_post_footer":false,"_kad_post_classname":"","_jetpack_memberships_contains_paid_content":false,"footnotes":"","jetpack_publicize_message":"","jetpack_publicize_feature_enabled":true,"jetpack_social_post_already_shared":true,"jetpack_social_options":{"image_generator_settings":{"template":"highway","default_image_id":0,"font":"","enabled":false},"version":2}},"categories":[896,14583,1],"tags":[17913],"class_list":["post-58268","post","type-post","status-publish","format-standard","has-post-thumbnail","hentry","category-1908-1919","category-efemerides","category-portada","tag-jose-suarez-peral"],"jetpack_publicize_connections":[],"jetpack_featured_media_url":"https:\/\/i0.wp.com\/www.manquepierda.com\/historiarealbetis\/files\/2017\/04\/10-1911-Nace-Peral.jpg?fit=289%2C380&ssl=1","jetpack_sharing_enabled":true,"jetpack_shortlink":"https:\/\/wp.me\/p1ij08-f9O","jetpack-related-posts":[],"_links":{"self":[{"href":"https:\/\/www.manquepierda.com\/historiarealbetis\/wp-json\/wp\/v2\/posts\/58268","targetHints":{"allow":["GET"]}}],"collection":[{"href":"https:\/\/www.manquepierda.com\/historiarealbetis\/wp-json\/wp\/v2\/posts"}],"about":[{"href":"https:\/\/www.manquepierda.com\/historiarealbetis\/wp-json\/wp\/v2\/types\/post"}],"author":[{"embeddable":true,"href":"https:\/\/www.manquepierda.com\/historiarealbetis\/wp-json\/wp\/v2\/users\/5"}],"replies":[{"embeddable":true,"href":"https:\/\/www.manquepierda.com\/historiarealbetis\/wp-json\/wp\/v2\/comments?post=58268"}],"version-history":[{"count":2,"href":"https:\/\/www.manquepierda.com\/historiarealbetis\/wp-json\/wp\/v2\/posts\/58268\/revisions"}],"predecessor-version":[{"id":107140,"href":"https:\/\/www.manquepierda.com\/historiarealbetis\/wp-json\/wp\/v2\/posts\/58268\/revisions\/107140"}],"wp:featuredmedia":[{"embeddable":true,"href":"https:\/\/www.manquepierda.com\/historiarealbetis\/wp-json\/wp\/v2\/media\/58269"}],"wp:attachment":[{"href":"https:\/\/www.manquepierda.com\/historiarealbetis\/wp-json\/wp\/v2\/media?parent=58268"}],"wp:term":[{"taxonomy":"category","embeddable":true,"href":"https:\/\/www.manquepierda.com\/historiarealbetis\/wp-json\/wp\/v2\/categories?post=58268"},{"taxonomy":"post_tag","embeddable":true,"href":"https:\/\/www.manquepierda.com\/historiarealbetis\/wp-json\/wp\/v2\/tags?post=58268"}],"curies":[{"name":"wp","href":"https:\/\/api.w.org\/{rel}","templated":true}]}}