{"id":58297,"date":"2022-04-18T11:00:00","date_gmt":"2022-04-18T09:00:00","guid":{"rendered":"http:\/\/www.manquepierda.com\/historiarealbetis\/?p=58297"},"modified":"2024-08-26T23:34:37","modified_gmt":"2024-08-26T21:34:37","slug":"hoy-65-anos-4","status":"publish","type":"post","link":"https:\/\/www.manquepierda.com\/historiarealbetis\/hoy-65-anos-4\/","title":{"rendered":"Hoy hace 70 a\u00f1os. Dimisi\u00f3n de Francisco de la Cerda."},"content":{"rendered":"<p><a href=\"https:\/\/i0.wp.com\/www.manquepierda.com\/historiarealbetis\/files\/2017\/04\/18-1952-Dimisi%C3%B3n-de-la-Directiva.jpg?ssl=1\"><img data-recalc-dims=\"1\" loading=\"lazy\" decoding=\"async\" class=\"aligncenter size-medium wp-image-58298\" src=\"https:\/\/i0.wp.com\/www.manquepierda.com\/historiarealbetis\/files\/2017\/04\/18-1952-Dimisi%C3%B3n-de-la-Directiva.jpg?resize=680%2C377&#038;ssl=1\" alt=\"\" width=\"680\" height=\"377\" srcset=\"https:\/\/i0.wp.com\/www.manquepierda.com\/historiarealbetis\/files\/2017\/04\/18-1952-Dimisi%C3%B3n-de-la-Directiva.jpg?resize=680%2C377&amp;ssl=1 680w, https:\/\/i0.wp.com\/www.manquepierda.com\/historiarealbetis\/files\/2017\/04\/18-1952-Dimisi%C3%B3n-de-la-Directiva.jpg?resize=220%2C122&amp;ssl=1 220w, https:\/\/i0.wp.com\/www.manquepierda.com\/historiarealbetis\/files\/2017\/04\/18-1952-Dimisi%C3%B3n-de-la-Directiva.jpg?resize=768%2C426&amp;ssl=1 768w, https:\/\/i0.wp.com\/www.manquepierda.com\/historiarealbetis\/files\/2017\/04\/18-1952-Dimisi%C3%B3n-de-la-Directiva.jpg?w=814&amp;ssl=1 814w\" sizes=\"auto, (max-width: 680px) 100vw, 680px\" \/><\/a><\/p>\n<p><span style=\"color: #008000\">El 18 de abril de 1952 la directiva b\u00e9tica presidida por Francisco de la Cerda dimite de sus cargos, aunque mantendr\u00e1 interinamente sus funciones hasta el mes de junio.<\/span><\/p>\n<p><span style=\"color: #008000\">Francisco de la Cerda hab\u00eda llegado al cargo en noviembre de 1951 tras la dimisi\u00f3n de Pascual Aparicio.<\/span><\/p>\n","protected":false},"excerpt":{"rendered":"<p>El 18 de abril de 1952 la directiva b\u00e9tica presidida por Francisco de la Cerda dimite de sus cargos, aunque mantendr\u00e1 interinamente sus funciones hasta el mes de junio. Francisco de la Cerda hab\u00eda llegado al cargo en noviembre de 1951 tras la dimisi\u00f3n de Pascual Aparicio.<\/p>\n","protected":false},"author":5,"featured_media":58298,"comment_status":"open","ping_status":"open","sticky":false,"template":"","format":"standard","meta":{"_kad_post_transparent":"","_kad_post_title":"","_kad_post_layout":"","_kad_post_sidebar_id":"","_kad_post_content_style":"","_kad_post_vertical_padding":"","_kad_post_feature":"","_kad_post_feature_position":"","_kad_post_header":false,"_kad_post_footer":false,"_kad_post_classname":"","_jetpack_memberships_contains_paid_content":false,"footnotes":"","jetpack_publicize_message":"","jetpack_publicize_feature_enabled":true,"jetpack_social_post_already_shared":true,"jetpack_social_options":{"image_generator_settings":{"template":"highway","default_image_id":0,"font":"","enabled":false},"version":2}},"categories":[901,14583,1],"tags":[4664,18169],"class_list":["post-58297","post","type-post","status-publish","format-standard","has-post-thumbnail","hentry","category-1950-1959","category-efemerides","category-portada","tag-4664","tag-francisco-de-la-cerda"],"jetpack_publicize_connections":[],"jetpack_featured_media_url":"https:\/\/i0.wp.com\/www.manquepierda.com\/historiarealbetis\/files\/2017\/04\/18-1952-Dimisi%C3%B3n-de-la-Directiva.jpg?fit=814%2C451&ssl=1","jetpack_sharing_enabled":true,"jetpack_shortlink":"https:\/\/wp.me\/p1ij08-fah","jetpack-related-posts":[],"_links":{"self":[{"href":"https:\/\/www.manquepierda.com\/historiarealbetis\/wp-json\/wp\/v2\/posts\/58297","targetHints":{"allow":["GET"]}}],"collection":[{"href":"https:\/\/www.manquepierda.com\/historiarealbetis\/wp-json\/wp\/v2\/posts"}],"about":[{"href":"https:\/\/www.manquepierda.com\/historiarealbetis\/wp-json\/wp\/v2\/types\/post"}],"author":[{"embeddable":true,"href":"https:\/\/www.manquepierda.com\/historiarealbetis\/wp-json\/wp\/v2\/users\/5"}],"replies":[{"embeddable":true,"href":"https:\/\/www.manquepierda.com\/historiarealbetis\/wp-json\/wp\/v2\/comments?post=58297"}],"version-history":[{"count":1,"href":"https:\/\/www.manquepierda.com\/historiarealbetis\/wp-json\/wp\/v2\/posts\/58297\/revisions"}],"predecessor-version":[{"id":83804,"href":"https:\/\/www.manquepierda.com\/historiarealbetis\/wp-json\/wp\/v2\/posts\/58297\/revisions\/83804"}],"wp:featuredmedia":[{"embeddable":true,"href":"https:\/\/www.manquepierda.com\/historiarealbetis\/wp-json\/wp\/v2\/media\/58298"}],"wp:attachment":[{"href":"https:\/\/www.manquepierda.com\/historiarealbetis\/wp-json\/wp\/v2\/media?parent=58297"}],"wp:term":[{"taxonomy":"category","embeddable":true,"href":"https:\/\/www.manquepierda.com\/historiarealbetis\/wp-json\/wp\/v2\/categories?post=58297"},{"taxonomy":"post_tag","embeddable":true,"href":"https:\/\/www.manquepierda.com\/historiarealbetis\/wp-json\/wp\/v2\/tags?post=58297"}],"curies":[{"name":"wp","href":"https:\/\/api.w.org\/{rel}","templated":true}]}}