{"id":58301,"date":"2017-04-10T08:07:03","date_gmt":"2017-04-10T06:07:03","guid":{"rendered":"http:\/\/www.manquepierda.com\/historiarealbetis\/?p=58301"},"modified":"2025-11-06T08:31:27","modified_gmt":"2025-11-06T07:31:27","slug":"entrevista-antonio-pascual-1955","status":"publish","type":"post","link":"https:\/\/www.manquepierda.com\/historiarealbetis\/entrevista-antonio-pascual-1955\/","title":{"rendered":"Entrevista Antonio Pascual 1955"},"content":{"rendered":"<p><a href=\"https:\/\/i0.wp.com\/www.manquepierda.com\/historiarealbetis\/files\/2017\/04\/Entrevista-Antonio-Pascual-1955-NMP-Sevilla-21-05-1955.jpg?ssl=1\"><img data-recalc-dims=\"1\" loading=\"lazy\" decoding=\"async\" class=\"aligncenter size-full wp-image-58302\" src=\"https:\/\/i0.wp.com\/www.manquepierda.com\/historiarealbetis\/files\/2017\/04\/Entrevista-Antonio-Pascual-1955-NMP-Sevilla-21-05-1955.jpg?resize=674%2C324&#038;ssl=1\" alt=\"\" width=\"674\" height=\"324\" srcset=\"https:\/\/i0.wp.com\/www.manquepierda.com\/historiarealbetis\/files\/2017\/04\/Entrevista-Antonio-Pascual-1955-NMP-Sevilla-21-05-1955.jpg?w=674&amp;ssl=1 674w, https:\/\/i0.wp.com\/www.manquepierda.com\/historiarealbetis\/files\/2017\/04\/Entrevista-Antonio-Pascual-1955-NMP-Sevilla-21-05-1955.jpg?resize=220%2C106&amp;ssl=1 220w\" sizes=\"auto, (max-width: 674px) 100vw, 674px\" \/><\/a>Antonio Pascual Garc\u00eda fue directivo verdiblanco durante 3 temporadas, entre los a\u00f1os 1952 y 1955, formando parte del equipo de Manuel Ruiz.<\/p>\n<p>En mayo de 1955 apareci\u00f3 esta entrevista que le realiz\u00f3 el periodista Vicente Bru en las p\u00e1ginas de Sevilla, y en la que analizaba la situaci\u00f3n de la cantera b\u00e9tica, dado que Antonio Pascual era el delegado de la directiva para los equipos amateur y juvenil.<\/p>\n<p>Ese a\u00f1o el equipo amateur del Betis, a quien entrenaba Jorge Gonz\u00e1lez, tuvo una destacada actuaci\u00f3n, llegando a los cuartos de final del Campeonato de Espa\u00f1a, donde fue eliminado por el equipo madrile\u00f1o del Agrom\u00e1n, quien ser\u00eda al final el campe\u00f3n del torneo.<\/p>\n<p>Antonio Pascual en esta entrevista repasa la actualidad de la cantera verdiblanca, a la vez que se despide del puesto, ya que en ese mes de mayo de 1955 la directiva de Manuel Ruiz ces\u00f3 en sus funciones.<\/p>\n<p><span style=\"color: #008000\"><em>Para que nos hable de su equipo, traemos hoy a nuestras p\u00e1ginas a Antonio Pascual, delegado de la directiva blanquiverde para juveniles y amateurs. \u00a0<\/em><\/span><\/p>\n<p><span style=\"color: #008000\"><em>El se\u00f1or Pascual es un hombre modesto y enemigo de toda publicidad, pero la gran campa\u00f1a de los chicos blanquiverdes, aparte de la voluntad, clase y cari\u00f1o al club de \u00e9stos, se debe a la labor modesta y callada de su delegado y su entrenador: dos hombres que, con su amor al f\u00fatbol amateur, han hecho posible que su club se sit\u00fae entre los mejores del f\u00fatbol espa\u00f1ol de aficionados.<\/em><\/span><\/p>\n<ul>\n<li><span style=\"color: #008000\"><em>\u00bfQu\u00e9 t\u00edtulos lleva conseguidos el Real Betis amateur?<\/em><\/span><\/li>\n<li><span style=\"color: #008000\"><em>En esta temporada que finaliza los t\u00edtulos conseguidos por los muchachos son: subcampeones de la Segunda Regional, campeones de aficionados de Andaluc\u00eda y en el partido jugado el jueves en Carmona se han proclamado campeones de la Copa Primavera, a\u00fan antes de finalizar<\/em><\/span><\/li>\n<li><span style=\"color: #008000\"><em>\u00bfC\u00f3mo se defienden econ\u00f3micamente?<\/em><\/span><\/li>\n<li><span style=\"color: #008000\"><em>Muy bien, gracias a los partidos amistosos que se han jugado. Le aseguro que el amateur del Betis deja este a\u00f1o en la caja unas pesetas de super\u00e1vit, al contrario que en todas las temporadas anteriores, en las cuales le ha costado dinero al club<\/em><\/span><\/li>\n<li><span style=\"color: #008000\"><em>\u00bfCu\u00e1l fue el equipo m\u00e1s fuerte en la competici\u00f3n?<\/em><\/span><\/li>\n<li><span style=\"color: #008000\"><em>Sin duda alguna el Algeciras, a cuyo conjunto vencieron nuestros muchachos en Heli\u00f3polis y en su campo<\/em><\/span><\/li>\n<li><span style=\"color: #008000\"><em>\u00bfCree que hay jugadores en situaci\u00f3n de pasar al primer equipo?<\/em><\/span><\/li>\n<li><span style=\"color: #008000\"><em>Hombre, yo, quiz\u00e1s por el gran cari\u00f1o que les tengo a todos, fichar\u00eda a la mayor\u00eda de ellos; pero cualquier aficionado que pueda enjuiciar m\u00e1s objetiva e imparcialmente, podr\u00e1 ver con claridad que hay en el conjunto muchachos merecedores de ser fichados, haciendo con ellos el Betis un buen negocio<\/em><\/span><\/li>\n<li><em><span style=\"color: #008000\">\u00bfCu\u00e1les fueron las causas de la derrota en Madrid?<\/span><\/em><\/li>\n<li><em><span style=\"color: #008000\">Con toda seguridad el campo. Nuestros muchachos est\u00e1n habituados a jugar en campo de hierba, y el nuevo campo de la Federaci\u00f3n Nacional es de tierra, muy duro y sembrado de chinos. en vez de tr\u00e9bol. En los saltos llevaban desventaja nuestros jugadores, menos corpulentos por m\u00e1s j\u00f3venes, y l\u00f3gicamente eso es un gran handicap. El Agrom\u00e1n domina mejor el bote del bal\u00f3n en campo duro, aparte de que sus jugadores son m\u00e1s veteranos<\/span><\/em><\/li>\n<li><em><span style=\"color: #008000\">\u00bfCree que se eliminar\u00e1 al Agrom\u00e1n?<\/span><\/em><\/li>\n<li><em><span style=\"color: #008000\">Si nuestros muchachos no tienen desgracia, creo sinceramente que el resultado de Madrid ser\u00e1 remontado. Sin olvidar que el Agrom\u00e1n es un gran equipo<\/span><\/em><\/li>\n<li><em><span style=\"color: #008000\">\u00a0 Por \u00faltimo, \u00bfEst\u00e1 usted satisfecho de la actuaci\u00f3n del equipo en la temporada?<\/span><\/em><\/li>\n<li><em><span style=\"color: #008000\">M\u00e1s que satisfecho, estoy orgulloso de su actuaci\u00f3n. Creo que no puede igualarse la campa\u00f1a de \u00e9xitos logrados por estos muchachos. Y ya, para terminar, s\u00f3lo quiero hacer constar dos cosas. La primera, mis fervientes deseos de que nuestro equipo amateur conquiste el t\u00edtulo de Campe\u00f3n Nacional de Aficionados, \u00a0y la segunda, despedirme p\u00fablicamente, a trav\u00e9s de las p\u00e1ginas de este simpatiqu\u00edsmo diario SEVILLA de todos los muchachos amateurs y juveniles del Betis, pues ya sabe usted que estoy a punto de cesar como directivo. A todos les doy un gran abrazo y les deseo mucha suerte en su vida deportiva y particular.<\/span><\/em><\/li>\n<li><span style=\"color: #008000\"><em>Muchas gracias don Antonio, y que sus deseos se vean realizados por el bien del f\u00fatbol sevillano<\/em><\/span><\/li>\n<\/ul>\n","protected":false},"excerpt":{"rendered":"<p>Antonio Pascual Garc\u00eda fue directivo verdiblanco durante 3 temporadas, entre los a\u00f1os 1952 y 1955, formando parte del equipo de Manuel Ruiz. En mayo de 1955 apareci\u00f3 esta entrevista que le realiz\u00f3 el periodista Vicente Bru en las p\u00e1ginas de Sevilla, y en la que analizaba la situaci\u00f3n de la cantera b\u00e9tica, dado que Antonio&#8230;<\/p>\n","protected":false},"author":5,"featured_media":58302,"comment_status":"open","ping_status":"open","sticky":false,"template":"","format":"standard","meta":{"_kad_post_transparent":"","_kad_post_title":"","_kad_post_layout":"","_kad_post_sidebar_id":"","_kad_post_content_style":"","_kad_post_vertical_padding":"","_kad_post_feature":"","_kad_post_feature_position":"","_kad_post_header":false,"_kad_post_footer":false,"_kad_post_classname":"","_jetpack_memberships_contains_paid_content":false,"footnotes":"","jetpack_publicize_message":"","jetpack_publicize_feature_enabled":true,"jetpack_social_post_already_shared":true,"jetpack_social_options":{"image_generator_settings":{"template":"highway","default_image_id":0,"font":"","enabled":false},"version":2}},"categories":[901,891,1],"tags":[2561,55,1233,16566],"class_list":["post-58301","post","type-post","status-publish","format-standard","has-post-thumbnail","hentry","category-1950-1959","category-directivos-temas","category-portada","tag-1954-55","tag-55","tag-antonio-pascual-garcia","tag-vicente-bru"],"jetpack_publicize_connections":[],"jetpack_featured_media_url":"https:\/\/i0.wp.com\/www.manquepierda.com\/historiarealbetis\/files\/2017\/04\/Entrevista-Antonio-Pascual-1955-NMP-Sevilla-21-05-1955.jpg?fit=674%2C324&ssl=1","jetpack_sharing_enabled":true,"jetpack_shortlink":"https:\/\/wp.me\/p1ij08-fal","jetpack-related-posts":[],"_links":{"self":[{"href":"https:\/\/www.manquepierda.com\/historiarealbetis\/wp-json\/wp\/v2\/posts\/58301","targetHints":{"allow":["GET"]}}],"collection":[{"href":"https:\/\/www.manquepierda.com\/historiarealbetis\/wp-json\/wp\/v2\/posts"}],"about":[{"href":"https:\/\/www.manquepierda.com\/historiarealbetis\/wp-json\/wp\/v2\/types\/post"}],"author":[{"embeddable":true,"href":"https:\/\/www.manquepierda.com\/historiarealbetis\/wp-json\/wp\/v2\/users\/5"}],"replies":[{"embeddable":true,"href":"https:\/\/www.manquepierda.com\/historiarealbetis\/wp-json\/wp\/v2\/comments?post=58301"}],"version-history":[{"count":1,"href":"https:\/\/www.manquepierda.com\/historiarealbetis\/wp-json\/wp\/v2\/posts\/58301\/revisions"}],"predecessor-version":[{"id":105660,"href":"https:\/\/www.manquepierda.com\/historiarealbetis\/wp-json\/wp\/v2\/posts\/58301\/revisions\/105660"}],"wp:featuredmedia":[{"embeddable":true,"href":"https:\/\/www.manquepierda.com\/historiarealbetis\/wp-json\/wp\/v2\/media\/58302"}],"wp:attachment":[{"href":"https:\/\/www.manquepierda.com\/historiarealbetis\/wp-json\/wp\/v2\/media?parent=58301"}],"wp:term":[{"taxonomy":"category","embeddable":true,"href":"https:\/\/www.manquepierda.com\/historiarealbetis\/wp-json\/wp\/v2\/categories?post=58301"},{"taxonomy":"post_tag","embeddable":true,"href":"https:\/\/www.manquepierda.com\/historiarealbetis\/wp-json\/wp\/v2\/tags?post=58301"}],"curies":[{"name":"wp","href":"https:\/\/api.w.org\/{rel}","templated":true}]}}