{"id":58454,"date":"2017-04-20T07:31:43","date_gmt":"2017-04-20T05:31:43","guid":{"rendered":"http:\/\/www.manquepierda.com\/historiarealbetis\/?p=58454"},"modified":"2024-08-23T15:44:28","modified_gmt":"2024-08-23T13:44:28","slug":"betis-benfica-trofeo-ciudad-sevilla-1974","status":"publish","type":"post","link":"https:\/\/www.manquepierda.com\/historiarealbetis\/betis-benfica-trofeo-ciudad-sevilla-1974\/","title":{"rendered":"Betis-Benfica Trofeo Ciudad de Sevilla 1974"},"content":{"rendered":"<p><a href=\"https:\/\/i0.wp.com\/www.manquepierda.com\/historiarealbetis\/files\/2017\/04\/Betis-Benfica-Trofeo-Ciudad-de-Sevilla-1974.jpg?ssl=1\"><img data-recalc-dims=\"1\" loading=\"lazy\" decoding=\"async\" class=\"aligncenter size-medium wp-image-58455\" src=\"https:\/\/i0.wp.com\/www.manquepierda.com\/historiarealbetis\/files\/2017\/04\/Betis-Benfica-Trofeo-Ciudad-de-Sevilla-1974.jpg?resize=592%2C600&#038;ssl=1\" alt=\"\" width=\"592\" height=\"600\" srcset=\"https:\/\/i0.wp.com\/www.manquepierda.com\/historiarealbetis\/files\/2017\/04\/Betis-Benfica-Trofeo-Ciudad-de-Sevilla-1974.jpg?resize=592%2C600&amp;ssl=1 592w, https:\/\/i0.wp.com\/www.manquepierda.com\/historiarealbetis\/files\/2017\/04\/Betis-Benfica-Trofeo-Ciudad-de-Sevilla-1974.jpg?resize=217%2C220&amp;ssl=1 217w, https:\/\/i0.wp.com\/www.manquepierda.com\/historiarealbetis\/files\/2017\/04\/Betis-Benfica-Trofeo-Ciudad-de-Sevilla-1974.jpg?resize=768%2C779&amp;ssl=1 768w, https:\/\/i0.wp.com\/www.manquepierda.com\/historiarealbetis\/files\/2017\/04\/Betis-Benfica-Trofeo-Ciudad-de-Sevilla-1974.jpg?resize=691%2C700&amp;ssl=1 691w, https:\/\/i0.wp.com\/www.manquepierda.com\/historiarealbetis\/files\/2017\/04\/Betis-Benfica-Trofeo-Ciudad-de-Sevilla-1974.jpg?w=947&amp;ssl=1 947w\" sizes=\"auto, (max-width: 592px) 100vw, 592px\" \/><\/a><\/p>\n<p>23 de agosto de 1974 en el S\u00e1nchez Pizju\u00e1n \u00a0Betis \u00a00 \u00a0 Benfica 0; final del III Trofeo Ciudad de Sevilla.<\/p>\n<p>En la imagen el entrenador b\u00e9tico Ferenc Szusza conversa con el jugador Manuel D\u00edaz. Al fondo Jos\u00e9 Cui\u00f1as y Sebasti\u00e1n Alabanda esperan el inicio de la pr\u00f3rroga, a la que se lleg\u00f3 con el resultado inicial con lo que el partido se decidi\u00f3 en los lanzamientos de penaltis, siendo Jos\u00e9 Ram\u00f3n Esnaola decisivo en el triunfo b\u00e9tico por primera vez en el Trofeo Ciudad de Sevilla.<\/p>\n<p>El Betis hab\u00eda accedido a la gran final tras derrotar al Sporting de Lisboa, mientras que el Benfica lo hizo imponi\u00e9ndose al Sevilla.<\/p>\n<p>&nbsp;<\/p>\n","protected":false},"excerpt":{"rendered":"<p>23 de agosto de 1974 en el S\u00e1nchez Pizju\u00e1n \u00a0Betis \u00a00 \u00a0 Benfica 0; final del III Trofeo Ciudad de Sevilla. En la imagen el entrenador b\u00e9tico Ferenc Szusza conversa con el jugador Manuel D\u00edaz. Al fondo Jos\u00e9 Cui\u00f1as y Sebasti\u00e1n Alabanda esperan el inicio de la pr\u00f3rroga, a la que se lleg\u00f3 con el&#8230;<\/p>\n","protected":false},"author":5,"featured_media":58455,"comment_status":"open","ping_status":"open","sticky":false,"template":"","format":"standard","meta":{"_kad_post_transparent":"","_kad_post_title":"","_kad_post_layout":"","_kad_post_sidebar_id":"","_kad_post_content_style":"","_kad_post_vertical_padding":"","_kad_post_feature":"","_kad_post_feature_position":"","_kad_post_header":false,"_kad_post_footer":false,"_kad_post_classname":"","_jetpack_memberships_contains_paid_content":false,"footnotes":"","jetpack_publicize_message":"","jetpack_publicize_feature_enabled":true,"jetpack_social_post_already_shared":true,"jetpack_social_options":{"image_generator_settings":{"template":"highway","default_image_id":0,"font":"","enabled":false},"version":2}},"categories":[903,1,2064],"tags":[57,2507,1092,2855,1566,1164,4168],"class_list":["post-58454","post","type-post","status-publish","format-standard","has-post-thumbnail","hentry","category-1970-1979","category-portada","category-trofeos-de-verano","tag-57","tag-1974-75","tag-ferenc-szusza","tag-iii-trofeo-ciudad-de-sevilla","tag-jose-cuinas","tag-sebastian-alabanda","tag-sport-lisboa-e-benfica"],"jetpack_publicize_connections":[],"jetpack_featured_media_url":"https:\/\/i0.wp.com\/www.manquepierda.com\/historiarealbetis\/files\/2017\/04\/Betis-Benfica-Trofeo-Ciudad-de-Sevilla-1974.jpg?fit=947%2C960&ssl=1","jetpack_sharing_enabled":true,"jetpack_shortlink":"https:\/\/wp.me\/p1ij08-fcO","jetpack-related-posts":[],"_links":{"self":[{"href":"https:\/\/www.manquepierda.com\/historiarealbetis\/wp-json\/wp\/v2\/posts\/58454","targetHints":{"allow":["GET"]}}],"collection":[{"href":"https:\/\/www.manquepierda.com\/historiarealbetis\/wp-json\/wp\/v2\/posts"}],"about":[{"href":"https:\/\/www.manquepierda.com\/historiarealbetis\/wp-json\/wp\/v2\/types\/post"}],"author":[{"embeddable":true,"href":"https:\/\/www.manquepierda.com\/historiarealbetis\/wp-json\/wp\/v2\/users\/5"}],"replies":[{"embeddable":true,"href":"https:\/\/www.manquepierda.com\/historiarealbetis\/wp-json\/wp\/v2\/comments?post=58454"}],"version-history":[{"count":1,"href":"https:\/\/www.manquepierda.com\/historiarealbetis\/wp-json\/wp\/v2\/posts\/58454\/revisions"}],"predecessor-version":[{"id":97613,"href":"https:\/\/www.manquepierda.com\/historiarealbetis\/wp-json\/wp\/v2\/posts\/58454\/revisions\/97613"}],"wp:featuredmedia":[{"embeddable":true,"href":"https:\/\/www.manquepierda.com\/historiarealbetis\/wp-json\/wp\/v2\/media\/58455"}],"wp:attachment":[{"href":"https:\/\/www.manquepierda.com\/historiarealbetis\/wp-json\/wp\/v2\/media?parent=58454"}],"wp:term":[{"taxonomy":"category","embeddable":true,"href":"https:\/\/www.manquepierda.com\/historiarealbetis\/wp-json\/wp\/v2\/categories?post=58454"},{"taxonomy":"post_tag","embeddable":true,"href":"https:\/\/www.manquepierda.com\/historiarealbetis\/wp-json\/wp\/v2\/tags?post=58454"}],"curies":[{"name":"wp","href":"https:\/\/api.w.org\/{rel}","templated":true}]}}