{"id":58920,"date":"2023-05-22T11:00:00","date_gmt":"2023-05-22T09:00:00","guid":{"rendered":"http:\/\/www.manquepierda.com\/historiarealbetis\/?p=58920"},"modified":"2024-08-09T14:53:07","modified_gmt":"2024-08-09T12:53:07","slug":"hoy-29-anos-2","status":"publish","type":"post","link":"https:\/\/www.manquepierda.com\/historiarealbetis\/hoy-29-anos-2\/","title":{"rendered":"Hoy hace 35 a\u00f1os. Las Palmas 1 Betis 2."},"content":{"rendered":"<p><a href=\"https:\/\/i0.wp.com\/www.manquepierda.com\/historiarealbetis\/files\/2017\/05\/22-1988-Las-Palmas-1-Betis-2-.jpg?ssl=1\"><img data-recalc-dims=\"1\" loading=\"lazy\" decoding=\"async\" class=\"aligncenter size-medium wp-image-58921\" src=\"https:\/\/i0.wp.com\/www.manquepierda.com\/historiarealbetis\/files\/2017\/05\/22-1988-Las-Palmas-1-Betis-2-.jpg?resize=680%2C539&#038;ssl=1\" alt=\"\" width=\"680\" height=\"539\" srcset=\"https:\/\/i0.wp.com\/www.manquepierda.com\/historiarealbetis\/files\/2017\/05\/22-1988-Las-Palmas-1-Betis-2-.jpg?resize=680%2C539&amp;ssl=1 680w, https:\/\/i0.wp.com\/www.manquepierda.com\/historiarealbetis\/files\/2017\/05\/22-1988-Las-Palmas-1-Betis-2-.jpg?resize=220%2C174&amp;ssl=1 220w, https:\/\/i0.wp.com\/www.manquepierda.com\/historiarealbetis\/files\/2017\/05\/22-1988-Las-Palmas-1-Betis-2-.jpg?w=718&amp;ssl=1 718w\" sizes=\"auto, (max-width: 680px) 100vw, 680px\" \/><\/a><\/p>\n<p><span style=\"color: #008000\">El 22 de mayo de 1988 el Betis vence 1-2 a la UD Las Palmas en el Insular en partido de la jornada 38 del Campeonato de Liga de Primera Divisi\u00f3n.<\/span><\/p>\n<p><span style=\"color: #008000\">Los tantos de Gail y Calleja dieron la victoria al Betis en un partido ag\u00f3nico que supuso el descenso del equipo local y la salvaci\u00f3n del equipo verdiblanco.<\/span><\/p>\n<p><span style=\"color: #008000\">La UD Las Palmas, entrenada por Roque Olsen, jug\u00f3 con Manolo; Julio Dur\u00e1n, Campos, Marrero, May\u00e9; Pepte, Dajka (73, Oramas), Yoyo (57, Alexis); Narciso, Contreras y Saavedra.&nbsp; &nbsp;<\/span><\/p>\n<p><span style=\"color: #008000\">El Betis, dirigido por Pedro Buenaventura, form\u00f3 con Salva; Diego, Gail (49, Crist\u00f3bal), Julio, Juan Jos\u00e9; Chano, Calleja, Jos\u00e9 Luis, Reyes; Gabino (74, Zafra) y Y\u00e1\u00f1ez. &nbsp;<\/span><\/p>\n","protected":false},"excerpt":{"rendered":"<p>El 22 de mayo de 1988 el Betis vence 1-2 a la UD Las Palmas en el Insular en partido de la jornada 38 del Campeonato de Liga de Primera Divisi\u00f3n. Los tantos de Gail y Calleja dieron la victoria al Betis en un partido ag\u00f3nico que supuso el descenso del equipo local y la&#8230;<\/p>\n","protected":false},"author":5,"featured_media":58921,"comment_status":"open","ping_status":"open","sticky":false,"template":"","format":"standard","meta":{"_kad_post_transparent":"","_kad_post_title":"","_kad_post_layout":"","_kad_post_sidebar_id":"","_kad_post_content_style":"","_kad_post_vertical_padding":"","_kad_post_feature":"","_kad_post_feature_position":"","_kad_post_header":false,"_kad_post_footer":false,"_kad_post_classname":"","_jetpack_memberships_contains_paid_content":false,"footnotes":"","jetpack_publicize_message":"","jetpack_publicize_feature_enabled":true,"jetpack_social_post_already_shared":true,"jetpack_social_options":{"image_generator_settings":{"template":"highway","default_image_id":0,"font":"","enabled":false},"version":2}},"categories":[904,14583,1],"tags":[6399,17805,1327],"class_list":["post-58920","post","type-post","status-publish","format-standard","has-post-thumbnail","hentry","category-1980-1989","category-efemerides","category-portada","tag-6399","tag-liga-primera-1987-88","tag-ud-las-palmas"],"jetpack_publicize_connections":[],"jetpack_featured_media_url":"https:\/\/i0.wp.com\/www.manquepierda.com\/historiarealbetis\/files\/2017\/05\/22-1988-Las-Palmas-1-Betis-2-.jpg?fit=718%2C569&ssl=1","jetpack_sharing_enabled":true,"jetpack_shortlink":"https:\/\/wp.me\/p1ij08-fkk","jetpack-related-posts":[],"_links":{"self":[{"href":"https:\/\/www.manquepierda.com\/historiarealbetis\/wp-json\/wp\/v2\/posts\/58920","targetHints":{"allow":["GET"]}}],"collection":[{"href":"https:\/\/www.manquepierda.com\/historiarealbetis\/wp-json\/wp\/v2\/posts"}],"about":[{"href":"https:\/\/www.manquepierda.com\/historiarealbetis\/wp-json\/wp\/v2\/types\/post"}],"author":[{"embeddable":true,"href":"https:\/\/www.manquepierda.com\/historiarealbetis\/wp-json\/wp\/v2\/users\/5"}],"replies":[{"embeddable":true,"href":"https:\/\/www.manquepierda.com\/historiarealbetis\/wp-json\/wp\/v2\/comments?post=58920"}],"version-history":[{"count":1,"href":"https:\/\/www.manquepierda.com\/historiarealbetis\/wp-json\/wp\/v2\/posts\/58920\/revisions"}],"predecessor-version":[{"id":88712,"href":"https:\/\/www.manquepierda.com\/historiarealbetis\/wp-json\/wp\/v2\/posts\/58920\/revisions\/88712"}],"wp:featuredmedia":[{"embeddable":true,"href":"https:\/\/www.manquepierda.com\/historiarealbetis\/wp-json\/wp\/v2\/media\/58921"}],"wp:attachment":[{"href":"https:\/\/www.manquepierda.com\/historiarealbetis\/wp-json\/wp\/v2\/media?parent=58920"}],"wp:term":[{"taxonomy":"category","embeddable":true,"href":"https:\/\/www.manquepierda.com\/historiarealbetis\/wp-json\/wp\/v2\/categories?post=58920"},{"taxonomy":"post_tag","embeddable":true,"href":"https:\/\/www.manquepierda.com\/historiarealbetis\/wp-json\/wp\/v2\/tags?post=58920"}],"curies":[{"name":"wp","href":"https:\/\/api.w.org\/{rel}","templated":true}]}}