{"id":58942,"date":"2024-05-27T12:00:00","date_gmt":"2024-05-27T10:00:00","guid":{"rendered":"http:\/\/www.manquepierda.com\/historiarealbetis\/?p=58942"},"modified":"2024-09-07T12:35:49","modified_gmt":"2024-09-07T10:35:49","slug":"hoy-86-anos-5-3","status":"publish","type":"post","link":"https:\/\/www.manquepierda.com\/historiarealbetis\/hoy-86-anos-5-3\/","title":{"rendered":"Hoy hace 90 a\u00f1os. Debut de Sim\u00f3n Lecue con la selecci\u00f3n."},"content":{"rendered":"<p><a href=\"https:\/\/i0.wp.com\/www.manquepierda.com\/historiarealbetis\/files\/2017\/05\/27-1934-Debut-Lecue-selecci%C3%B3n.jpg?ssl=1\"><img data-recalc-dims=\"1\" loading=\"lazy\" decoding=\"async\" class=\"aligncenter size-medium wp-image-58943\" src=\"https:\/\/i0.wp.com\/www.manquepierda.com\/historiarealbetis\/files\/2017\/05\/27-1934-Debut-Lecue-selecci%C3%B3n.jpg?resize=416%2C600&#038;ssl=1\" alt=\"\" width=\"416\" height=\"600\" srcset=\"https:\/\/i0.wp.com\/www.manquepierda.com\/historiarealbetis\/files\/2017\/05\/27-1934-Debut-Lecue-selecci%C3%B3n.jpg?resize=416%2C600&amp;ssl=1 416w, https:\/\/i0.wp.com\/www.manquepierda.com\/historiarealbetis\/files\/2017\/05\/27-1934-Debut-Lecue-selecci%C3%B3n.jpg?resize=152%2C220&amp;ssl=1 152w, https:\/\/i0.wp.com\/www.manquepierda.com\/historiarealbetis\/files\/2017\/05\/27-1934-Debut-Lecue-selecci%C3%B3n.jpg?resize=485%2C700&amp;ssl=1 485w, https:\/\/i0.wp.com\/www.manquepierda.com\/historiarealbetis\/files\/2017\/05\/27-1934-Debut-Lecue-selecci%C3%B3n.jpg?w=487&amp;ssl=1 487w\" sizes=\"auto, (max-width: 416px) 100vw, 416px\" \/><\/a><\/p>\n<p><span style=\"color: #008000\">El 27 de mayo de 1934 Sim\u00f3n Lecue debuta con la selecci\u00f3n espa\u00f1ola en Florencia en partido de los octavos de final del Campeonato del Mundo contra Brasil, y en el que el combinado espa\u00f1ol vence por 3 a 1.<\/span><\/p>\n<p><span style=\"color: #008000\">Sim\u00f3n Lecue se convert\u00eda as\u00ed en el primer internacional del conjunto b\u00e9tico, a la vez que el primer mundialista. Lecue fue internacional en 7 ocasiones, de las que 4 pertenec\u00eda al Betis Balompi\u00e9.\u00a0<\/span><\/p>\n","protected":false},"excerpt":{"rendered":"<p>El 27 de mayo de 1934 Sim\u00f3n Lecue debuta con la selecci\u00f3n espa\u00f1ola en Florencia en partido de los octavos de final del Campeonato del Mundo contra Brasil, y en el que el combinado espa\u00f1ol vence por 3 a 1. Sim\u00f3n Lecue se convert\u00eda as\u00ed en el primer internacional del conjunto b\u00e9tico, a la vez&#8230;<\/p>\n","protected":false},"author":5,"featured_media":58943,"comment_status":"open","ping_status":"open","sticky":false,"template":"","format":"standard","meta":{"_kad_post_transparent":"","_kad_post_title":"","_kad_post_layout":"","_kad_post_sidebar_id":"","_kad_post_content_style":"","_kad_post_vertical_padding":"","_kad_post_feature":"","_kad_post_feature_position":"","_kad_post_header":false,"_kad_post_footer":false,"_kad_post_classname":"","_jetpack_memberships_contains_paid_content":false,"footnotes":"","jetpack_publicize_message":"","jetpack_publicize_feature_enabled":true,"jetpack_social_post_already_shared":true,"jetpack_social_options":{"image_generator_settings":{"template":"highway","default_image_id":0,"font":"","enabled":false},"version":2}},"categories":[899,14583,1],"tags":[1536,18185,1586,1043],"class_list":["post-58942","post","type-post","status-publish","format-standard","has-post-thumbnail","hentry","category-1930-1939","category-efemerides","category-portada","tag-1536","tag-campeonato-mundial-1934","tag-seleccion-espanola","tag-simon-lecue"],"jetpack_publicize_connections":[],"jetpack_featured_media_url":"https:\/\/i0.wp.com\/www.manquepierda.com\/historiarealbetis\/files\/2017\/05\/27-1934-Debut-Lecue-selecci%C3%B3n.jpg?fit=487%2C703&ssl=1","jetpack_sharing_enabled":true,"jetpack_shortlink":"https:\/\/wp.me\/p1ij08-fkG","jetpack-related-posts":[],"_links":{"self":[{"href":"https:\/\/www.manquepierda.com\/historiarealbetis\/wp-json\/wp\/v2\/posts\/58942","targetHints":{"allow":["GET"]}}],"collection":[{"href":"https:\/\/www.manquepierda.com\/historiarealbetis\/wp-json\/wp\/v2\/posts"}],"about":[{"href":"https:\/\/www.manquepierda.com\/historiarealbetis\/wp-json\/wp\/v2\/types\/post"}],"author":[{"embeddable":true,"href":"https:\/\/www.manquepierda.com\/historiarealbetis\/wp-json\/wp\/v2\/users\/5"}],"replies":[{"embeddable":true,"href":"https:\/\/www.manquepierda.com\/historiarealbetis\/wp-json\/wp\/v2\/comments?post=58942"}],"version-history":[{"count":1,"href":"https:\/\/www.manquepierda.com\/historiarealbetis\/wp-json\/wp\/v2\/posts\/58942\/revisions"}],"predecessor-version":[{"id":93735,"href":"https:\/\/www.manquepierda.com\/historiarealbetis\/wp-json\/wp\/v2\/posts\/58942\/revisions\/93735"}],"wp:featuredmedia":[{"embeddable":true,"href":"https:\/\/www.manquepierda.com\/historiarealbetis\/wp-json\/wp\/v2\/media\/58943"}],"wp:attachment":[{"href":"https:\/\/www.manquepierda.com\/historiarealbetis\/wp-json\/wp\/v2\/media?parent=58942"}],"wp:term":[{"taxonomy":"category","embeddable":true,"href":"https:\/\/www.manquepierda.com\/historiarealbetis\/wp-json\/wp\/v2\/categories?post=58942"},{"taxonomy":"post_tag","embeddable":true,"href":"https:\/\/www.manquepierda.com\/historiarealbetis\/wp-json\/wp\/v2\/tags?post=58942"}],"curies":[{"name":"wp","href":"https:\/\/api.w.org\/{rel}","templated":true}]}}