{"id":59017,"date":"2017-05-30T07:24:50","date_gmt":"2017-05-30T05:24:50","guid":{"rendered":"http:\/\/www.manquepierda.com\/historiarealbetis\/?p=59017"},"modified":"2024-08-31T00:00:28","modified_gmt":"2024-08-30T22:00:28","slug":"alineacion-atletico-madrid-betis-liga-1968","status":"publish","type":"post","link":"https:\/\/www.manquepierda.com\/historiarealbetis\/alineacion-atletico-madrid-betis-liga-1968\/","title":{"rendered":"Alineaci\u00f3n Atl\u00e9tico de Madrid-Betis Liga 1968"},"content":{"rendered":"<p><a href=\"https:\/\/i0.wp.com\/www.manquepierda.com\/historiarealbetis\/files\/2017\/05\/Alineaci%C3%B3n-Atl.-Madrid-Betis-Liga-1968.jpg?ssl=1\"><img data-recalc-dims=\"1\" loading=\"lazy\" decoding=\"async\" class=\"aligncenter wp-image-59018 size-medium\" src=\"https:\/\/i0.wp.com\/www.manquepierda.com\/historiarealbetis\/files\/2017\/05\/Alineaci%C3%B3n-Atl.-Madrid-Betis-Liga-1968.jpg?resize=445%2C600&#038;ssl=1\" alt=\"\" width=\"445\" height=\"600\" srcset=\"https:\/\/i0.wp.com\/www.manquepierda.com\/historiarealbetis\/files\/2017\/05\/Alineaci%C3%B3n-Atl.-Madrid-Betis-Liga-1968.jpg?resize=445%2C600&amp;ssl=1 445w, https:\/\/i0.wp.com\/www.manquepierda.com\/historiarealbetis\/files\/2017\/05\/Alineaci%C3%B3n-Atl.-Madrid-Betis-Liga-1968.jpg?resize=163%2C220&amp;ssl=1 163w, https:\/\/i0.wp.com\/www.manquepierda.com\/historiarealbetis\/files\/2017\/05\/Alineaci%C3%B3n-Atl.-Madrid-Betis-Liga-1968.jpg?resize=768%2C1035&amp;ssl=1 768w, https:\/\/i0.wp.com\/www.manquepierda.com\/historiarealbetis\/files\/2017\/05\/Alineaci%C3%B3n-Atl.-Madrid-Betis-Liga-1968.jpg?resize=519%2C700&amp;ssl=1 519w, https:\/\/i0.wp.com\/www.manquepierda.com\/historiarealbetis\/files\/2017\/05\/Alineaci%C3%B3n-Atl.-Madrid-Betis-Liga-1968.jpg?w=1321&amp;ssl=1 1321w\" sizes=\"auto, (max-width: 445px) 100vw, 445px\" \/><\/a><\/p>\n<p>28 de abril de 1968 en el Manzanares Atl\u00e9tico de Madrid 0 \u00a0Betis 0: jornada 30 del Campeonato de Liga de Primera Divisi\u00f3n.<\/p>\n<p>En la imagen arriba: Vilanova, Ezequiel, Telech\u00eda, Aparicio, Ant\u00f3n y Azc\u00e1rate; abajo Ir\u00edzar, Pach\u00f3n, Landa, Gonz\u00e1lez y Rogelio.<\/p>\n<p>El Betis, ya descendido, juega en la \u00faltima jornada liguera por primera vez en el Estadio del Manzanares, el nuevo estadio rojiblanco que cambiar\u00e1 su nombre a Vicente Calder\u00f3n en 1971.<\/p>\n<p>Miguel Gonz\u00e1lez entrenaba al Atl\u00e9tico y Sabino Barinaga al Betis.<\/p>\n","protected":false},"excerpt":{"rendered":"<p>28 de abril de 1968 en el Manzanares Atl\u00e9tico de Madrid 0 \u00a0Betis 0: jornada 30 del Campeonato de Liga de Primera Divisi\u00f3n. En la imagen arriba: Vilanova, Ezequiel, Telech\u00eda, Aparicio, Ant\u00f3n y Azc\u00e1rate; abajo Ir\u00edzar, Pach\u00f3n, Landa, Gonz\u00e1lez y Rogelio. El Betis, ya descendido, juega en la \u00faltima jornada liguera por primera vez en&#8230;<\/p>\n","protected":false},"author":5,"featured_media":59018,"comment_status":"open","ping_status":"open","sticky":false,"template":"","format":"standard","meta":{"_kad_post_transparent":"","_kad_post_title":"","_kad_post_layout":"","_kad_post_sidebar_id":"","_kad_post_content_style":"","_kad_post_vertical_padding":"","_kad_post_feature":"","_kad_post_feature_position":"","_kad_post_header":false,"_kad_post_footer":false,"_kad_post_classname":"","_jetpack_memberships_contains_paid_content":false,"footnotes":"","jetpack_publicize_message":"","jetpack_publicize_feature_enabled":true,"jetpack_social_post_already_shared":true,"jetpack_social_options":{"image_generator_settings":{"template":"highway","default_image_id":0,"font":"","enabled":false},"version":2}},"categories":[902,1],"tags":[2085,2083,1617,13849,1394,1616,2086,2319,1368,5082,17793,1050,1618,1040,1396],"class_list":["post-59017","post","type-post","status-publish","format-standard","has-post-thumbnail","hentry","category-1960-1969","category-portada","tag-1967-68","tag-2083","tag-antonio-martinez-anton","tag-club-atletico-de-madrid","tag-ezequiel-manaute","tag-francisco-aparicio","tag-francisco-telechia","tag-jesus-maria-irizar","tag-jesus-maria-landa","tag-jose-manuel-pachon","tag-liga-primera-1967-68","tag-manuel-villanova","tag-miguel-azcarate","tag-pepe-gonzalez","tag-rogelio-sosa"],"jetpack_publicize_connections":[],"jetpack_featured_media_url":"https:\/\/i0.wp.com\/www.manquepierda.com\/historiarealbetis\/files\/2017\/05\/Alineaci%C3%B3n-Atl.-Madrid-Betis-Liga-1968.jpg?fit=1321%2C1781&ssl=1","jetpack_sharing_enabled":true,"jetpack_shortlink":"https:\/\/wp.me\/p1ij08-flT","jetpack-related-posts":[],"_links":{"self":[{"href":"https:\/\/www.manquepierda.com\/historiarealbetis\/wp-json\/wp\/v2\/posts\/59017","targetHints":{"allow":["GET"]}}],"collection":[{"href":"https:\/\/www.manquepierda.com\/historiarealbetis\/wp-json\/wp\/v2\/posts"}],"about":[{"href":"https:\/\/www.manquepierda.com\/historiarealbetis\/wp-json\/wp\/v2\/types\/post"}],"author":[{"embeddable":true,"href":"https:\/\/www.manquepierda.com\/historiarealbetis\/wp-json\/wp\/v2\/users\/5"}],"replies":[{"embeddable":true,"href":"https:\/\/www.manquepierda.com\/historiarealbetis\/wp-json\/wp\/v2\/comments?post=59017"}],"version-history":[{"count":1,"href":"https:\/\/www.manquepierda.com\/historiarealbetis\/wp-json\/wp\/v2\/posts\/59017\/revisions"}],"predecessor-version":[{"id":95696,"href":"https:\/\/www.manquepierda.com\/historiarealbetis\/wp-json\/wp\/v2\/posts\/59017\/revisions\/95696"}],"wp:featuredmedia":[{"embeddable":true,"href":"https:\/\/www.manquepierda.com\/historiarealbetis\/wp-json\/wp\/v2\/media\/59018"}],"wp:attachment":[{"href":"https:\/\/www.manquepierda.com\/historiarealbetis\/wp-json\/wp\/v2\/media?parent=59017"}],"wp:term":[{"taxonomy":"category","embeddable":true,"href":"https:\/\/www.manquepierda.com\/historiarealbetis\/wp-json\/wp\/v2\/categories?post=59017"},{"taxonomy":"post_tag","embeddable":true,"href":"https:\/\/www.manquepierda.com\/historiarealbetis\/wp-json\/wp\/v2\/tags?post=59017"}],"curies":[{"name":"wp","href":"https:\/\/api.w.org\/{rel}","templated":true}]}}