{"id":59405,"date":"2020-06-27T10:30:17","date_gmt":"2020-06-27T08:30:17","guid":{"rendered":"http:\/\/www.manquepierda.com\/historiarealbetis\/?p=59405"},"modified":"2025-08-27T23:39:58","modified_gmt":"2025-08-27T21:39:58","slug":"hoy-21-anos-7","status":"publish","type":"post","link":"https:\/\/www.manquepierda.com\/historiarealbetis\/hoy-21-anos-7\/","title":{"rendered":"Hoy hace 21 a\u00f1os. Victoria 2-1 sobre el Real Madrid en la final de Copa Juvenil."},"content":{"rendered":"<p><span style=\"color: #008000\"><a href=\"https:\/\/i0.wp.com\/www.manquepierda.com\/historiarealbetis\/files\/2017\/06\/juvenil-1999.jpg?ssl=1\"><img data-recalc-dims=\"1\" loading=\"lazy\" decoding=\"async\" class=\"aligncenter size-medium wp-image-59409\" src=\"https:\/\/i0.wp.com\/www.manquepierda.com\/historiarealbetis\/files\/2017\/06\/juvenil-1999.jpg?resize=680%2C476&#038;ssl=1\" alt=\"\" width=\"680\" height=\"476\" srcset=\"https:\/\/i0.wp.com\/www.manquepierda.com\/historiarealbetis\/files\/2017\/06\/juvenil-1999.jpg?resize=680%2C476&amp;ssl=1 680w, https:\/\/i0.wp.com\/www.manquepierda.com\/historiarealbetis\/files\/2017\/06\/juvenil-1999.jpg?resize=220%2C154&amp;ssl=1 220w, https:\/\/i0.wp.com\/www.manquepierda.com\/historiarealbetis\/files\/2017\/06\/juvenil-1999.jpg?resize=768%2C538&amp;ssl=1 768w, https:\/\/i0.wp.com\/www.manquepierda.com\/historiarealbetis\/files\/2017\/06\/juvenil-1999.jpg?resize=960%2C673&amp;ssl=1 960w, https:\/\/i0.wp.com\/www.manquepierda.com\/historiarealbetis\/files\/2017\/06\/juvenil-1999.jpg?resize=75%2C52&amp;ssl=1 75w, https:\/\/i0.wp.com\/www.manquepierda.com\/historiarealbetis\/files\/2017\/06\/juvenil-1999.jpg?w=1022&amp;ssl=1 1022w\" sizes=\"auto, (max-width: 680px) 100vw, 680px\" \/><\/a>El 27 de junio de 1999 el equipo juvenil del Betis se impone 2-1 al Real Madrid en la final de Copa partido jugado en Olivenza.<\/span><\/p>\n<p><span style=\"color: #008000\">El gol inicial de Aranda para el equipo blanco fue superado con los tantos de Pav\u00f3n en propia puerta y Dani.<\/span><\/p>\n<p><span style=\"color: #008000\">El Betis, entrenado por Miguel Valenzuela, alinea a Doblas; David, (72, Andy), Daniel, Vega, Marcos: Joaqu\u00edn, Salguero, Arzu, Zurita; Dani (90, Isco) y Anto\u00f1ito (79, Quique). <\/span><\/p>\n<p><span style=\"color: #008000\">El Real Madrid, dirigido por Luis Palmero,\u00a0 form\u00f3 con Aguilar; Dani, Alfonso, Pav\u00f3n, Mart\u00edn; Alex, Julio, Corona (82, Ela), Valera (60, Corrales); Aganzo (69, Lafuerza) y Aranda.\u00a0 \u00a0<\/span><\/p>\n<p><span style=\"color: #008000\">El Betis, tras eliminar al H\u00e9rcules, Rayo Vallecano y Barcelona, revalidaba el t\u00edtulo de Copa conseguido el a\u00f1o anterior en Toledo frente al Alav\u00e9s.\u00a0<\/span><\/p>\n","protected":false},"excerpt":{"rendered":"<p>El 27 de junio de 1999 el equipo juvenil del Betis se impone 2-1 al Real Madrid en la final de Copa partido jugado en Olivenza. El gol inicial de Aranda para el equipo blanco fue superado con los tantos de Pav\u00f3n en propia puerta y Dani. El Betis, entrenado por Miguel Valenzuela, alinea a&#8230;<\/p>\n","protected":false},"author":5,"featured_media":59409,"comment_status":"open","ping_status":"open","sticky":false,"template":"","format":"standard","meta":{"_kad_post_transparent":"","_kad_post_title":"","_kad_post_layout":"","_kad_post_sidebar_id":"","_kad_post_content_style":"","_kad_post_vertical_padding":"","_kad_post_feature":"","_kad_post_feature_position":"","_kad_post_header":false,"_kad_post_footer":false,"_kad_post_classname":"","_jetpack_memberships_contains_paid_content":false,"footnotes":"","jetpack_publicize_message":"","jetpack_publicize_feature_enabled":true,"jetpack_social_post_already_shared":true,"jetpack_social_options":{"image_generator_settings":{"template":"highway","default_image_id":0,"font":"","enabled":false},"version":2}},"categories":[905,14583,1],"tags":[4449,168,12468,18751,14401,13362],"class_list":["post-59405","post","type-post","status-publish","format-standard","has-post-thumbnail","hentry","category-1990-1999","category-efemerides","category-portada","tag-4449","tag-betis-juvenil","tag-campeonato-espana-futbol-juvenil","tag-copa-juvenil-1999","tag-final-copa-juvenil","tag-real-madrid-cf"],"jetpack_publicize_connections":[],"jetpack_featured_media_url":"https:\/\/i0.wp.com\/www.manquepierda.com\/historiarealbetis\/files\/2017\/06\/juvenil-1999.jpg?fit=1022%2C716&ssl=1","jetpack_sharing_enabled":true,"jetpack_shortlink":"https:\/\/wp.me\/p1ij08-fs9","jetpack-related-posts":[],"_links":{"self":[{"href":"https:\/\/www.manquepierda.com\/historiarealbetis\/wp-json\/wp\/v2\/posts\/59405","targetHints":{"allow":["GET"]}}],"collection":[{"href":"https:\/\/www.manquepierda.com\/historiarealbetis\/wp-json\/wp\/v2\/posts"}],"about":[{"href":"https:\/\/www.manquepierda.com\/historiarealbetis\/wp-json\/wp\/v2\/types\/post"}],"author":[{"embeddable":true,"href":"https:\/\/www.manquepierda.com\/historiarealbetis\/wp-json\/wp\/v2\/users\/5"}],"replies":[{"embeddable":true,"href":"https:\/\/www.manquepierda.com\/historiarealbetis\/wp-json\/wp\/v2\/comments?post=59405"}],"version-history":[{"count":1,"href":"https:\/\/www.manquepierda.com\/historiarealbetis\/wp-json\/wp\/v2\/posts\/59405\/revisions"}],"predecessor-version":[{"id":98645,"href":"https:\/\/www.manquepierda.com\/historiarealbetis\/wp-json\/wp\/v2\/posts\/59405\/revisions\/98645"}],"wp:featuredmedia":[{"embeddable":true,"href":"https:\/\/www.manquepierda.com\/historiarealbetis\/wp-json\/wp\/v2\/media\/59409"}],"wp:attachment":[{"href":"https:\/\/www.manquepierda.com\/historiarealbetis\/wp-json\/wp\/v2\/media?parent=59405"}],"wp:term":[{"taxonomy":"category","embeddable":true,"href":"https:\/\/www.manquepierda.com\/historiarealbetis\/wp-json\/wp\/v2\/categories?post=59405"},{"taxonomy":"post_tag","embeddable":true,"href":"https:\/\/www.manquepierda.com\/historiarealbetis\/wp-json\/wp\/v2\/tags?post=59405"}],"curies":[{"name":"wp","href":"https:\/\/api.w.org\/{rel}","templated":true}]}}