{"id":59580,"date":"2017-07-09T11:30:04","date_gmt":"2017-07-09T09:30:04","guid":{"rendered":"http:\/\/www.manquepierda.com\/historiarealbetis\/?p=59580"},"modified":"2021-06-19T20:36:18","modified_gmt":"2021-06-19T18:36:18","slug":"hoy-10-anos-4","status":"publish","type":"post","link":"https:\/\/www.manquepierda.com\/historiarealbetis\/hoy-10-anos-4\/","title":{"rendered":"Hoy hace 10 a\u00f1os. Fallece Esteban Areta."},"content":{"rendered":"<p><a href=\"https:\/\/i0.wp.com\/www.manquepierda.com\/historiarealbetis\/files\/2017\/07\/9-2007-Fallece-Areta.jpg?ssl=1\"><img data-recalc-dims=\"1\" loading=\"lazy\" decoding=\"async\" class=\"aligncenter size-full wp-image-59581\" src=\"https:\/\/i0.wp.com\/www.manquepierda.com\/historiarealbetis\/files\/2017\/07\/9-2007-Fallece-Areta.jpg?resize=344%2C531&#038;ssl=1\" alt=\"\" width=\"344\" height=\"531\" srcset=\"https:\/\/i0.wp.com\/www.manquepierda.com\/historiarealbetis\/files\/2017\/07\/9-2007-Fallece-Areta.jpg?w=344&amp;ssl=1 344w, https:\/\/i0.wp.com\/www.manquepierda.com\/historiarealbetis\/files\/2017\/07\/9-2007-Fallece-Areta.jpg?resize=143%2C220&amp;ssl=1 143w\" sizes=\"auto, (max-width: 344px) 100vw, 344px\" \/><\/a><\/p>\n<p><span style=\"color: #008000\">El 9 de julio de 2007 fallec\u00eda en Sevilla a la edad de 75 a\u00f1os Esteban Areta V\u00e9lez, quien fuera jugador del Real Betis Balompi\u00e9 entre los a\u00f1os 1957 y 1964. &nbsp;<\/span><\/p>\n<p><span style=\"color: #008000\">Tras su retirada del f\u00fatbol en activo pas\u00f3 a formar parte de la estructura t\u00e9cnica del Betis, como segundo entrenador de la primera plantilla, ocupando en 2 ocasiones el puesto de entrenador interino, y posteriormente el de entrenador del equipo filial. &nbsp;<\/span><\/p>\n","protected":false},"excerpt":{"rendered":"<p>El 9 de julio de 2007 fallec\u00eda en Sevilla a la edad de 75 a\u00f1os Esteban Areta V\u00e9lez, quien fuera jugador del Real Betis Balompi\u00e9 entre los a\u00f1os 1957 y 1964. &nbsp; Tras su retirada del f\u00fatbol en activo pas\u00f3 a formar parte de la estructura t\u00e9cnica del Betis, como segundo entrenador de la primera&#8230;<\/p>\n","protected":false},"author":5,"featured_media":59581,"comment_status":"open","ping_status":"open","sticky":false,"template":"","format":"standard","meta":{"_kad_post_transparent":"","_kad_post_title":"","_kad_post_layout":"","_kad_post_sidebar_id":"","_kad_post_content_style":"","_kad_post_vertical_padding":"","_kad_post_feature":"","_kad_post_feature_position":"","_kad_post_header":false,"_kad_post_footer":false,"_kad_post_classname":"","_jetpack_memberships_contains_paid_content":false,"footnotes":"","jetpack_publicize_message":"","jetpack_publicize_feature_enabled":true,"jetpack_social_post_already_shared":true,"jetpack_social_options":{"image_generator_settings":{"template":"highway","default_image_id":0,"font":"","enabled":false},"version":2}},"categories":[4823,14583,1],"tags":[1317],"class_list":["post-59580","post","type-post","status-publish","format-standard","has-post-thumbnail","hentry","category-2000-2009","category-efemerides","category-portada","tag-esteban-areta"],"jetpack_publicize_connections":[],"jetpack_featured_media_url":"https:\/\/i0.wp.com\/www.manquepierda.com\/historiarealbetis\/files\/2017\/07\/9-2007-Fallece-Areta.jpg?fit=344%2C531&ssl=1","jetpack_sharing_enabled":true,"jetpack_shortlink":"https:\/\/wp.me\/p1ij08-fuY","jetpack-related-posts":[],"_links":{"self":[{"href":"https:\/\/www.manquepierda.com\/historiarealbetis\/wp-json\/wp\/v2\/posts\/59580","targetHints":{"allow":["GET"]}}],"collection":[{"href":"https:\/\/www.manquepierda.com\/historiarealbetis\/wp-json\/wp\/v2\/posts"}],"about":[{"href":"https:\/\/www.manquepierda.com\/historiarealbetis\/wp-json\/wp\/v2\/types\/post"}],"author":[{"embeddable":true,"href":"https:\/\/www.manquepierda.com\/historiarealbetis\/wp-json\/wp\/v2\/users\/5"}],"replies":[{"embeddable":true,"href":"https:\/\/www.manquepierda.com\/historiarealbetis\/wp-json\/wp\/v2\/comments?post=59580"}],"version-history":[{"count":0,"href":"https:\/\/www.manquepierda.com\/historiarealbetis\/wp-json\/wp\/v2\/posts\/59580\/revisions"}],"wp:featuredmedia":[{"embeddable":true,"href":"https:\/\/www.manquepierda.com\/historiarealbetis\/wp-json\/wp\/v2\/media\/59581"}],"wp:attachment":[{"href":"https:\/\/www.manquepierda.com\/historiarealbetis\/wp-json\/wp\/v2\/media?parent=59580"}],"wp:term":[{"taxonomy":"category","embeddable":true,"href":"https:\/\/www.manquepierda.com\/historiarealbetis\/wp-json\/wp\/v2\/categories?post=59580"},{"taxonomy":"post_tag","embeddable":true,"href":"https:\/\/www.manquepierda.com\/historiarealbetis\/wp-json\/wp\/v2\/tags?post=59580"}],"curies":[{"name":"wp","href":"https:\/\/api.w.org\/{rel}","templated":true}]}}