{"id":59605,"date":"2017-07-06T07:30:20","date_gmt":"2017-07-06T05:30:20","guid":{"rendered":"http:\/\/www.manquepierda.com\/historiarealbetis\/?p=59605"},"modified":"2017-07-02T14:35:47","modified_gmt":"2017-07-02T12:35:47","slug":"la-delantera-betica-1957","status":"publish","type":"post","link":"https:\/\/www.manquepierda.com\/historiarealbetis\/la-delantera-betica-1957\/","title":{"rendered":"La delantera b\u00e9tica en 1957"},"content":{"rendered":"<p><a href=\"https:\/\/i0.wp.com\/www.manquepierda.com\/historiarealbetis\/files\/2017\/07\/La-delantera-b%C3%A9tica-en-1957.jpg?ssl=1\"><img data-recalc-dims=\"1\" loading=\"lazy\" decoding=\"async\" class=\"aligncenter size-medium wp-image-59606\" src=\"https:\/\/i0.wp.com\/www.manquepierda.com\/historiarealbetis\/files\/2017\/07\/La-delantera-b%C3%A9tica-en-1957.jpg?resize=680%2C322&#038;ssl=1\" alt=\"\" width=\"680\" height=\"322\" srcset=\"https:\/\/i0.wp.com\/www.manquepierda.com\/historiarealbetis\/files\/2017\/07\/La-delantera-b%C3%A9tica-en-1957.jpg?resize=680%2C322&amp;ssl=1 680w, https:\/\/i0.wp.com\/www.manquepierda.com\/historiarealbetis\/files\/2017\/07\/La-delantera-b%C3%A9tica-en-1957.jpg?resize=220%2C104&amp;ssl=1 220w, https:\/\/i0.wp.com\/www.manquepierda.com\/historiarealbetis\/files\/2017\/07\/La-delantera-b%C3%A9tica-en-1957.jpg?resize=768%2C364&amp;ssl=1 768w, https:\/\/i0.wp.com\/www.manquepierda.com\/historiarealbetis\/files\/2017\/07\/La-delantera-b%C3%A9tica-en-1957.jpg?resize=960%2C455&amp;ssl=1 960w, https:\/\/i0.wp.com\/www.manquepierda.com\/historiarealbetis\/files\/2017\/07\/La-delantera-b%C3%A9tica-en-1957.jpg?w=1079&amp;ssl=1 1079w\" sizes=\"auto, (max-width: 680px) 100vw, 680px\" \/><\/a><\/p>\n<p>Imagen de la delantera b\u00e9tica que el 15 de septiembre de 1957 se impuso en Heli\u00f3polis por 3 a 1 al Plus Ultra en la primera jornada del Campeonato de Liga de Segunda Divisi\u00f3n.<\/p>\n<p>De izquierda a derecha: Le\u00f3n Lasa, Eduardo Sobrado, Esteban Areta, Francisco G\u00f3mez \u00abPaqui\u00bb y Luis Del Sol. \u00a0Con la inclusi\u00f3n de Jorge Vila y de Heliodoro Casta\u00f1o ser\u00edan la base del equipo que consigui\u00f3 el retorno a la Primera Divisi\u00f3n.<\/p>\n","protected":false},"excerpt":{"rendered":"<p>Imagen de la delantera b\u00e9tica que el 15 de septiembre de 1957 se impuso en Heli\u00f3polis por 3 a 1 al Plus Ultra en la primera jornada del Campeonato de Liga de Segunda Divisi\u00f3n. De izquierda a derecha: Le\u00f3n Lasa, Eduardo Sobrado, Esteban Areta, Francisco G\u00f3mez \u00abPaqui\u00bb y Luis Del Sol. \u00a0Con la inclusi\u00f3n de&#8230;<\/p>\n","protected":false},"author":5,"featured_media":59606,"comment_status":"open","ping_status":"open","sticky":false,"template":"","format":"standard","meta":{"_kad_post_transparent":"","_kad_post_title":"","_kad_post_layout":"","_kad_post_sidebar_id":"","_kad_post_content_style":"","_kad_post_vertical_padding":"","_kad_post_feature":"","_kad_post_feature_position":"","_kad_post_header":false,"_kad_post_footer":false,"_kad_post_classname":"","_jetpack_memberships_contains_paid_content":false,"footnotes":"","jetpack_publicize_message":"","jetpack_publicize_feature_enabled":true,"jetpack_social_post_already_shared":true,"jetpack_social_options":{"image_generator_settings":{"template":"highway","default_image_id":0,"font":"","enabled":false},"version":2}},"categories":[901,1],"tags":[4331,2223,1607,1317,1056,1319,541],"class_list":["post-59605","post","type-post","status-publish","format-standard","has-post-thumbnail","hentry","category-1950-1959","category-portada","tag-4331","tag-1957-58","tag-eduardo-sobrado","tag-esteban-areta","tag-francisco-gomez-paqui","tag-leon-lasa","tag-luis-del-sol"],"jetpack_publicize_connections":[],"jetpack_featured_media_url":"https:\/\/i0.wp.com\/www.manquepierda.com\/historiarealbetis\/files\/2017\/07\/La-delantera-b%C3%A9tica-en-1957.jpg?fit=1079%2C511&ssl=1","jetpack_sharing_enabled":true,"jetpack_shortlink":"https:\/\/wp.me\/p1ij08-fvn","jetpack-related-posts":[],"_links":{"self":[{"href":"https:\/\/www.manquepierda.com\/historiarealbetis\/wp-json\/wp\/v2\/posts\/59605","targetHints":{"allow":["GET"]}}],"collection":[{"href":"https:\/\/www.manquepierda.com\/historiarealbetis\/wp-json\/wp\/v2\/posts"}],"about":[{"href":"https:\/\/www.manquepierda.com\/historiarealbetis\/wp-json\/wp\/v2\/types\/post"}],"author":[{"embeddable":true,"href":"https:\/\/www.manquepierda.com\/historiarealbetis\/wp-json\/wp\/v2\/users\/5"}],"replies":[{"embeddable":true,"href":"https:\/\/www.manquepierda.com\/historiarealbetis\/wp-json\/wp\/v2\/comments?post=59605"}],"version-history":[{"count":0,"href":"https:\/\/www.manquepierda.com\/historiarealbetis\/wp-json\/wp\/v2\/posts\/59605\/revisions"}],"wp:featuredmedia":[{"embeddable":true,"href":"https:\/\/www.manquepierda.com\/historiarealbetis\/wp-json\/wp\/v2\/media\/59606"}],"wp:attachment":[{"href":"https:\/\/www.manquepierda.com\/historiarealbetis\/wp-json\/wp\/v2\/media?parent=59605"}],"wp:term":[{"taxonomy":"category","embeddable":true,"href":"https:\/\/www.manquepierda.com\/historiarealbetis\/wp-json\/wp\/v2\/categories?post=59605"},{"taxonomy":"post_tag","embeddable":true,"href":"https:\/\/www.manquepierda.com\/historiarealbetis\/wp-json\/wp\/v2\/tags?post=59605"}],"curies":[{"name":"wp","href":"https:\/\/api.w.org\/{rel}","templated":true}]}}