{"id":59695,"date":"2017-07-07T16:16:16","date_gmt":"2017-07-07T14:16:16","guid":{"rendered":"http:\/\/www.manquepierda.com\/historiarealbetis\/?p=59695"},"modified":"2024-08-27T22:46:53","modified_gmt":"2024-08-27T20:46:53","slug":"1931-enero-18-segunda-division-real-betis-balompie-2-athletic-madrid-3-recortes-prensa","status":"publish","type":"post","link":"https:\/\/www.manquepierda.com\/historiarealbetis\/1931-enero-18-segunda-division-real-betis-balompie-2-athletic-madrid-3-recortes-prensa\/","title":{"rendered":"1931-Enero 18.-Segunda Divisi\u00f3n.-Real Betis Balompi\u00e9-2 Athl\u00e9tic Madrid-3.-Recortes Prensa."},"content":{"rendered":"<p><em>\u00abEn Sevilla, en la s\u00e9ptima jornada, fue derrotado el Betis por vez primera, por tres \u00e1 dos, frente al Athl\u00e9tic de Madrid.<\/em><\/p>\n<p><em>Se achac\u00f3 la p\u00e9rdida <strong>a la colocaci\u00f3n de Altuna en el eje del ataque, por lesi\u00f3n del titular-Rosendo Romero Garc\u00eda (a) \u00abel chato\u00bb-en el partido con el Sevilla. <\/strong><\/em><em><strong>Altuna fracas\u00f3, rompiendo la l\u00ednea, y \u00abAdolfito\u00bb se lesion\u00f3 en la primera parte.<\/strong><\/em><\/p>\n<p style=\"text-align: left\"><strong>TERCERA EDICI\u00d3N-CAMPEONATO NACIONAL LIGA SEGUNDA DIVISI\u00d3N-TEMPORADA 1930-1931: DESDE DOMINGO 7 DICIEMBRE 1931 HASTA DOMINGO 5 ABRIL 1931-AMBAS FECHAS INCLUSIVE.<\/strong><\/p>\n<p style=\"text-align: center\"><img data-recalc-dims=\"1\" loading=\"lazy\" decoding=\"async\" class=\"aligncenter size-large wp-image-59697\" src=\"https:\/\/i0.wp.com\/www.manquepierda.com\/historiarealbetis\/files\/2017\/07\/19310118FS%C3%A1mchezPando-LUI.jpg?resize=960%2C498&#038;ssl=1\" alt=\"\" width=\"960\" height=\"498\" srcset=\"https:\/\/i0.wp.com\/www.manquepierda.com\/historiarealbetis\/files\/2017\/07\/19310118FS%C3%A1mchezPando-LUI.jpg?resize=960%2C498&amp;ssl=1 960w, https:\/\/i0.wp.com\/www.manquepierda.com\/historiarealbetis\/files\/2017\/07\/19310118FS%C3%A1mchezPando-LUI.jpg?resize=220%2C114&amp;ssl=1 220w, https:\/\/i0.wp.com\/www.manquepierda.com\/historiarealbetis\/files\/2017\/07\/19310118FS%C3%A1mchezPando-LUI.jpg?resize=680%2C353&amp;ssl=1 680w, https:\/\/i0.wp.com\/www.manquepierda.com\/historiarealbetis\/files\/2017\/07\/19310118FS%C3%A1mchezPando-LUI.jpg?resize=768%2C398&amp;ssl=1 768w, https:\/\/i0.wp.com\/www.manquepierda.com\/historiarealbetis\/files\/2017\/07\/19310118FS%C3%A1mchezPando-LUI.jpg?w=1417&amp;ssl=1 1417w\" sizes=\"auto, (max-width: 960px) 100vw, 960px\" \/><\/p>\n<p><em>\u00abSevilla.-Athl\u00e9tic de Madrid-3, Real Betis Balompi\u00e9-2.-Antonio, protegido por Arater, sale \u00e1 blocar un bal\u00f3n, ante el acoso de la delantera b\u00e9tica\u00bb.-Foto S\u00e1nchez del Pando.-\u00abLa Uni\u00f3n Ilustrada\u00bb-M\u00e1laga.<\/em><\/p>\n<p><strong>1931-ENERO 18-DOMINGO EN EL BARRIO \u00abEL PORVENIR\u00bb-15&#8217;00 HORAS-CAMPO MUNICIPAL DE DEPORTES \u00abREAL-PATRONATO OBRERO\u00bb-S\u00c9PTIMA JORNADA.<\/strong><\/p>\n<p style=\"text-align: center\"><strong>Tiempo espl\u00e9ndido, archisuperior entrada: 9.000 espectadores.-El segundo tiempo empez\u00f3 \u00e1 las 16&#8217;02 horas.<\/strong><\/p>\n<p style=\"text-align: center\"><img data-recalc-dims=\"1\" loading=\"lazy\" decoding=\"async\" class=\"aligncenter size-thumbnail wp-image-59698\" src=\"https:\/\/i0.wp.com\/www.manquepierda.com\/historiarealbetis\/files\/2017\/07\/JAS.jpg?resize=145%2C220&#038;ssl=1\" alt=\"\" width=\"145\" height=\"220\" srcset=\"https:\/\/i0.wp.com\/www.manquepierda.com\/historiarealbetis\/files\/2017\/07\/JAS.jpg?resize=145%2C220&amp;ssl=1 145w, https:\/\/i0.wp.com\/www.manquepierda.com\/historiarealbetis\/files\/2017\/07\/JAS.jpg?w=189&amp;ssl=1 189w\" sizes=\"auto, (max-width: 145px) 100vw, 145px\" \/><\/p>\n<p style=\"text-align: left\">Arbitr\u00f3 bien el colegiado catal\u00e1n, Jes\u00fas Arribas Seijas (Barcelona-1896).-En el segundo tiempo, no se\u00f1al\u00f3 una pena m\u00e1xima <strong>tras manos de Arater que cay\u00f3 sobre el cuero intentando cortar el paso \u00e1 Timimi.<\/strong><\/p>\n<p style=\"text-align: left\"><strong>PRIMER CLASIFICADO CON 11 PUNTOS (5-GANADOS+1-EMPATADO+1-PERDIDO) 14-GOLES \u00c1 FAVOR Y 9-TANTOS EN CONTRA.<\/strong><\/p>\n<p style=\"text-align: center\"><em><strong>Presidente don Camilo Romero Puerto, e interinamente, don Adolfo Cu\u00e9llar Rodr\u00edguez.<\/strong><\/em><\/p>\n<p style=\"text-align: center\"><strong>Entrenador, Emilio Sampere Oliveras.<\/strong><\/p>\n<p style=\"text-align: center\"><img data-recalc-dims=\"1\" loading=\"lazy\" decoding=\"async\" class=\"aligncenter size-thumbnail wp-image-59699\" src=\"https:\/\/i0.wp.com\/www.manquepierda.com\/historiarealbetis\/files\/2017\/07\/ESCUDO-1925-1.jpg?resize=161%2C220&#038;ssl=1\" alt=\"\" width=\"161\" height=\"220\" srcset=\"https:\/\/i0.wp.com\/www.manquepierda.com\/historiarealbetis\/files\/2017\/07\/ESCUDO-1925-1.jpg?resize=161%2C220&amp;ssl=1 161w, https:\/\/i0.wp.com\/www.manquepierda.com\/historiarealbetis\/files\/2017\/07\/ESCUDO-1925-1.jpg?w=266&amp;ssl=1 266w\" sizes=\"auto, (max-width: 161px) 100vw, 161px\" \/><\/p>\n<p style=\"text-align: center\"><strong>REAL BETIS BALOMPI\u00c9-2 Goles.<\/strong><\/p>\n<p style=\"text-align: center\">Guardameta:<\/p>\n<p style=\"text-align: center\"><img data-recalc-dims=\"1\" loading=\"lazy\" decoding=\"async\" class=\"aligncenter size-thumbnail wp-image-59701\" src=\"https:\/\/i0.wp.com\/www.manquepierda.com\/historiarealbetis\/files\/2017\/07\/JES%C3%9AS-Bern%C3%A1ldez-Moreno-Manos-Duras-FS055.jpg?resize=142%2C220&#038;ssl=1\" alt=\"\" width=\"142\" height=\"220\" srcset=\"https:\/\/i0.wp.com\/www.manquepierda.com\/historiarealbetis\/files\/2017\/07\/JES%C3%9AS-Bern%C3%A1ldez-Moreno-Manos-Duras-FS055.jpg?resize=142%2C220&amp;ssl=1 142w, https:\/\/i0.wp.com\/www.manquepierda.com\/historiarealbetis\/files\/2017\/07\/JES%C3%9AS-Bern%C3%A1ldez-Moreno-Manos-Duras-FS055.jpg?resize=388%2C600&amp;ssl=1 388w, https:\/\/i0.wp.com\/www.manquepierda.com\/historiarealbetis\/files\/2017\/07\/JES%C3%9AS-Bern%C3%A1ldez-Moreno-Manos-Duras-FS055.jpg?resize=768%2C1189&amp;ssl=1 768w, https:\/\/i0.wp.com\/www.manquepierda.com\/historiarealbetis\/files\/2017\/07\/JES%C3%9AS-Bern%C3%A1ldez-Moreno-Manos-Duras-FS055.jpg?resize=452%2C700&amp;ssl=1 452w, https:\/\/i0.wp.com\/www.manquepierda.com\/historiarealbetis\/files\/2017\/07\/JES%C3%9AS-Bern%C3%A1ldez-Moreno-Manos-Duras-FS055.jpg?w=1080&amp;ssl=1 1080w\" sizes=\"auto, (max-width: 142px) 100vw, 142px\" \/><\/p>\n<p><strong>1-3 tantos encajados.-JES\u00daS Bern\u00e1ldez Moreno (a) \u00abManos Duras\u00bb.<\/strong><\/p>\n<p style=\"text-align: center\">Zagueros:<\/p>\n<p style=\"text-align: center\"><img data-recalc-dims=\"1\" loading=\"lazy\" decoding=\"async\" class=\"aligncenter size-thumbnail wp-image-59702\" src=\"https:\/\/i0.wp.com\/www.manquepierda.com\/historiarealbetis\/files\/2017\/07\/Lorenzo-TONDO-Gil-MMG.jpg?resize=139%2C220&#038;ssl=1\" alt=\"\" width=\"139\" height=\"220\" srcset=\"https:\/\/i0.wp.com\/www.manquepierda.com\/historiarealbetis\/files\/2017\/07\/Lorenzo-TONDO-Gil-MMG.jpg?resize=139%2C220&amp;ssl=1 139w, https:\/\/i0.wp.com\/www.manquepierda.com\/historiarealbetis\/files\/2017\/07\/Lorenzo-TONDO-Gil-MMG.jpg?resize=380%2C600&amp;ssl=1 380w, https:\/\/i0.wp.com\/www.manquepierda.com\/historiarealbetis\/files\/2017\/07\/Lorenzo-TONDO-Gil-MMG.jpg?resize=768%2C1213&amp;ssl=1 768w, https:\/\/i0.wp.com\/www.manquepierda.com\/historiarealbetis\/files\/2017\/07\/Lorenzo-TONDO-Gil-MMG.jpg?resize=443%2C700&amp;ssl=1 443w, https:\/\/i0.wp.com\/www.manquepierda.com\/historiarealbetis\/files\/2017\/07\/Lorenzo-TONDO-Gil-MMG.jpg?w=1047&amp;ssl=1 1047w\" sizes=\"auto, (max-width: 139px) 100vw, 139px\" \/><\/p>\n<p><strong>2-Lateral diestro.-Lorenzo TONDO Gil.<\/strong><\/p>\n<p style=\"text-align: center\"><img data-recalc-dims=\"1\" loading=\"lazy\" decoding=\"async\" class=\"aligncenter size-thumbnail wp-image-59703\" src=\"https:\/\/i0.wp.com\/www.manquepierda.com\/historiarealbetis\/files\/2017\/07\/JESUS%C3%8DN-Jes%C3%BAs-Alberto-Ruiz-Medrano-MMG.jpg?resize=137%2C220&#038;ssl=1\" alt=\"\" width=\"137\" height=\"220\" srcset=\"https:\/\/i0.wp.com\/www.manquepierda.com\/historiarealbetis\/files\/2017\/07\/JESUS%C3%8DN-Jes%C3%BAs-Alberto-Ruiz-Medrano-MMG.jpg?resize=137%2C220&amp;ssl=1 137w, https:\/\/i0.wp.com\/www.manquepierda.com\/historiarealbetis\/files\/2017\/07\/JESUS%C3%8DN-Jes%C3%BAs-Alberto-Ruiz-Medrano-MMG.jpg?resize=373%2C600&amp;ssl=1 373w, https:\/\/i0.wp.com\/www.manquepierda.com\/historiarealbetis\/files\/2017\/07\/JESUS%C3%8DN-Jes%C3%BAs-Alberto-Ruiz-Medrano-MMG.jpg?resize=768%2C1236&amp;ssl=1 768w, https:\/\/i0.wp.com\/www.manquepierda.com\/historiarealbetis\/files\/2017\/07\/JESUS%C3%8DN-Jes%C3%BAs-Alberto-Ruiz-Medrano-MMG.jpg?resize=435%2C700&amp;ssl=1 435w, https:\/\/i0.wp.com\/www.manquepierda.com\/historiarealbetis\/files\/2017\/07\/JESUS%C3%8DN-Jes%C3%BAs-Alberto-Ruiz-Medrano-MMG.jpg?w=1024&amp;ssl=1 1024w\" sizes=\"auto, (max-width: 137px) 100vw, 137px\" \/><\/p>\n<p><strong>3-Lateral zurdo.-Jes\u00fas Alberto Ruiz Medrano (a) \u00abJESUS\u00cdN\u00bb.-Capit\u00e1n.<\/strong><\/p>\n<p style=\"text-align: center\">Medios:<\/p>\n<p style=\"text-align: center\"><img data-recalc-dims=\"1\" loading=\"lazy\" decoding=\"async\" class=\"aligncenter size-thumbnail wp-image-59704\" src=\"https:\/\/i0.wp.com\/www.manquepierda.com\/historiarealbetis\/files\/2017\/07\/PERAL-Jos%C3%A9-Su%C3%A1rez-Gonz%C3%A1lez-MMG.jpg?resize=138%2C220&#038;ssl=1\" alt=\"\" width=\"138\" height=\"220\" srcset=\"https:\/\/i0.wp.com\/www.manquepierda.com\/historiarealbetis\/files\/2017\/07\/PERAL-Jos%C3%A9-Su%C3%A1rez-Gonz%C3%A1lez-MMG.jpg?resize=138%2C220&amp;ssl=1 138w, https:\/\/i0.wp.com\/www.manquepierda.com\/historiarealbetis\/files\/2017\/07\/PERAL-Jos%C3%A9-Su%C3%A1rez-Gonz%C3%A1lez-MMG.jpg?resize=375%2C600&amp;ssl=1 375w, https:\/\/i0.wp.com\/www.manquepierda.com\/historiarealbetis\/files\/2017\/07\/PERAL-Jos%C3%A9-Su%C3%A1rez-Gonz%C3%A1lez-MMG.jpg?resize=768%2C1229&amp;ssl=1 768w, https:\/\/i0.wp.com\/www.manquepierda.com\/historiarealbetis\/files\/2017\/07\/PERAL-Jos%C3%A9-Su%C3%A1rez-Gonz%C3%A1lez-MMG.jpg?resize=438%2C700&amp;ssl=1 438w, https:\/\/i0.wp.com\/www.manquepierda.com\/historiarealbetis\/files\/2017\/07\/PERAL-Jos%C3%A9-Su%C3%A1rez-Gonz%C3%A1lez-MMG.jpg?w=1025&amp;ssl=1 1025w\" sizes=\"auto, (max-width: 138px) 100vw, 138px\" \/><\/p>\n<p><strong>4-Diestro.-Jos\u00e9 Su\u00e1rez Gonz\u00e1lez (a) \u00abPERAL\u00bb.<\/strong><\/p>\n<p style=\"text-align: center\"><img data-recalc-dims=\"1\" loading=\"lazy\" decoding=\"async\" class=\"aligncenter size-thumbnail wp-image-59705\" src=\"https:\/\/i0.wp.com\/www.manquepierda.com\/historiarealbetis\/files\/2017\/07\/Enrique-SOLADRERO-Arbide-AS19330828.jpg?resize=118%2C220&#038;ssl=1\" alt=\"\" width=\"118\" height=\"220\" srcset=\"https:\/\/i0.wp.com\/www.manquepierda.com\/historiarealbetis\/files\/2017\/07\/Enrique-SOLADRERO-Arbide-AS19330828.jpg?resize=118%2C220&amp;ssl=1 118w, https:\/\/i0.wp.com\/www.manquepierda.com\/historiarealbetis\/files\/2017\/07\/Enrique-SOLADRERO-Arbide-AS19330828.jpg?resize=322%2C600&amp;ssl=1 322w, https:\/\/i0.wp.com\/www.manquepierda.com\/historiarealbetis\/files\/2017\/07\/Enrique-SOLADRERO-Arbide-AS19330828.jpg?resize=376%2C700&amp;ssl=1 376w, https:\/\/i0.wp.com\/www.manquepierda.com\/historiarealbetis\/files\/2017\/07\/Enrique-SOLADRERO-Arbide-AS19330828.jpg?w=504&amp;ssl=1 504w\" sizes=\"auto, (max-width: 118px) 100vw, 118px\" \/><\/p>\n<p><strong>5-Centro.-Enrique SOLADRERO Arbide.<\/strong><\/p>\n<p style=\"text-align: center\"><img data-recalc-dims=\"1\" loading=\"lazy\" decoding=\"async\" class=\"aligncenter size-thumbnail wp-image-59706\" src=\"https:\/\/i0.wp.com\/www.manquepierda.com\/historiarealbetis\/files\/2017\/07\/ADOLFITO-Adolfo-Sancho-Carrillo-De-Albornoz-MMG.jpg?resize=137%2C220&#038;ssl=1\" alt=\"\" width=\"137\" height=\"220\" srcset=\"https:\/\/i0.wp.com\/www.manquepierda.com\/historiarealbetis\/files\/2017\/07\/ADOLFITO-Adolfo-Sancho-Carrillo-De-Albornoz-MMG.jpg?resize=137%2C220&amp;ssl=1 137w, https:\/\/i0.wp.com\/www.manquepierda.com\/historiarealbetis\/files\/2017\/07\/ADOLFITO-Adolfo-Sancho-Carrillo-De-Albornoz-MMG.jpg?resize=374%2C600&amp;ssl=1 374w, https:\/\/i0.wp.com\/www.manquepierda.com\/historiarealbetis\/files\/2017\/07\/ADOLFITO-Adolfo-Sancho-Carrillo-De-Albornoz-MMG.jpg?resize=768%2C1231&amp;ssl=1 768w, https:\/\/i0.wp.com\/www.manquepierda.com\/historiarealbetis\/files\/2017\/07\/ADOLFITO-Adolfo-Sancho-Carrillo-De-Albornoz-MMG.jpg?resize=437%2C700&amp;ssl=1 437w, https:\/\/i0.wp.com\/www.manquepierda.com\/historiarealbetis\/files\/2017\/07\/ADOLFITO-Adolfo-Sancho-Carrillo-De-Albornoz-MMG.jpg?w=1026&amp;ssl=1 1026w\" sizes=\"auto, (max-width: 137px) 100vw, 137px\" \/><\/p>\n<p><strong>6-Zurdo.-Adolfo Sancho Carrillo De Albornoz (a) \u00abADOLFITO\u00bb-\u00abADOLFO I\u00bb.-<em>\u00abSe lesiona en una entrada \u00e1 Mar\u00edn, y a partir de este percance no puede rendir su juego, aunque permanece en el terreno de juego\u00bb.<\/em><\/strong><\/p>\n<p style=\"text-align: center\">Delanteros:<\/p>\n<p style=\"text-align: center\"><img data-recalc-dims=\"1\" loading=\"lazy\" decoding=\"async\" class=\"aligncenter size-thumbnail wp-image-59707\" src=\"https:\/\/i0.wp.com\/www.manquepierda.com\/historiarealbetis\/files\/2017\/07\/TIMIMI-Pedro-Gonz%C3%A1lez-S%C3%A1nchez.jpg?resize=137%2C220&#038;ssl=1\" alt=\"\" width=\"137\" height=\"220\" srcset=\"https:\/\/i0.wp.com\/www.manquepierda.com\/historiarealbetis\/files\/2017\/07\/TIMIMI-Pedro-Gonz%C3%A1lez-S%C3%A1nchez.jpg?resize=137%2C220&amp;ssl=1 137w, https:\/\/i0.wp.com\/www.manquepierda.com\/historiarealbetis\/files\/2017\/07\/TIMIMI-Pedro-Gonz%C3%A1lez-S%C3%A1nchez.jpg?w=229&amp;ssl=1 229w\" sizes=\"auto, (max-width: 137px) 100vw, 137px\" \/><\/p>\n<p><strong>7-Extremo diestro.-Pedro Gonz\u00e1lez S\u00e1nchez (a) \u00abTIMIMI\u00bb.-Marc\u00f3:<\/strong><\/p>\n<p><em><strong>1-1.-37 minutos.-Los verdiblancos logran sacudirse el dominio de los rojiblancos, y en un pase adelantado de Soladrero \u00e1 Pedro Gonz\u00e1lez, \u00e9ste corre la l\u00ednea y se interna, llegando hasta muy cerca de la porter\u00eda. <\/strong><\/em><\/p>\n<p style=\"text-align: left\"><em><strong>Acude Arteaga \u00e1 despejar, y \u00abTimimi\u00bb le sortea, sali\u00e9ndole al paso Arater ya en el mismo marco; pero el ala derecha b\u00e9tico entra con enorme decisi\u00f3n y clava el pelot\u00f3n en las mallas, sin que Antonio, que se tir\u00f3 \u00e1 sus pies, pudiera evitar el gol. <\/strong><\/em><em><strong>El p\u00fablico aplaude largamente la jugada\u00bb.<\/strong><\/em><\/p>\n<p style=\"text-align: center\"><img data-recalc-dims=\"1\" loading=\"lazy\" decoding=\"async\" class=\"aligncenter size-thumbnail wp-image-59708\" src=\"https:\/\/i0.wp.com\/www.manquepierda.com\/historiarealbetis\/files\/2017\/07\/ADOLFO-II-AdolfoMart%C3%ADnGonz%C3%A1lez.jpg?resize=118%2C220&#038;ssl=1\" alt=\"\" width=\"118\" height=\"220\" srcset=\"https:\/\/i0.wp.com\/www.manquepierda.com\/historiarealbetis\/files\/2017\/07\/ADOLFO-II-AdolfoMart%C3%ADnGonz%C3%A1lez.jpg?resize=118%2C220&amp;ssl=1 118w, https:\/\/i0.wp.com\/www.manquepierda.com\/historiarealbetis\/files\/2017\/07\/ADOLFO-II-AdolfoMart%C3%ADnGonz%C3%A1lez.jpg?w=186&amp;ssl=1 186w\" sizes=\"auto, (max-width: 118px) 100vw, 118px\" \/><\/p>\n<p><strong>8-Interior diestro.-Adolfo Mart\u00edn Gonz\u00e1lez (a) \u00abADOLFO II\u00bb.<\/strong><\/p>\n<p style=\"text-align: center\"><img data-recalc-dims=\"1\" loading=\"lazy\" decoding=\"async\" class=\"aligncenter size-thumbnail wp-image-59709\" src=\"https:\/\/i0.wp.com\/www.manquepierda.com\/historiarealbetis\/files\/2017\/07\/Jos%C3%A9-ALTUNA-Echegoyen-19300126.jpg?resize=79%2C220&#038;ssl=1\" alt=\"\" width=\"79\" height=\"220\" srcset=\"https:\/\/i0.wp.com\/www.manquepierda.com\/historiarealbetis\/files\/2017\/07\/Jos%C3%A9-ALTUNA-Echegoyen-19300126.jpg?resize=79%2C220&amp;ssl=1 79w, https:\/\/i0.wp.com\/www.manquepierda.com\/historiarealbetis\/files\/2017\/07\/Jos%C3%A9-ALTUNA-Echegoyen-19300126.jpg?resize=253%2C700&amp;ssl=1 253w, https:\/\/i0.wp.com\/www.manquepierda.com\/historiarealbetis\/files\/2017\/07\/Jos%C3%A9-ALTUNA-Echegoyen-19300126.jpg?w=628&amp;ssl=1 628w\" sizes=\"auto, (max-width: 79px) 100vw, 79px\" \/><\/p>\n<p><strong>9-Centro delantero-Ariete.-Jos\u00e9 ALTUNA Echegoyen.<\/strong><\/p>\n<p style=\"text-align: center\"><img data-recalc-dims=\"1\" loading=\"lazy\" decoding=\"async\" class=\"aligncenter size-thumbnail wp-image-59710\" src=\"https:\/\/i0.wp.com\/www.manquepierda.com\/historiarealbetis\/files\/2017\/07\/ENRIQUE-Garrido-Reguera1930.jpg?resize=164%2C220&#038;ssl=1\" alt=\"\" width=\"164\" height=\"220\" srcset=\"https:\/\/i0.wp.com\/www.manquepierda.com\/historiarealbetis\/files\/2017\/07\/ENRIQUE-Garrido-Reguera1930.jpg?resize=164%2C220&amp;ssl=1 164w, https:\/\/i0.wp.com\/www.manquepierda.com\/historiarealbetis\/files\/2017\/07\/ENRIQUE-Garrido-Reguera1930.jpg?resize=446%2C600&amp;ssl=1 446w, https:\/\/i0.wp.com\/www.manquepierda.com\/historiarealbetis\/files\/2017\/07\/ENRIQUE-Garrido-Reguera1930.jpg?w=464&amp;ssl=1 464w\" sizes=\"auto, (max-width: 164px) 100vw, 164px\" \/><\/p>\n<p><strong>10-Interior zurdo.-ENRIQUE Garrido Reguera.<\/strong><\/p>\n<p style=\"text-align: center\"><img data-recalc-dims=\"1\" loading=\"lazy\" decoding=\"async\" class=\"aligncenter size-thumbnail wp-image-59711\" src=\"https:\/\/i0.wp.com\/www.manquepierda.com\/historiarealbetis\/files\/2017\/07\/Rafael-SANZ1930-1.jpg?resize=165%2C220&#038;ssl=1\" alt=\"\" width=\"165\" height=\"220\" srcset=\"https:\/\/i0.wp.com\/www.manquepierda.com\/historiarealbetis\/files\/2017\/07\/Rafael-SANZ1930-1.jpg?resize=165%2C220&amp;ssl=1 165w, https:\/\/i0.wp.com\/www.manquepierda.com\/historiarealbetis\/files\/2017\/07\/Rafael-SANZ1930-1.jpg?resize=450%2C600&amp;ssl=1 450w, https:\/\/i0.wp.com\/www.manquepierda.com\/historiarealbetis\/files\/2017\/07\/Rafael-SANZ1930-1.jpg?w=480&amp;ssl=1 480w\" sizes=\"auto, (max-width: 165px) 100vw, 165px\" \/><\/p>\n<p><strong>11-Extremo zurdo.-Rafael SANZ-Marc\u00f3:<\/strong><\/p>\n<p style=\"text-align: left\"><em><strong>2-2.-60 minutos.-\u00abEl Real Betis Balompi\u00e9 lucha con enorme entusiasmo para contrarrestar la acometidad de sus rivales. En una arrancada, Arteaga va por un bal\u00f3n dentro de su \u00e1rea, y al escap\u00e1rsele, trata de llev\u00e1rselo d\u00e1ndole al cuero un fuerte manotazo.<\/strong><\/em><\/p>\n<p style=\"text-align: left\"><em><strong>La falta es clar\u00edsima y Arribas concede pena m\u00e1xima. Rafael se encarga de lanzar el bal\u00f3n muy colocado al \u00e1ngulo fusilando al arquero Antonio L\u00f3pez Anido\u00bb.<\/strong><\/em><\/p>\n<p style=\"text-align: center\">Vs.<\/p>\n<p>SEGUNDO CLASIFICADO CON 10 PUNTOS (5-ganados+0-empatados+2-perdidos) 18-12 Tantos Favor-Contra.<\/p>\n<p style=\"text-align: center\"><strong>Presidente don Rafael Gonz\u00e1lez Iglesias.<\/strong><\/p>\n<p style=\"text-align: center\">Entrenador Rudolf Jeny.<\/p>\n<p style=\"text-align: center\">ATHL\u00c9TICO DE MADRID-3 Tantos.<\/p>\n<p style=\"text-align: center\"><img data-recalc-dims=\"1\" loading=\"lazy\" decoding=\"async\" class=\"aligncenter size-full wp-image-59712\" src=\"https:\/\/i0.wp.com\/www.manquepierda.com\/historiarealbetis\/files\/2017\/07\/antonio-lopez-anido.jpg?resize=80%2C100&#038;ssl=1\" alt=\"\" width=\"80\" height=\"100\" \/><\/p>\n<p>1-<strong>2 goles encajados.-<\/strong>ANTONIO L\u00f3pez Anido.<\/p>\n<p>2-Narciso CORRAL Fraga.-3-Joaqu\u00edn ARATER Clos.<\/p>\n<p>4-Guillermo ILLERA Cacho.-5-Vicente De SANTOS Troya.-6-Arcadio ARTEAGA O\u00f1ate.<\/p>\n<p>7-Lu\u00eds MAR\u00cdN Sabater.-8-Santiago LOSADA Amor.<\/p>\n<p style=\"text-align: center\"><img data-recalc-dims=\"1\" loading=\"lazy\" decoding=\"async\" class=\"aligncenter size-full wp-image-59714\" src=\"https:\/\/i0.wp.com\/www.manquepierda.com\/historiarealbetis\/files\/2017\/07\/ciriaco-cuesta.jpg?resize=80%2C100&#038;ssl=1\" alt=\"\" width=\"80\" height=\"100\" \/><\/p>\n<p>9-Ciriaco CUESTA Sanz-Marc\u00f3:<\/p>\n<p><strong>1-2.-42 minutos.-\u00abRecibe un pase de F\u00e9lix P\u00e9rez, y de un chut muy colocado bate al meta Jes\u00fas. Marcador final del primer tiempo.<\/strong><\/p>\n<p>10-F\u00e9lix P\u00c9REZ Marco (Capit\u00e1n).<\/p>\n<p style=\"text-align: center\"><img data-recalc-dims=\"1\" loading=\"lazy\" decoding=\"async\" class=\"aligncenter size-full wp-image-59713\" src=\"https:\/\/i0.wp.com\/www.manquepierda.com\/historiarealbetis\/files\/2017\/07\/francisco-del-coso.jpg?resize=80%2C100&#038;ssl=1\" alt=\"\" width=\"80\" height=\"100\" \/><\/p>\n<p>11-Francisco DEL COSO Villamediana-Logr\u00f3:<\/p>\n<p><strong>0-1.-22 minutos.-\u00abQue aprovech\u00f3 un centro templad\u00edsimo de Mar\u00edn, no teniendo m\u00e1s que meter el pi\u00e9 al bal\u00f3n que entr\u00f3 por un \u00e1ngulo, Jes\u00fas se hallaba al otro extremo de su meta\u00bb.<\/strong><\/p>\n<p><strong>2-3.-70 minutos.-\u00abFrancisco se interna, y aprovechando una indecisi\u00f3n de Tondo, chuta fuerte el pelot\u00f3n y bate \u00e1 Jes\u00fas\u00bb.-Marcador final del encuentro.<\/strong><\/p>\n<p>RECORTES DE PRENSA \u00abABC\u00bb-Sevilla y \u00abAHORA\u00bb-Madrid.<\/p>\n<p style=\"text-align: center\"><img data-recalc-dims=\"1\" loading=\"lazy\" decoding=\"async\" class=\"aligncenter size-full wp-image-59715\" src=\"https:\/\/i0.wp.com\/www.manquepierda.com\/historiarealbetis\/files\/2017\/07\/19310120-OSELITO-Notas-sueltas.jpg?resize=1290%2C2485&#038;ssl=1\" alt=\"\" width=\"1290\" height=\"2485\" srcset=\"https:\/\/i0.wp.com\/www.manquepierda.com\/historiarealbetis\/files\/2017\/07\/19310120-OSELITO-Notas-sueltas.jpg?w=1446&amp;ssl=1 1446w, https:\/\/i0.wp.com\/www.manquepierda.com\/historiarealbetis\/files\/2017\/07\/19310120-OSELITO-Notas-sueltas.jpg?resize=114%2C220&amp;ssl=1 114w, https:\/\/i0.wp.com\/www.manquepierda.com\/historiarealbetis\/files\/2017\/07\/19310120-OSELITO-Notas-sueltas.jpg?resize=312%2C600&amp;ssl=1 312w, https:\/\/i0.wp.com\/www.manquepierda.com\/historiarealbetis\/files\/2017\/07\/19310120-OSELITO-Notas-sueltas.jpg?resize=768%2C1479&amp;ssl=1 768w, https:\/\/i0.wp.com\/www.manquepierda.com\/historiarealbetis\/files\/2017\/07\/19310120-OSELITO-Notas-sueltas.jpg?resize=363%2C700&amp;ssl=1 363w\" sizes=\"auto, (max-width: 1290px) 100vw, 1290px\" \/><\/p>\n<p>&nbsp;<\/p>\n<p>&nbsp;<\/p>\n<p>&nbsp;<\/p>\n","protected":false},"excerpt":{"rendered":"<p>\u00abEn Sevilla, en la s\u00e9ptima jornada, fue derrotado el Betis por vez primera, por tres \u00e1 dos, frente al Athl\u00e9tic de Madrid. Se achac\u00f3 la p\u00e9rdida a la colocaci\u00f3n de Altuna en el eje del ataque, por lesi\u00f3n del titular-Rosendo Romero Garc\u00eda (a) \u00abel chato\u00bb-en el partido con el Sevilla. Altuna fracas\u00f3, rompiendo la l\u00ednea,&#8230;<\/p>\n","protected":false},"author":48,"featured_media":59697,"comment_status":"open","ping_status":"open","sticky":false,"template":"","format":"standard","meta":{"_kad_post_transparent":"","_kad_post_title":"","_kad_post_layout":"","_kad_post_sidebar_id":"","_kad_post_content_style":"","_kad_post_vertical_padding":"","_kad_post_feature":"","_kad_post_feature_position":"","_kad_post_header":false,"_kad_post_footer":false,"_kad_post_classname":"","_jetpack_memberships_contains_paid_content":false,"footnotes":"","jetpack_publicize_message":"","jetpack_publicize_feature_enabled":true,"jetpack_social_post_already_shared":true,"jetpack_social_options":{"image_generator_settings":{"template":"highway","default_image_id":0,"font":"","enabled":false},"version":2}},"categories":[899,1],"tags":[2925,1029,15850,13849,18000],"class_list":["post-59695","post","type-post","status-publish","format-standard","has-post-thumbnail","hentry","category-1930-1939","category-portada","tag-1930-31","tag-1029","tag-athletic-club-madrid","tag-club-atletico-de-madrid","tag-liga-segunda-1930-31"],"jetpack_publicize_connections":[],"jetpack_featured_media_url":"https:\/\/i0.wp.com\/www.manquepierda.com\/historiarealbetis\/files\/2017\/07\/19310118FS%C3%A1mchezPando-LUI.jpg?fit=1417%2C735&ssl=1","jetpack_sharing_enabled":true,"jetpack_shortlink":"https:\/\/wp.me\/p1ij08-fwP","jetpack-related-posts":[],"_links":{"self":[{"href":"https:\/\/www.manquepierda.com\/historiarealbetis\/wp-json\/wp\/v2\/posts\/59695","targetHints":{"allow":["GET"]}}],"collection":[{"href":"https:\/\/www.manquepierda.com\/historiarealbetis\/wp-json\/wp\/v2\/posts"}],"about":[{"href":"https:\/\/www.manquepierda.com\/historiarealbetis\/wp-json\/wp\/v2\/types\/post"}],"author":[{"embeddable":true,"href":"https:\/\/www.manquepierda.com\/historiarealbetis\/wp-json\/wp\/v2\/users\/48"}],"replies":[{"embeddable":true,"href":"https:\/\/www.manquepierda.com\/historiarealbetis\/wp-json\/wp\/v2\/comments?post=59695"}],"version-history":[{"count":1,"href":"https:\/\/www.manquepierda.com\/historiarealbetis\/wp-json\/wp\/v2\/posts\/59695\/revisions"}],"predecessor-version":[{"id":97973,"href":"https:\/\/www.manquepierda.com\/historiarealbetis\/wp-json\/wp\/v2\/posts\/59695\/revisions\/97973"}],"wp:featuredmedia":[{"embeddable":true,"href":"https:\/\/www.manquepierda.com\/historiarealbetis\/wp-json\/wp\/v2\/media\/59697"}],"wp:attachment":[{"href":"https:\/\/www.manquepierda.com\/historiarealbetis\/wp-json\/wp\/v2\/media?parent=59695"}],"wp:term":[{"taxonomy":"category","embeddable":true,"href":"https:\/\/www.manquepierda.com\/historiarealbetis\/wp-json\/wp\/v2\/categories?post=59695"},{"taxonomy":"post_tag","embeddable":true,"href":"https:\/\/www.manquepierda.com\/historiarealbetis\/wp-json\/wp\/v2\/tags?post=59695"}],"curies":[{"name":"wp","href":"https:\/\/api.w.org\/{rel}","templated":true}]}}