{"id":59749,"date":"2017-07-12T07:40:19","date_gmt":"2017-07-12T05:40:19","guid":{"rendered":"http:\/\/www.manquepierda.com\/historiarealbetis\/?p=59749"},"modified":"2024-09-15T11:09:54","modified_gmt":"2024-09-15T09:09:54","slug":"sabadell-betis-liga-1968","status":"publish","type":"post","link":"https:\/\/www.manquepierda.com\/historiarealbetis\/sabadell-betis-liga-1968\/","title":{"rendered":"Sabadell-Betis Liga 1968"},"content":{"rendered":"<p><a href=\"https:\/\/i0.wp.com\/www.manquepierda.com\/historiarealbetis\/files\/2017\/07\/Sabadell-Betis-Liga-1968-NMP-Diario-de-Sabadell-28-01-1968.jpg?ssl=1\"><img data-recalc-dims=\"1\" loading=\"lazy\" decoding=\"async\" class=\"aligncenter size-medium wp-image-59750\" src=\"https:\/\/i0.wp.com\/www.manquepierda.com\/historiarealbetis\/files\/2017\/07\/Sabadell-Betis-Liga-1968-NMP-Diario-de-Sabadell-28-01-1968.jpg?resize=680%2C474&#038;ssl=1\" alt=\"\" width=\"680\" height=\"474\" srcset=\"https:\/\/i0.wp.com\/www.manquepierda.com\/historiarealbetis\/files\/2017\/07\/Sabadell-Betis-Liga-1968-NMP-Diario-de-Sabadell-28-01-1968.jpg?resize=680%2C474&amp;ssl=1 680w, https:\/\/i0.wp.com\/www.manquepierda.com\/historiarealbetis\/files\/2017\/07\/Sabadell-Betis-Liga-1968-NMP-Diario-de-Sabadell-28-01-1968.jpg?resize=220%2C153&amp;ssl=1 220w, https:\/\/i0.wp.com\/www.manquepierda.com\/historiarealbetis\/files\/2017\/07\/Sabadell-Betis-Liga-1968-NMP-Diario-de-Sabadell-28-01-1968.jpg?resize=768%2C536&amp;ssl=1 768w, https:\/\/i0.wp.com\/www.manquepierda.com\/historiarealbetis\/files\/2017\/07\/Sabadell-Betis-Liga-1968-NMP-Diario-de-Sabadell-28-01-1968.jpg?resize=960%2C670&amp;ssl=1 960w, https:\/\/i0.wp.com\/www.manquepierda.com\/historiarealbetis\/files\/2017\/07\/Sabadell-Betis-Liga-1968-NMP-Diario-de-Sabadell-28-01-1968.jpg?resize=75%2C52&amp;ssl=1 75w, https:\/\/i0.wp.com\/www.manquepierda.com\/historiarealbetis\/files\/2017\/07\/Sabadell-Betis-Liga-1968-NMP-Diario-de-Sabadell-28-01-1968.jpg?w=1224&amp;ssl=1 1224w\" sizes=\"auto, (max-width: 680px) 100vw, 680px\" \/><\/a><\/p>\n<p>28 de enero de 1968 en la Nova Creu Alta Sabadell 3 Betis 1; jornada 18 del Campeonato de Liga de Primera Divisi\u00f3n.<\/p>\n<p>En la imagen un remate del delantero peruano del Sabadell Juan Roberto Seminario ante la oposici\u00f3n del defensor b\u00e9tico Eusebio R\u00edos. Al lado observa la jugada otro defensor b\u00e9tico, Francisco Grau.<\/p>\n<p>El Betis viste camiseta verde, pantal\u00f3n blanco y las medias verdiblancas horizontales caracter\u00edsticas de la d\u00e9cada de los 60.<\/p>\n<p>Bernardo P\u00e9rez \u00abPasieguto\u00bb entrenaba al Sabadell y Sabino Barinaga al Betis.<\/p>\n","protected":false},"excerpt":{"rendered":"<p>28 de enero de 1968 en la Nova Creu Alta Sabadell 3 Betis 1; jornada 18 del Campeonato de Liga de Primera Divisi\u00f3n. En la imagen un remate del delantero peruano del Sabadell Juan Roberto Seminario ante la oposici\u00f3n del defensor b\u00e9tico Eusebio R\u00edos. Al lado observa la jugada otro defensor b\u00e9tico, Francisco Grau. El&#8230;<\/p>\n","protected":false},"author":5,"featured_media":59750,"comment_status":"open","ping_status":"open","sticky":false,"template":"","format":"standard","meta":{"_kad_post_transparent":"","_kad_post_title":"","_kad_post_layout":"","_kad_post_sidebar_id":"","_kad_post_content_style":"","_kad_post_vertical_padding":"","_kad_post_feature":"","_kad_post_feature_position":"","_kad_post_header":false,"_kad_post_footer":false,"_kad_post_classname":"","_jetpack_memberships_contains_paid_content":false,"footnotes":"","jetpack_publicize_message":"","jetpack_publicize_feature_enabled":true,"jetpack_social_post_already_shared":true,"jetpack_social_options":{"image_generator_settings":{"template":"highway","default_image_id":0,"font":"","enabled":false},"version":2}},"categories":[902,1],"tags":[2085,2083,17047,1212,1615,17793],"class_list":["post-59749","post","type-post","status-publish","format-standard","has-post-thumbnail","hentry","category-1960-1969","category-portada","tag-1967-68","tag-2083","tag-ce-sabadell","tag-eusebio-rios","tag-francisco-grau","tag-liga-primera-1967-68"],"jetpack_publicize_connections":[],"jetpack_featured_media_url":"https:\/\/i0.wp.com\/www.manquepierda.com\/historiarealbetis\/files\/2017\/07\/Sabadell-Betis-Liga-1968-NMP-Diario-de-Sabadell-28-01-1968.jpg?fit=1224%2C854&ssl=1","jetpack_sharing_enabled":true,"jetpack_shortlink":"https:\/\/wp.me\/p1ij08-fxH","jetpack-related-posts":[],"_links":{"self":[{"href":"https:\/\/www.manquepierda.com\/historiarealbetis\/wp-json\/wp\/v2\/posts\/59749","targetHints":{"allow":["GET"]}}],"collection":[{"href":"https:\/\/www.manquepierda.com\/historiarealbetis\/wp-json\/wp\/v2\/posts"}],"about":[{"href":"https:\/\/www.manquepierda.com\/historiarealbetis\/wp-json\/wp\/v2\/types\/post"}],"author":[{"embeddable":true,"href":"https:\/\/www.manquepierda.com\/historiarealbetis\/wp-json\/wp\/v2\/users\/5"}],"replies":[{"embeddable":true,"href":"https:\/\/www.manquepierda.com\/historiarealbetis\/wp-json\/wp\/v2\/comments?post=59749"}],"version-history":[{"count":1,"href":"https:\/\/www.manquepierda.com\/historiarealbetis\/wp-json\/wp\/v2\/posts\/59749\/revisions"}],"predecessor-version":[{"id":95695,"href":"https:\/\/www.manquepierda.com\/historiarealbetis\/wp-json\/wp\/v2\/posts\/59749\/revisions\/95695"}],"wp:featuredmedia":[{"embeddable":true,"href":"https:\/\/www.manquepierda.com\/historiarealbetis\/wp-json\/wp\/v2\/media\/59750"}],"wp:attachment":[{"href":"https:\/\/www.manquepierda.com\/historiarealbetis\/wp-json\/wp\/v2\/media?parent=59749"}],"wp:term":[{"taxonomy":"category","embeddable":true,"href":"https:\/\/www.manquepierda.com\/historiarealbetis\/wp-json\/wp\/v2\/categories?post=59749"},{"taxonomy":"post_tag","embeddable":true,"href":"https:\/\/www.manquepierda.com\/historiarealbetis\/wp-json\/wp\/v2\/tags?post=59749"}],"curies":[{"name":"wp","href":"https:\/\/api.w.org\/{rel}","templated":true}]}}