{"id":59781,"date":"2021-07-17T10:30:00","date_gmt":"2021-07-17T08:30:00","guid":{"rendered":"http:\/\/www.manquepierda.com\/historiarealbetis\/?p=59781"},"modified":"2021-06-19T10:24:49","modified_gmt":"2021-06-19T08:24:49","slug":"hoy-96-anos-3","status":"publish","type":"post","link":"https:\/\/www.manquepierda.com\/historiarealbetis\/hoy-96-anos-3\/","title":{"rendered":"Hoy hace 100 a\u00f1os. Nace Julio De la Puerta."},"content":{"rendered":"<p><a href=\"https:\/\/i0.wp.com\/www.manquepierda.com\/historiarealbetis\/files\/2017\/07\/17-1921-Nace-Julio-De-la-Puerta.jpg?ssl=1\"><img data-recalc-dims=\"1\" loading=\"lazy\" decoding=\"async\" class=\"aligncenter size-full wp-image-59782\" src=\"https:\/\/i0.wp.com\/www.manquepierda.com\/historiarealbetis\/files\/2017\/07\/17-1921-Nace-Julio-De-la-Puerta.jpg?resize=348%2C550&#038;ssl=1\" alt=\"\" width=\"348\" height=\"550\" srcset=\"https:\/\/i0.wp.com\/www.manquepierda.com\/historiarealbetis\/files\/2017\/07\/17-1921-Nace-Julio-De-la-Puerta.jpg?w=348&amp;ssl=1 348w, https:\/\/i0.wp.com\/www.manquepierda.com\/historiarealbetis\/files\/2017\/07\/17-1921-Nace-Julio-De-la-Puerta.jpg?resize=139%2C220&amp;ssl=1 139w\" sizes=\"auto, (max-width: 348px) 100vw, 348px\" \/><\/a><\/p>\n<p><span style=\"color: #008000\">El 17 de julio de 1921 nace en Osuna Julio De la Puerta Castro, quien fuera presidente del Real Betis Balompi\u00e9 entre el 30 de enero de 1967 &nbsp;y el 5 de febrero de 1969.<\/span><\/p>\n<p><span style=\"color: #008000\">Con anterioridad Julio De la Puerta fue vocal entre 1962 y 1964 en la directiva de Benito Villamar\u00edn y vicepresidente segundo con Andr\u00e9s Gavi\u00f1o en 1966.<\/span><\/p>\n","protected":false},"excerpt":{"rendered":"<p>El 17 de julio de 1921 nace en Osuna Julio De la Puerta Castro, quien fuera presidente del Real Betis Balompi\u00e9 entre el 30 de enero de 1967 &nbsp;y el 5 de febrero de 1969. Con anterioridad Julio De la Puerta fue vocal entre 1962 y 1964 en la directiva de Benito Villamar\u00edn y vicepresidente&#8230;<\/p>\n","protected":false},"author":5,"featured_media":59782,"comment_status":"open","ping_status":"open","sticky":false,"template":"","format":"standard","meta":{"_kad_post_transparent":"","_kad_post_title":"","_kad_post_layout":"","_kad_post_sidebar_id":"","_kad_post_content_style":"","_kad_post_vertical_padding":"","_kad_post_feature":"","_kad_post_feature_position":"","_kad_post_header":false,"_kad_post_footer":false,"_kad_post_classname":"","_jetpack_memberships_contains_paid_content":false,"footnotes":"","jetpack_publicize_message":"","jetpack_publicize_feature_enabled":true,"jetpack_social_post_already_shared":true,"jetpack_social_options":{"image_generator_settings":{"template":"highway","default_image_id":0,"font":"","enabled":false},"version":2}},"categories":[898,14583,1],"tags":[1248],"class_list":["post-59781","post","type-post","status-publish","format-standard","has-post-thumbnail","hentry","category-1920-1929","category-efemerides","category-portada","tag-julio-de-la-puerta"],"jetpack_publicize_connections":[],"jetpack_featured_media_url":"https:\/\/i0.wp.com\/www.manquepierda.com\/historiarealbetis\/files\/2017\/07\/17-1921-Nace-Julio-De-la-Puerta.jpg?fit=348%2C550&ssl=1","jetpack_sharing_enabled":true,"jetpack_shortlink":"https:\/\/wp.me\/p1ij08-fyd","jetpack-related-posts":[],"_links":{"self":[{"href":"https:\/\/www.manquepierda.com\/historiarealbetis\/wp-json\/wp\/v2\/posts\/59781","targetHints":{"allow":["GET"]}}],"collection":[{"href":"https:\/\/www.manquepierda.com\/historiarealbetis\/wp-json\/wp\/v2\/posts"}],"about":[{"href":"https:\/\/www.manquepierda.com\/historiarealbetis\/wp-json\/wp\/v2\/types\/post"}],"author":[{"embeddable":true,"href":"https:\/\/www.manquepierda.com\/historiarealbetis\/wp-json\/wp\/v2\/users\/5"}],"replies":[{"embeddable":true,"href":"https:\/\/www.manquepierda.com\/historiarealbetis\/wp-json\/wp\/v2\/comments?post=59781"}],"version-history":[{"count":0,"href":"https:\/\/www.manquepierda.com\/historiarealbetis\/wp-json\/wp\/v2\/posts\/59781\/revisions"}],"wp:featuredmedia":[{"embeddable":true,"href":"https:\/\/www.manquepierda.com\/historiarealbetis\/wp-json\/wp\/v2\/media\/59782"}],"wp:attachment":[{"href":"https:\/\/www.manquepierda.com\/historiarealbetis\/wp-json\/wp\/v2\/media?parent=59781"}],"wp:term":[{"taxonomy":"category","embeddable":true,"href":"https:\/\/www.manquepierda.com\/historiarealbetis\/wp-json\/wp\/v2\/categories?post=59781"},{"taxonomy":"post_tag","embeddable":true,"href":"https:\/\/www.manquepierda.com\/historiarealbetis\/wp-json\/wp\/v2\/tags?post=59781"}],"curies":[{"name":"wp","href":"https:\/\/api.w.org\/{rel}","templated":true}]}}