{"id":59810,"date":"2017-07-11T17:42:00","date_gmt":"2017-07-11T15:42:00","guid":{"rendered":"http:\/\/www.manquepierda.com\/historiarealbetis\/?p=59810"},"modified":"2024-08-14T16:00:19","modified_gmt":"2024-08-14T14:00:19","slug":"1931-enero-25-segunda-division-real-oviedo-cf-2-real-betis-balompie-2-recortes-prensa","status":"publish","type":"post","link":"https:\/\/www.manquepierda.com\/historiarealbetis\/1931-enero-25-segunda-division-real-oviedo-cf-2-real-betis-balompie-2-recortes-prensa\/","title":{"rendered":"1931-Enero 25.-Segunda Divisi\u00f3n.-Real Oviedo Cf-2 Real Betis Balompi\u00e9-2.-Recortes Prensa."},"content":{"rendered":"<p>TERCERA EDICI\u00d3N-CAMPEONATO NACIONAL LIGA SEGUNDA DIVISI\u00d3N-TEMPORADA 1930-1931 DESDE DOMINGO 7 DICIEMBRE 1930 HASTA DOMINGO 5 ABRIL 1931-AMBAS FECHAS INCLUSIVE<\/p>\n<p style=\"text-align: center\"><img data-recalc-dims=\"1\" loading=\"lazy\" decoding=\"async\" class=\"aligncenter size-full wp-image-59812\" src=\"https:\/\/i0.wp.com\/www.manquepierda.com\/historiarealbetis\/files\/2017\/07\/662x372a_03113144teatinos.jpg?resize=662%2C384&#038;ssl=1\" alt=\"\" width=\"662\" height=\"384\" srcset=\"https:\/\/i0.wp.com\/www.manquepierda.com\/historiarealbetis\/files\/2017\/07\/662x372a_03113144teatinos.jpg?w=662&amp;ssl=1 662w, https:\/\/i0.wp.com\/www.manquepierda.com\/historiarealbetis\/files\/2017\/07\/662x372a_03113144teatinos.jpg?resize=220%2C128&amp;ssl=1 220w\" sizes=\"auto, (max-width: 662px) 100vw, 662px\" \/><\/p>\n<p style=\"text-align: center\">Fuente.-Cortes\u00eda-Web Oficial Real Oviedo\/Estadios\/Teatinos.<\/p>\n<figure id=\"attachment_59813\" aria-describedby=\"caption-attachment-59813\" style=\"width: 717px\" class=\"wp-caption aligncenter\"><img data-recalc-dims=\"1\" loading=\"lazy\" decoding=\"async\" class=\"size-full wp-image-59813\" src=\"https:\/\/i0.wp.com\/www.manquepierda.com\/historiarealbetis\/files\/2017\/07\/Alineaci%C3%B3n-Oviedo-Betis-Liga-1931-NMP-El-Carbay%C3%B3n-27-01-1931.jpg?resize=717%2C502&#038;ssl=1\" alt=\"\" width=\"717\" height=\"502\" srcset=\"https:\/\/i0.wp.com\/www.manquepierda.com\/historiarealbetis\/files\/2017\/07\/Alineaci%C3%B3n-Oviedo-Betis-Liga-1931-NMP-El-Carbay%C3%B3n-27-01-1931.jpg?w=717&amp;ssl=1 717w, https:\/\/i0.wp.com\/www.manquepierda.com\/historiarealbetis\/files\/2017\/07\/Alineaci%C3%B3n-Oviedo-Betis-Liga-1931-NMP-El-Carbay%C3%B3n-27-01-1931.jpg?resize=220%2C154&amp;ssl=1 220w, https:\/\/i0.wp.com\/www.manquepierda.com\/historiarealbetis\/files\/2017\/07\/Alineaci%C3%B3n-Oviedo-Betis-Liga-1931-NMP-El-Carbay%C3%B3n-27-01-1931.jpg?resize=680%2C476&amp;ssl=1 680w, https:\/\/i0.wp.com\/www.manquepierda.com\/historiarealbetis\/files\/2017\/07\/Alineaci%C3%B3n-Oviedo-Betis-Liga-1931-NMP-El-Carbay%C3%B3n-27-01-1931.jpg?resize=75%2C52&amp;ssl=1 75w\" sizes=\"auto, (max-width: 717px) 100vw, 717px\" \/><figcaption id=\"caption-attachment-59813\" class=\"wp-caption-text\">Fuente.-\u00abEl Carbay\u00f3n\u00bb-Lunes 27 de Enero de 1931.-<strong>De pie y de izquierda \u00e1 derecha: PEDROSA-SOLADRERO-ADOLFO-MART\u00cdN-TONDO-CARRE\u00d1O-\u00abPERAL\u00bb-ENRIQUE-ARANDA Y SANZ.-AGACHADOS.MISMO ORDEN: \u00abTIMIMI\u00bb-<\/strong>chaval negrito mascota del Real Oviedo-<strong>JES\u00daS \u00abManos duras\u00bb.<\/strong><\/figcaption><\/figure>\n<p><strong>1931-ENERO 25-DOMINGO EN ASTURIAS-CAMPO DE FUTBOL \u00abTEATINOS\u00bb-OVIEDO.-OCTAVA JORNADA.-Arbitr\u00f3 el colegiado vallisoletano, Eloy Hern\u00e1ndez Areces.<\/strong><\/p>\n<p style=\"text-align: left\"><strong>2\u00ba CLASIFICADO CON 12 PUNTOS (5-GANADOS+1-EMPATADO+2-PERDIDOS) 18-GOLES A FAVOR Y 11-TANTOS EN CONTRA.<\/strong><\/p>\n<p style=\"text-align: center\"><img data-recalc-dims=\"1\" loading=\"lazy\" decoding=\"async\" class=\"aligncenter size-thumbnail wp-image-59814\" src=\"https:\/\/i0.wp.com\/www.manquepierda.com\/historiarealbetis\/files\/2017\/07\/Adolfo-CU%C3%89LLAR-RODR%C3%8DGUEZ.jpg?resize=136%2C220&#038;ssl=1\" alt=\"\" width=\"136\" height=\"220\" srcset=\"https:\/\/i0.wp.com\/www.manquepierda.com\/historiarealbetis\/files\/2017\/07\/Adolfo-CU%C3%89LLAR-RODR%C3%8DGUEZ.jpg?resize=136%2C220&amp;ssl=1 136w, https:\/\/i0.wp.com\/www.manquepierda.com\/historiarealbetis\/files\/2017\/07\/Adolfo-CU%C3%89LLAR-RODR%C3%8DGUEZ.jpg?resize=372%2C600&amp;ssl=1 372w, https:\/\/i0.wp.com\/www.manquepierda.com\/historiarealbetis\/files\/2017\/07\/Adolfo-CU%C3%89LLAR-RODR%C3%8DGUEZ.jpg?resize=434%2C700&amp;ssl=1 434w, https:\/\/i0.wp.com\/www.manquepierda.com\/historiarealbetis\/files\/2017\/07\/Adolfo-CU%C3%89LLAR-RODR%C3%8DGUEZ.jpg?w=632&amp;ssl=1 632w\" sizes=\"auto, (max-width: 136px) 100vw, 136px\" \/><\/p>\n<p style=\"text-align: center\"><em><strong>Presidente don Camilo ROMERO S\u00c1NCHEZ, e interinamente, don Adolfo CU\u00c9LLAR RODR\u00cdGUEZ.<\/strong><\/em><\/p>\n<p style=\"text-align: center\"><img data-recalc-dims=\"1\" loading=\"lazy\" decoding=\"async\" class=\"aligncenter size-thumbnail wp-image-59815\" src=\"https:\/\/i0.wp.com\/www.manquepierda.com\/historiarealbetis\/files\/2017\/07\/Emilio-SAMPERE-Oliveras-02-Campe%C3%B3n1932.jpg?resize=220%2C137&#038;ssl=1\" alt=\"\" width=\"220\" height=\"137\" srcset=\"https:\/\/i0.wp.com\/www.manquepierda.com\/historiarealbetis\/files\/2017\/07\/Emilio-SAMPERE-Oliveras-02-Campe%C3%B3n1932.jpg?resize=220%2C137&amp;ssl=1 220w, https:\/\/i0.wp.com\/www.manquepierda.com\/historiarealbetis\/files\/2017\/07\/Emilio-SAMPERE-Oliveras-02-Campe%C3%B3n1932.jpg?w=498&amp;ssl=1 498w\" sizes=\"auto, (max-width: 220px) 100vw, 220px\" \/><\/p>\n<p style=\"text-align: center\"><strong>Entrenador, Emilio SAMPERE Oliveras.<\/strong><\/p>\n<p style=\"text-align: center\"><img data-recalc-dims=\"1\" loading=\"lazy\" decoding=\"async\" class=\"aligncenter size-thumbnail wp-image-59816\" src=\"https:\/\/i0.wp.com\/www.manquepierda.com\/historiarealbetis\/files\/2017\/07\/ESCUDO-1925-2.jpg?resize=161%2C220&#038;ssl=1\" alt=\"\" width=\"161\" height=\"220\" srcset=\"https:\/\/i0.wp.com\/www.manquepierda.com\/historiarealbetis\/files\/2017\/07\/ESCUDO-1925-2.jpg?resize=161%2C220&amp;ssl=1 161w, https:\/\/i0.wp.com\/www.manquepierda.com\/historiarealbetis\/files\/2017\/07\/ESCUDO-1925-2.jpg?w=266&amp;ssl=1 266w\" sizes=\"auto, (max-width: 161px) 100vw, 161px\" \/><\/p>\n<p style=\"text-align: center\"><strong>REAL BETIS BALOMPI\u00c9-2 Goles.<\/strong><\/p>\n<p style=\"text-align: left\"><em>\u00abEn Teatinos se celebr\u00f3 esta lucha interesante y que debi\u00f3 resolverse \u00e1 favor de los verdiblancos, porque fueron superiores en peligro; dominaron algo m\u00e1s que los azulones y sus goles fueron claros, cosa que no ocurri\u00f3 con el segundo de los ovetenses que \u00e1 juicio del \u00e1rbitro y de algunos espectadores, fue tanto; pero no as\u00ed en opini\u00f3n de los jugadores b\u00e9ticos y otra parte del p\u00fablico, por lo que fue protestado\u00bb.<\/em><\/p>\n<p style=\"text-align: center\">Guardameta:<\/p>\n<p style=\"text-align: center\"><img data-recalc-dims=\"1\" loading=\"lazy\" decoding=\"async\" class=\"aligncenter size-thumbnail wp-image-59817\" src=\"https:\/\/i0.wp.com\/www.manquepierda.com\/historiarealbetis\/files\/2017\/07\/JES%C3%9AS-Bern%C3%A1ldez-Moreno-Manos-Duras1930.jpg?resize=172%2C220&#038;ssl=1\" alt=\"\" width=\"172\" height=\"220\" srcset=\"https:\/\/i0.wp.com\/www.manquepierda.com\/historiarealbetis\/files\/2017\/07\/JES%C3%9AS-Bern%C3%A1ldez-Moreno-Manos-Duras1930.jpg?resize=172%2C220&amp;ssl=1 172w, https:\/\/i0.wp.com\/www.manquepierda.com\/historiarealbetis\/files\/2017\/07\/JES%C3%9AS-Bern%C3%A1ldez-Moreno-Manos-Duras1930.jpg?resize=469%2C600&amp;ssl=1 469w, https:\/\/i0.wp.com\/www.manquepierda.com\/historiarealbetis\/files\/2017\/07\/JES%C3%9AS-Bern%C3%A1ldez-Moreno-Manos-Duras1930.jpg?w=479&amp;ssl=1 479w\" sizes=\"auto, (max-width: 172px) 100vw, 172px\" \/><\/p>\n<p style=\"text-align: left\"><strong>1-Dos tantos encajados.-JES\u00daS Bern\u00e1ldez Moreno (a) \u00abManos Duras\u00bb.<\/strong><\/p>\n<p style=\"text-align: center\">Zagueros:<\/p>\n<p style=\"text-align: center\"><img data-recalc-dims=\"1\" loading=\"lazy\" decoding=\"async\" class=\"aligncenter size-thumbnail wp-image-59818\" src=\"https:\/\/i0.wp.com\/www.manquepierda.com\/historiarealbetis\/files\/2017\/07\/Lorenzo-TONDO-Gil1930.jpg?resize=163%2C220&#038;ssl=1\" alt=\"\" width=\"163\" height=\"220\" srcset=\"https:\/\/i0.wp.com\/www.manquepierda.com\/historiarealbetis\/files\/2017\/07\/Lorenzo-TONDO-Gil1930.jpg?resize=163%2C220&amp;ssl=1 163w, https:\/\/i0.wp.com\/www.manquepierda.com\/historiarealbetis\/files\/2017\/07\/Lorenzo-TONDO-Gil1930.jpg?resize=444%2C600&amp;ssl=1 444w, https:\/\/i0.wp.com\/www.manquepierda.com\/historiarealbetis\/files\/2017\/07\/Lorenzo-TONDO-Gil1930.jpg?w=468&amp;ssl=1 468w\" sizes=\"auto, (max-width: 163px) 100vw, 163px\" \/><\/p>\n<p><strong>2-Lateral diestro.-Lorenzo TONDO Gil.<\/strong><\/p>\n<p style=\"text-align: center\"><img data-recalc-dims=\"1\" loading=\"lazy\" decoding=\"async\" class=\"aligncenter size-thumbnail wp-image-59819\" src=\"https:\/\/i0.wp.com\/www.manquepierda.com\/historiarealbetis\/files\/2017\/07\/Andr%C3%A9s-ARANDA-Guti%C3%A9rrez1930.jpg?resize=155%2C220&#038;ssl=1\" alt=\"\" width=\"155\" height=\"220\" srcset=\"https:\/\/i0.wp.com\/www.manquepierda.com\/historiarealbetis\/files\/2017\/07\/Andr%C3%A9s-ARANDA-Guti%C3%A9rrez1930.jpg?resize=155%2C220&amp;ssl=1 155w, https:\/\/i0.wp.com\/www.manquepierda.com\/historiarealbetis\/files\/2017\/07\/Andr%C3%A9s-ARANDA-Guti%C3%A9rrez1930.jpg?resize=422%2C600&amp;ssl=1 422w, https:\/\/i0.wp.com\/www.manquepierda.com\/historiarealbetis\/files\/2017\/07\/Andr%C3%A9s-ARANDA-Guti%C3%A9rrez1930.jpg?w=423&amp;ssl=1 423w\" sizes=\"auto, (max-width: 155px) 100vw, 155px\" \/><\/p>\n<p><strong>3.-Lateral zurdo.-Andr\u00e9s ARANDA Guti\u00e9rrez.<\/strong><\/p>\n<p style=\"text-align: center\">Medios:<\/p>\n<p style=\"text-align: center\"><img data-recalc-dims=\"1\" loading=\"lazy\" decoding=\"async\" class=\"aligncenter size-thumbnail wp-image-59831\" src=\"https:\/\/i0.wp.com\/www.manquepierda.com\/historiarealbetis\/files\/2017\/07\/Juan-MART%C3%8DN.jpg?resize=124%2C220&#038;ssl=1\" alt=\"\" width=\"124\" height=\"220\" srcset=\"https:\/\/i0.wp.com\/www.manquepierda.com\/historiarealbetis\/files\/2017\/07\/Juan-MART%C3%8DN.jpg?resize=124%2C220&amp;ssl=1 124w, https:\/\/i0.wp.com\/www.manquepierda.com\/historiarealbetis\/files\/2017\/07\/Juan-MART%C3%8DN.jpg?resize=338%2C600&amp;ssl=1 338w, https:\/\/i0.wp.com\/www.manquepierda.com\/historiarealbetis\/files\/2017\/07\/Juan-MART%C3%8DN.jpg?w=378&amp;ssl=1 378w\" sizes=\"auto, (max-width: 124px) 100vw, 124px\" \/><\/p>\n<p><strong>4-Diestro.-Juan MART\u00cdN.<\/strong><\/p>\n<p style=\"text-align: center\"><img data-recalc-dims=\"1\" loading=\"lazy\" decoding=\"async\" class=\"aligncenter size-thumbnail wp-image-59832\" src=\"https:\/\/i0.wp.com\/www.manquepierda.com\/historiarealbetis\/files\/2017\/07\/Enrique-SOLADRERO-Arbide-01-1.jpg?resize=158%2C220&#038;ssl=1\" alt=\"\" width=\"158\" height=\"220\" srcset=\"https:\/\/i0.wp.com\/www.manquepierda.com\/historiarealbetis\/files\/2017\/07\/Enrique-SOLADRERO-Arbide-01-1.jpg?resize=158%2C220&amp;ssl=1 158w, https:\/\/i0.wp.com\/www.manquepierda.com\/historiarealbetis\/files\/2017\/07\/Enrique-SOLADRERO-Arbide-01-1.jpg?resize=430%2C600&amp;ssl=1 430w, https:\/\/i0.wp.com\/www.manquepierda.com\/historiarealbetis\/files\/2017\/07\/Enrique-SOLADRERO-Arbide-01-1.jpg?w=454&amp;ssl=1 454w\" sizes=\"auto, (max-width: 158px) 100vw, 158px\" \/><\/p>\n<p><strong>5-Centro.-Enrique SOLADRERO Arbide.<\/strong><\/p>\n<p style=\"text-align: center\"><img data-recalc-dims=\"1\" loading=\"lazy\" decoding=\"async\" class=\"aligncenter size-thumbnail wp-image-59833\" src=\"https:\/\/i0.wp.com\/www.manquepierda.com\/historiarealbetis\/files\/2017\/07\/PERAL-Jos%C3%A9-Su%C3%A1rez-Gonz%C3%A1lez1929-1.jpg?resize=167%2C220&#038;ssl=1\" alt=\"\" width=\"167\" height=\"220\" srcset=\"https:\/\/i0.wp.com\/www.manquepierda.com\/historiarealbetis\/files\/2017\/07\/PERAL-Jos%C3%A9-Su%C3%A1rez-Gonz%C3%A1lez1929-1.jpg?resize=167%2C220&amp;ssl=1 167w, https:\/\/i0.wp.com\/www.manquepierda.com\/historiarealbetis\/files\/2017\/07\/PERAL-Jos%C3%A9-Su%C3%A1rez-Gonz%C3%A1lez1929-1.jpg?resize=457%2C600&amp;ssl=1 457w, https:\/\/i0.wp.com\/www.manquepierda.com\/historiarealbetis\/files\/2017\/07\/PERAL-Jos%C3%A9-Su%C3%A1rez-Gonz%C3%A1lez1929-1.jpg?w=472&amp;ssl=1 472w\" sizes=\"auto, (max-width: 167px) 100vw, 167px\" \/><\/p>\n<p><strong>6-Zurdo.-Jos\u00e9 Su\u00e1rez Gonz\u00e1lez (a) \u00abPERAL\u00bb.<\/strong><\/p>\n<p style=\"text-align: center\">Delanteros:<\/p>\n<p style=\"text-align: center\"><img data-recalc-dims=\"1\" loading=\"lazy\" decoding=\"async\" class=\"aligncenter size-thumbnail wp-image-59834\" src=\"https:\/\/i0.wp.com\/www.manquepierda.com\/historiarealbetis\/files\/2017\/07\/TIMIMI-Pedro-Gonz%C3%A1lez-S%C3%A1nchez1930.jpg?resize=164%2C220&#038;ssl=1\" alt=\"\" width=\"164\" height=\"220\" srcset=\"https:\/\/i0.wp.com\/www.manquepierda.com\/historiarealbetis\/files\/2017\/07\/TIMIMI-Pedro-Gonz%C3%A1lez-S%C3%A1nchez1930.jpg?resize=164%2C220&amp;ssl=1 164w, https:\/\/i0.wp.com\/www.manquepierda.com\/historiarealbetis\/files\/2017\/07\/TIMIMI-Pedro-Gonz%C3%A1lez-S%C3%A1nchez1930.jpg?resize=446%2C600&amp;ssl=1 446w, https:\/\/i0.wp.com\/www.manquepierda.com\/historiarealbetis\/files\/2017\/07\/TIMIMI-Pedro-Gonz%C3%A1lez-S%C3%A1nchez1930.jpg?w=470&amp;ssl=1 470w\" sizes=\"auto, (max-width: 164px) 100vw, 164px\" \/><\/p>\n<p><strong>7-Extremo diestro.-Pedro Gonz\u00e1lez S\u00e1nchez (a) \u00abTIMIMI\u00bb.<\/strong><\/p>\n<p style=\"text-align: center\"><img data-recalc-dims=\"1\" loading=\"lazy\" decoding=\"async\" class=\"aligncenter size-thumbnail wp-image-59835\" src=\"https:\/\/i0.wp.com\/www.manquepierda.com\/historiarealbetis\/files\/2017\/07\/ADOLFO-II-Adolfo-Mart%C3%ADn-Gonz%C3%A1lez1930-1.jpg?resize=171%2C220&#038;ssl=1\" alt=\"\" width=\"171\" height=\"220\" srcset=\"https:\/\/i0.wp.com\/www.manquepierda.com\/historiarealbetis\/files\/2017\/07\/ADOLFO-II-Adolfo-Mart%C3%ADn-Gonz%C3%A1lez1930-1.jpg?resize=171%2C220&amp;ssl=1 171w, https:\/\/i0.wp.com\/www.manquepierda.com\/historiarealbetis\/files\/2017\/07\/ADOLFO-II-Adolfo-Mart%C3%ADn-Gonz%C3%A1lez1930-1.jpg?resize=467%2C600&amp;ssl=1 467w, https:\/\/i0.wp.com\/www.manquepierda.com\/historiarealbetis\/files\/2017\/07\/ADOLFO-II-Adolfo-Mart%C3%ADn-Gonz%C3%A1lez1930-1.jpg?w=481&amp;ssl=1 481w\" sizes=\"auto, (max-width: 171px) 100vw, 171px\" \/><\/p>\n<p><strong>8-Interior diestro.-Adolfo Mart\u00edn Gonz\u00e1lez (a) \u00abADOLFO II\u00bb.-Marc\u00f3 1-2.-37 minutos.-Chut del bal\u00f3n que desvi\u00f3 Calichi, desorientando \u00e1 \u00d3scar \u00c1lvarez, que ya no pudo alcanzar el esf\u00e9rico.<\/strong><\/p>\n<p style=\"text-align: center\"><img data-recalc-dims=\"1\" loading=\"lazy\" decoding=\"async\" class=\"aligncenter size-thumbnail wp-image-59836\" src=\"https:\/\/i0.wp.com\/www.manquepierda.com\/historiarealbetis\/files\/2017\/07\/%C3%81ngel-Antonio-CARRE%C3%91O-Malpartida-MMG.jpg?resize=138%2C220&#038;ssl=1\" alt=\"\" width=\"138\" height=\"220\" srcset=\"https:\/\/i0.wp.com\/www.manquepierda.com\/historiarealbetis\/files\/2017\/07\/%C3%81ngel-Antonio-CARRE%C3%91O-Malpartida-MMG.jpg?resize=138%2C220&amp;ssl=1 138w, https:\/\/i0.wp.com\/www.manquepierda.com\/historiarealbetis\/files\/2017\/07\/%C3%81ngel-Antonio-CARRE%C3%91O-Malpartida-MMG.jpg?resize=378%2C600&amp;ssl=1 378w, https:\/\/i0.wp.com\/www.manquepierda.com\/historiarealbetis\/files\/2017\/07\/%C3%81ngel-Antonio-CARRE%C3%91O-Malpartida-MMG.jpg?resize=768%2C1220&amp;ssl=1 768w, https:\/\/i0.wp.com\/www.manquepierda.com\/historiarealbetis\/files\/2017\/07\/%C3%81ngel-Antonio-CARRE%C3%91O-Malpartida-MMG.jpg?resize=441%2C700&amp;ssl=1 441w, https:\/\/i0.wp.com\/www.manquepierda.com\/historiarealbetis\/files\/2017\/07\/%C3%81ngel-Antonio-CARRE%C3%91O-Malpartida-MMG.jpg?w=1046&amp;ssl=1 1046w\" sizes=\"auto, (max-width: 138px) 100vw, 138px\" \/><\/p>\n<p><strong>9-Centro delantero-Ariete.-\u00c1ngel Antonio CARRE\u00d1O Malpartida.-Marc\u00f3 1-1.-35 minutos.-Aprovechando un l\u00edo ante la puerta ovetense defendida por \u00d3scar.<\/strong><\/p>\n<p style=\"text-align: center\"><img data-recalc-dims=\"1\" loading=\"lazy\" decoding=\"async\" class=\"aligncenter size-thumbnail wp-image-59837\" src=\"https:\/\/i0.wp.com\/www.manquepierda.com\/historiarealbetis\/files\/2017\/07\/ENRIQUE-Garrido-Reguera1930-1.jpg?resize=164%2C220&#038;ssl=1\" alt=\"\" width=\"164\" height=\"220\" srcset=\"https:\/\/i0.wp.com\/www.manquepierda.com\/historiarealbetis\/files\/2017\/07\/ENRIQUE-Garrido-Reguera1930-1.jpg?resize=164%2C220&amp;ssl=1 164w, https:\/\/i0.wp.com\/www.manquepierda.com\/historiarealbetis\/files\/2017\/07\/ENRIQUE-Garrido-Reguera1930-1.jpg?resize=446%2C600&amp;ssl=1 446w, https:\/\/i0.wp.com\/www.manquepierda.com\/historiarealbetis\/files\/2017\/07\/ENRIQUE-Garrido-Reguera1930-1.jpg?w=464&amp;ssl=1 464w\" sizes=\"auto, (max-width: 164px) 100vw, 164px\" \/><\/p>\n<p><strong>10-Interior zurdo.-ENRIQUE Garrido Reguera.<\/strong><\/p>\n<p style=\"text-align: center\"><img data-recalc-dims=\"1\" loading=\"lazy\" decoding=\"async\" class=\"aligncenter size-thumbnail wp-image-59838\" src=\"https:\/\/i0.wp.com\/www.manquepierda.com\/historiarealbetis\/files\/2017\/07\/Rafael-SANZ1930-3.jpg?resize=165%2C220&#038;ssl=1\" alt=\"\" width=\"165\" height=\"220\" srcset=\"https:\/\/i0.wp.com\/www.manquepierda.com\/historiarealbetis\/files\/2017\/07\/Rafael-SANZ1930-3.jpg?resize=165%2C220&amp;ssl=1 165w, https:\/\/i0.wp.com\/www.manquepierda.com\/historiarealbetis\/files\/2017\/07\/Rafael-SANZ1930-3.jpg?resize=450%2C600&amp;ssl=1 450w, https:\/\/i0.wp.com\/www.manquepierda.com\/historiarealbetis\/files\/2017\/07\/Rafael-SANZ1930-3.jpg?w=480&amp;ssl=1 480w\" sizes=\"auto, (max-width: 165px) 100vw, 165px\" \/><\/p>\n<p><strong>11-Extremo zurdo.-Rafael SANZ.<\/strong><\/p>\n<p style=\"text-align: center\">Vs.<\/p>\n<p>5\u00ba CLASIFICADO CON 8 PUNTOS (2-ganados+4-empatados+2-perdidos) 18-17 TANTOS FAVOR-CONTRA.<\/p>\n<p style=\"text-align: center\"><strong>Presidente don Carlos Tartiere De las Alas Pumari\u00f1o.<\/strong><\/p>\n<p style=\"text-align: center\"><img data-recalc-dims=\"1\" loading=\"lazy\" decoding=\"async\" class=\"aligncenter size-thumbnail wp-image-59839\" src=\"https:\/\/i0.wp.com\/www.manquepierda.com\/historiarealbetis\/files\/2017\/07\/Patrick-Joseph-OCONNELL.b.jpeg?resize=158%2C220&#038;ssl=1\" alt=\"\" width=\"158\" height=\"220\" srcset=\"https:\/\/i0.wp.com\/www.manquepierda.com\/historiarealbetis\/files\/2017\/07\/Patrick-Joseph-OCONNELL.b.jpeg?resize=158%2C220&amp;ssl=1 158w, https:\/\/i0.wp.com\/www.manquepierda.com\/historiarealbetis\/files\/2017\/07\/Patrick-Joseph-OCONNELL.b.jpeg?w=190&amp;ssl=1 190w\" sizes=\"auto, (max-width: 158px) 100vw, 158px\" \/><\/p>\n<p style=\"text-align: center\"><strong>Entrenador, Mr. Patrick Joseph O&#8217;CONNELL.<\/strong><\/p>\n<p style=\"text-align: center\"><img data-recalc-dims=\"1\" loading=\"lazy\" decoding=\"async\" class=\"aligncenter size-full wp-image-59840\" src=\"https:\/\/i0.wp.com\/www.manquepierda.com\/historiarealbetis\/files\/2017\/07\/1930-1931-Real-Oviedo.jpeg?resize=232%2C138&#038;ssl=1\" alt=\"\" width=\"232\" height=\"138\" srcset=\"https:\/\/i0.wp.com\/www.manquepierda.com\/historiarealbetis\/files\/2017\/07\/1930-1931-Real-Oviedo.jpeg?w=232&amp;ssl=1 232w, https:\/\/i0.wp.com\/www.manquepierda.com\/historiarealbetis\/files\/2017\/07\/1930-1931-Real-Oviedo.jpeg?resize=220%2C131&amp;ssl=1 220w\" sizes=\"auto, (max-width: 232px) 100vw, 232px\" \/><\/p>\n<p style=\"text-align: center\">De pie, de izquierda \u00e1 derecha: <strong>POL\u00d3N<\/strong><strong>-Si\u00f3n-Benjam\u00edn-OSCAR-ALAMO-L\u00c1NGARA-GOYO-GALLART-TONIJU\u00c1N.<\/strong><\/p>\n<p style=\"text-align: center\">Agachados mismo orden: <strong>AVILESU-CALICHI-INCIARTE.<\/strong><\/p>\n<p style=\"text-align: center\"><img data-recalc-dims=\"1\" loading=\"lazy\" decoding=\"async\" class=\"aligncenter size-thumbnail wp-image-59841\" src=\"https:\/\/i0.wp.com\/www.manquepierda.com\/historiarealbetis\/files\/2017\/07\/ROCF1926.jpg?resize=101%2C220&#038;ssl=1\" alt=\"\" width=\"101\" height=\"220\" srcset=\"https:\/\/i0.wp.com\/www.manquepierda.com\/historiarealbetis\/files\/2017\/07\/ROCF1926.jpg?resize=101%2C220&amp;ssl=1 101w, https:\/\/i0.wp.com\/www.manquepierda.com\/historiarealbetis\/files\/2017\/07\/ROCF1926.jpg?resize=275%2C600&amp;ssl=1 275w, https:\/\/i0.wp.com\/www.manquepierda.com\/historiarealbetis\/files\/2017\/07\/ROCF1926.jpg?w=318&amp;ssl=1 318w\" sizes=\"auto, (max-width: 101px) 100vw, 101px\" \/><\/p>\n<p style=\"text-align: center\">REAL OVIEDO FC-2 Tantos.<\/p>\n<p style=\"text-align: center\"><img data-recalc-dims=\"1\" loading=\"lazy\" decoding=\"async\" class=\"aligncenter size-thumbnail wp-image-59808\" src=\"https:\/\/i0.wp.com\/www.manquepierda.com\/historiarealbetis\/files\/2017\/07\/gorra0003.jpg?resize=124%2C220&#038;ssl=1\" alt=\"\" width=\"124\" height=\"220\" srcset=\"https:\/\/i0.wp.com\/www.manquepierda.com\/historiarealbetis\/files\/2017\/07\/gorra0003.jpg?resize=124%2C220&amp;ssl=1 124w, https:\/\/i0.wp.com\/www.manquepierda.com\/historiarealbetis\/files\/2017\/07\/gorra0003.jpg?w=225&amp;ssl=1 225w\" sizes=\"auto, (max-width: 124px) 100vw, 124px\" \/><\/p>\n<p>1-<strong>2 goles encajados.-<\/strong>\u00d3SCAR \u00c1lvarez Gonz\u00e1lez.<\/p>\n<p>2-CALICHI.-3-GOYO.<\/p>\n<p>4-Vicente TONIJU\u00c1N Garc\u00eda.-5-AVILESU.<\/p>\n<p>6-Jes\u00fas Rodr\u00edguez \u00c1lvarez (a) \u00abCHUS\u00bb.<\/p>\n<p>7-Juan Manuel De INCIARTE Erauzquin.<\/p>\n<p style=\"text-align: center\"><img data-recalc-dims=\"1\" loading=\"lazy\" decoding=\"async\" class=\"aligncenter size-thumbnail wp-image-59842\" src=\"https:\/\/i0.wp.com\/www.manquepierda.com\/historiarealbetis\/files\/2017\/07\/RGS.jpg?resize=157%2C220&#038;ssl=1\" alt=\"\" width=\"157\" height=\"220\" srcset=\"https:\/\/i0.wp.com\/www.manquepierda.com\/historiarealbetis\/files\/2017\/07\/RGS.jpg?resize=157%2C220&amp;ssl=1 157w, https:\/\/i0.wp.com\/www.manquepierda.com\/historiarealbetis\/files\/2017\/07\/RGS.jpg?w=159&amp;ssl=1 159w\" sizes=\"auto, (max-width: 157px) 100vw, 157px\" \/><\/p>\n<p>8-Ricardo GALLART Selma.-Marc\u00f3 1-0.-Primer tiempo.<\/p>\n<p>9-Jos\u00e9 ALAMO Delgado.<\/p>\n<p style=\"text-align: center\"><img data-recalc-dims=\"1\" loading=\"lazy\" decoding=\"async\" class=\"aligncenter size-thumbnail wp-image-59843\" src=\"https:\/\/i0.wp.com\/www.manquepierda.com\/historiarealbetis\/files\/2017\/07\/isidro-lc3a1ngara.jpg?resize=213%2C220&#038;ssl=1\" alt=\"\" width=\"213\" height=\"220\" srcset=\"https:\/\/i0.wp.com\/www.manquepierda.com\/historiarealbetis\/files\/2017\/07\/isidro-lc3a1ngara.jpg?resize=213%2C220&amp;ssl=1 213w, https:\/\/i0.wp.com\/www.manquepierda.com\/historiarealbetis\/files\/2017\/07\/isidro-lc3a1ngara.jpg?w=242&amp;ssl=1 242w\" sizes=\"auto, (max-width: 213px) 100vw, 213px\" \/><\/p>\n<p>10-Isidro L\u00c1NGARA Galarraga.-Logr\u00f3 2-2.-60 minutos.-<em><strong>\u00abHay un chut de Isidro que da en uno de los postes del guardameta Jes\u00fas, concediendo el \u00e1rbitro Eloy Hern\u00e1ndez Areces, indebidamente tanto, que fue muy protestado por los jugadores b\u00e9ticos y parte de los espectadores en \u00abTeatinos\u00bb.<\/strong><\/em><\/p>\n<p>11-POL\u00d3N.<\/p>\n<p style=\"text-align: center\"><img data-recalc-dims=\"1\" loading=\"lazy\" decoding=\"async\" class=\"aligncenter size-medium wp-image-59844\" src=\"https:\/\/i0.wp.com\/www.manquepierda.com\/historiarealbetis\/files\/2017\/07\/ABC-Madrid19310127.jpg?resize=680%2C432&#038;ssl=1\" alt=\"\" width=\"680\" height=\"432\" srcset=\"https:\/\/i0.wp.com\/www.manquepierda.com\/historiarealbetis\/files\/2017\/07\/ABC-Madrid19310127.jpg?resize=680%2C432&amp;ssl=1 680w, https:\/\/i0.wp.com\/www.manquepierda.com\/historiarealbetis\/files\/2017\/07\/ABC-Madrid19310127.jpg?resize=220%2C140&amp;ssl=1 220w, https:\/\/i0.wp.com\/www.manquepierda.com\/historiarealbetis\/files\/2017\/07\/ABC-Madrid19310127.jpg?resize=768%2C488&amp;ssl=1 768w, https:\/\/i0.wp.com\/www.manquepierda.com\/historiarealbetis\/files\/2017\/07\/ABC-Madrid19310127.jpg?resize=960%2C610&amp;ssl=1 960w, https:\/\/i0.wp.com\/www.manquepierda.com\/historiarealbetis\/files\/2017\/07\/ABC-Madrid19310127.jpg?w=1989&amp;ssl=1 1989w\" sizes=\"auto, (max-width: 680px) 100vw, 680px\" \/><\/p>\n<p style=\"text-align: center\">ABC-Madrid-19310127-Martes.-Fotos Mena.<\/p>\n<p>&nbsp;<\/p>\n","protected":false},"excerpt":{"rendered":"<p>TERCERA EDICI\u00d3N-CAMPEONATO NACIONAL LIGA SEGUNDA DIVISI\u00d3N-TEMPORADA 1930-1931 DESDE DOMINGO 7 DICIEMBRE 1930 HASTA DOMINGO 5 ABRIL 1931-AMBAS FECHAS INCLUSIVE Fuente.-Cortes\u00eda-Web Oficial Real Oviedo\/Estadios\/Teatinos. 1931-ENERO 25-DOMINGO EN ASTURIAS-CAMPO DE FUTBOL \u00abTEATINOS\u00bb-OVIEDO.-OCTAVA JORNADA.-Arbitr\u00f3 el colegiado vallisoletano, Eloy Hern\u00e1ndez Areces. 2\u00ba CLASIFICADO CON 12 PUNTOS (5-GANADOS+1-EMPATADO+2-PERDIDOS) 18-GOLES A FAVOR Y 11-TANTOS EN CONTRA. Presidente don Camilo ROMERO S\u00c1NCHEZ,&#8230;<\/p>\n","protected":false},"author":48,"featured_media":59813,"comment_status":"open","ping_status":"open","sticky":false,"template":"","format":"standard","meta":{"_kad_post_transparent":"","_kad_post_title":"","_kad_post_layout":"","_kad_post_sidebar_id":"","_kad_post_content_style":"","_kad_post_vertical_padding":"","_kad_post_feature":"","_kad_post_feature_position":"","_kad_post_header":false,"_kad_post_footer":false,"_kad_post_classname":"","_jetpack_memberships_contains_paid_content":false,"footnotes":"","jetpack_publicize_message":"","jetpack_publicize_feature_enabled":true,"jetpack_social_post_already_shared":true,"jetpack_social_options":{"image_generator_settings":{"template":"highway","default_image_id":0,"font":"","enabled":false},"version":2}},"categories":[899,1],"tags":[2925,1029,18000,14171],"class_list":["post-59810","post","type-post","status-publish","format-standard","has-post-thumbnail","hentry","category-1930-1939","category-portada","tag-1930-31","tag-1029","tag-liga-segunda-1930-31","tag-real-oviedo-cf"],"jetpack_publicize_connections":[],"jetpack_featured_media_url":"https:\/\/i0.wp.com\/www.manquepierda.com\/historiarealbetis\/files\/2017\/07\/Alineaci%C3%B3n-Oviedo-Betis-Liga-1931-NMP-El-Carbay%C3%B3n-27-01-1931.jpg?fit=717%2C502&ssl=1","jetpack_sharing_enabled":true,"jetpack_shortlink":"https:\/\/wp.me\/p1ij08-fyG","jetpack-related-posts":[],"_links":{"self":[{"href":"https:\/\/www.manquepierda.com\/historiarealbetis\/wp-json\/wp\/v2\/posts\/59810","targetHints":{"allow":["GET"]}}],"collection":[{"href":"https:\/\/www.manquepierda.com\/historiarealbetis\/wp-json\/wp\/v2\/posts"}],"about":[{"href":"https:\/\/www.manquepierda.com\/historiarealbetis\/wp-json\/wp\/v2\/types\/post"}],"author":[{"embeddable":true,"href":"https:\/\/www.manquepierda.com\/historiarealbetis\/wp-json\/wp\/v2\/users\/48"}],"replies":[{"embeddable":true,"href":"https:\/\/www.manquepierda.com\/historiarealbetis\/wp-json\/wp\/v2\/comments?post=59810"}],"version-history":[{"count":1,"href":"https:\/\/www.manquepierda.com\/historiarealbetis\/wp-json\/wp\/v2\/posts\/59810\/revisions"}],"predecessor-version":[{"id":96755,"href":"https:\/\/www.manquepierda.com\/historiarealbetis\/wp-json\/wp\/v2\/posts\/59810\/revisions\/96755"}],"wp:featuredmedia":[{"embeddable":true,"href":"https:\/\/www.manquepierda.com\/historiarealbetis\/wp-json\/wp\/v2\/media\/59813"}],"wp:attachment":[{"href":"https:\/\/www.manquepierda.com\/historiarealbetis\/wp-json\/wp\/v2\/media?parent=59810"}],"wp:term":[{"taxonomy":"category","embeddable":true,"href":"https:\/\/www.manquepierda.com\/historiarealbetis\/wp-json\/wp\/v2\/categories?post=59810"},{"taxonomy":"post_tag","embeddable":true,"href":"https:\/\/www.manquepierda.com\/historiarealbetis\/wp-json\/wp\/v2\/tags?post=59810"}],"curies":[{"name":"wp","href":"https:\/\/api.w.org\/{rel}","templated":true}]}}