{"id":59903,"date":"2017-07-13T18:31:25","date_gmt":"2017-07-13T16:31:25","guid":{"rendered":"http:\/\/www.manquepierda.com\/historiarealbetis\/?p=59903"},"modified":"2024-08-12T19:32:45","modified_gmt":"2024-08-12T17:32:45","slug":"1930-segunda-division-real-betis-balompie-3-vs-cd-alaves-2-recortes-prensa","status":"publish","type":"post","link":"https:\/\/www.manquepierda.com\/historiarealbetis\/1930-segunda-division-real-betis-balompie-3-vs-cd-alaves-2-recortes-prensa\/","title":{"rendered":"1930-Enero 26.-Segunda Divisi\u00f3n.-Real Betis Balompi\u00e9-3 vs. CD Alav\u00e9s-2.-Recortes Prensa."},"content":{"rendered":"<p style=\"text-align: left\">SEGUNDA EDICI\u00d3N-CAMPEONATO NACIONAL LIGA SEGUNDA DIVISI\u00d3N-TEMPORADA 1929-1930 DESDE DOMINGO 1\u00ba DICIEMBRE 1929 HASTA DOMINGO 30 MARZO 1930-AMBAS FECHAS INCLUSIVE.<\/p>\n<p style=\"text-align: center\"><img data-recalc-dims=\"1\" loading=\"lazy\" decoding=\"async\" class=\"aligncenter size-medium wp-image-59905\" src=\"https:\/\/i0.wp.com\/www.manquepierda.com\/historiarealbetis\/files\/2017\/07\/19300126Carleria.jpg?resize=680%2C309&#038;ssl=1\" alt=\"\" width=\"680\" height=\"309\" srcset=\"https:\/\/i0.wp.com\/www.manquepierda.com\/historiarealbetis\/files\/2017\/07\/19300126Carleria.jpg?resize=680%2C309&amp;ssl=1 680w, https:\/\/i0.wp.com\/www.manquepierda.com\/historiarealbetis\/files\/2017\/07\/19300126Carleria.jpg?resize=220%2C100&amp;ssl=1 220w, https:\/\/i0.wp.com\/www.manquepierda.com\/historiarealbetis\/files\/2017\/07\/19300126Carleria.jpg?resize=768%2C349&amp;ssl=1 768w, https:\/\/i0.wp.com\/www.manquepierda.com\/historiarealbetis\/files\/2017\/07\/19300126Carleria.jpg?resize=960%2C436&amp;ssl=1 960w, https:\/\/i0.wp.com\/www.manquepierda.com\/historiarealbetis\/files\/2017\/07\/19300126Carleria.jpg?w=1270&amp;ssl=1 1270w\" sizes=\"auto, (max-width: 680px) 100vw, 680px\" \/><\/p>\n<p><strong>1930-ENERO 26-DOMINGO-BARRIO \u00abEL PORVENIR\u00bb-15&#8217;00 HORAS-CAMPO MUNICIPAL DEPORTES \u00abREAL PATRONATO OBRERO\u00bb-NOVENA JORNADA.<\/strong><\/p>\n<p style=\"text-align: center\">Arbitr\u00f3 el colegiado madrile\u00f1o Ezequiel Montero Rom\u00e1n.<\/p>\n<p style=\"text-align: left\"><strong>NOVENO CLASIFICADO CON SIETE PUNTOS (3-GANADOS+1-EMPATADO+5-PERDIDOS) 18-GOLES \u00c1 FAVOR Y 23-TANTOS EN CONTRA.<\/strong><\/p>\n<p style=\"text-align: center\"><img data-recalc-dims=\"1\" loading=\"lazy\" decoding=\"async\" class=\"aligncenter size-thumbnail wp-image-59906\" src=\"https:\/\/i0.wp.com\/www.manquepierda.com\/historiarealbetis\/files\/2017\/07\/Daniel-MEZQUITA-Moreno-01.jpg?resize=174%2C220&#038;ssl=1\" alt=\"\" width=\"174\" height=\"220\" srcset=\"https:\/\/i0.wp.com\/www.manquepierda.com\/historiarealbetis\/files\/2017\/07\/Daniel-MEZQUITA-Moreno-01.jpg?resize=174%2C220&amp;ssl=1 174w, https:\/\/i0.wp.com\/www.manquepierda.com\/historiarealbetis\/files\/2017\/07\/Daniel-MEZQUITA-Moreno-01.jpg?resize=475%2C600&amp;ssl=1 475w, https:\/\/i0.wp.com\/www.manquepierda.com\/historiarealbetis\/files\/2017\/07\/Daniel-MEZQUITA-Moreno-01.jpg?resize=768%2C970&amp;ssl=1 768w, https:\/\/i0.wp.com\/www.manquepierda.com\/historiarealbetis\/files\/2017\/07\/Daniel-MEZQUITA-Moreno-01.jpg?resize=554%2C700&amp;ssl=1 554w, https:\/\/i0.wp.com\/www.manquepierda.com\/historiarealbetis\/files\/2017\/07\/Daniel-MEZQUITA-Moreno-01.jpg?w=1409&amp;ssl=1 1409w\" sizes=\"auto, (max-width: 174px) 100vw, 174px\" \/><\/p>\n<p style=\"text-align: center\"><em><strong>Presidente don Daniel MEZQUITA MORENO.<\/strong><\/em><\/p>\n<p style=\"text-align: center\"><img data-recalc-dims=\"1\" loading=\"lazy\" decoding=\"async\" class=\"aligncenter size-thumbnail wp-image-59907\" src=\"https:\/\/i0.wp.com\/www.manquepierda.com\/historiarealbetis\/files\/2017\/07\/KINK%C3%89-Juan-Armet-De-Castellv%C3%AD-01.jpg?resize=173%2C220&#038;ssl=1\" alt=\"\" width=\"173\" height=\"220\"><\/p>\n<p style=\"text-align: center\"><strong>Entrenador, <em>Juan ARMET DE CASTELLV\u00cd \u00abKink\u00e9\u00bb.<\/em><\/strong><\/p>\n<p style=\"text-align: center\"><img data-recalc-dims=\"1\" loading=\"lazy\" decoding=\"async\" class=\"aligncenter size-thumbnail wp-image-59908\" src=\"https:\/\/i0.wp.com\/www.manquepierda.com\/historiarealbetis\/files\/2017\/07\/ESCUDO-1925-3.jpg?resize=161%2C220&#038;ssl=1\" alt=\"\" width=\"161\" height=\"220\" srcset=\"https:\/\/i0.wp.com\/www.manquepierda.com\/historiarealbetis\/files\/2017\/07\/ESCUDO-1925-3.jpg?resize=161%2C220&amp;ssl=1 161w, https:\/\/i0.wp.com\/www.manquepierda.com\/historiarealbetis\/files\/2017\/07\/ESCUDO-1925-3.jpg?w=266&amp;ssl=1 266w\" sizes=\"auto, (max-width: 161px) 100vw, 161px\" \/><\/p>\n<p style=\"text-align: center\"><strong>REAL BETIS BALOMPI\u00c9-3 Goles.<\/strong><\/p>\n<p style=\"text-align: center\">Guardameta:<\/p>\n<p style=\"text-align: center\"><img data-recalc-dims=\"1\" loading=\"lazy\" decoding=\"async\" class=\"aligncenter size-thumbnail wp-image-59909\" src=\"https:\/\/i0.wp.com\/www.manquepierda.com\/historiarealbetis\/files\/2017\/07\/JES%C3%9AS-Bern%C3%A1ldez-Moreno-Manos-Duras.jpg?resize=152%2C220&#038;ssl=1\" alt=\"\" width=\"152\" height=\"220\" srcset=\"https:\/\/i0.wp.com\/www.manquepierda.com\/historiarealbetis\/files\/2017\/07\/JES%C3%9AS-Bern%C3%A1ldez-Moreno-Manos-Duras.jpg?resize=152%2C220&amp;ssl=1 152w, https:\/\/i0.wp.com\/www.manquepierda.com\/historiarealbetis\/files\/2017\/07\/JES%C3%9AS-Bern%C3%A1ldez-Moreno-Manos-Duras.jpg?resize=414%2C600&amp;ssl=1 414w, https:\/\/i0.wp.com\/www.manquepierda.com\/historiarealbetis\/files\/2017\/07\/JES%C3%9AS-Bern%C3%A1ldez-Moreno-Manos-Duras.jpg?resize=768%2C1112&amp;ssl=1 768w, https:\/\/i0.wp.com\/www.manquepierda.com\/historiarealbetis\/files\/2017\/07\/JES%C3%9AS-Bern%C3%A1ldez-Moreno-Manos-Duras.jpg?resize=483%2C700&amp;ssl=1 483w, https:\/\/i0.wp.com\/www.manquepierda.com\/historiarealbetis\/files\/2017\/07\/JES%C3%9AS-Bern%C3%A1ldez-Moreno-Manos-Duras.jpg?w=1055&amp;ssl=1 1055w\" sizes=\"auto, (max-width: 152px) 100vw, 152px\" \/><\/p>\n<p><strong>1-2 Tantos encajados.-JES\u00daS Bern\u00e1ldez Moreno \u00abManos Duras\u00bb.<\/strong><\/p>\n<p style=\"text-align: center\">Zagueros:<\/p>\n<p style=\"text-align: center\"><img data-recalc-dims=\"1\" loading=\"lazy\" decoding=\"async\" class=\"aligncenter size-thumbnail wp-image-59910\" src=\"https:\/\/i0.wp.com\/www.manquepierda.com\/historiarealbetis\/files\/2017\/07\/Lorenzo-TONDO-Gil1930-1.jpg?resize=163%2C220&#038;ssl=1\" alt=\"\" width=\"163\" height=\"220\" srcset=\"https:\/\/i0.wp.com\/www.manquepierda.com\/historiarealbetis\/files\/2017\/07\/Lorenzo-TONDO-Gil1930-1.jpg?resize=163%2C220&amp;ssl=1 163w, https:\/\/i0.wp.com\/www.manquepierda.com\/historiarealbetis\/files\/2017\/07\/Lorenzo-TONDO-Gil1930-1.jpg?resize=444%2C600&amp;ssl=1 444w, https:\/\/i0.wp.com\/www.manquepierda.com\/historiarealbetis\/files\/2017\/07\/Lorenzo-TONDO-Gil1930-1.jpg?w=468&amp;ssl=1 468w\" sizes=\"auto, (max-width: 163px) 100vw, 163px\" \/><\/p>\n<p><strong>2-Lateral diestro.-Lorenzo TONDO Gil.<\/strong><\/p>\n<p style=\"text-align: center\"><img data-recalc-dims=\"1\" loading=\"lazy\" decoding=\"async\" class=\"aligncenter size-full wp-image-59911\" src=\"https:\/\/i0.wp.com\/www.manquepierda.com\/historiarealbetis\/files\/2017\/07\/JESUS%C3%8DN-Jes%C3%BAs-Alberto-Ruiz-Medrano-01.jpg?resize=117%2C184&#038;ssl=1\" alt=\"\" width=\"117\" height=\"184\"><\/p>\n<p><strong>3-Lateral zurdo.-Jes\u00fas Alberto Ruiz Medrano (a) \u00abJESUS\u00cdN\u00bb.<\/strong><\/p>\n<p style=\"text-align: center\">Medios:<\/p>\n<p style=\"text-align: center\"><img data-recalc-dims=\"1\" loading=\"lazy\" decoding=\"async\" class=\"aligncenter size-thumbnail wp-image-59912\" src=\"https:\/\/i0.wp.com\/www.manquepierda.com\/historiarealbetis\/files\/2017\/07\/PEDRO-Regueiro-Pagola.jpg?resize=165%2C220&#038;ssl=1\" alt=\"\" width=\"165\" height=\"220\" srcset=\"https:\/\/i0.wp.com\/www.manquepierda.com\/historiarealbetis\/files\/2017\/07\/PEDRO-Regueiro-Pagola.jpg?resize=165%2C220&amp;ssl=1 165w, https:\/\/i0.wp.com\/www.manquepierda.com\/historiarealbetis\/files\/2017\/07\/PEDRO-Regueiro-Pagola.jpg?resize=450%2C600&amp;ssl=1 450w, https:\/\/i0.wp.com\/www.manquepierda.com\/historiarealbetis\/files\/2017\/07\/PEDRO-Regueiro-Pagola.jpg?w=468&amp;ssl=1 468w\" sizes=\"auto, (max-width: 165px) 100vw, 165px\" \/><\/p>\n<p><strong>4-Diestro.-Pedro REGUEIRO Pagola.<\/strong><\/p>\n<p style=\"text-align: center\"><img data-recalc-dims=\"1\" loading=\"lazy\" decoding=\"async\" class=\"aligncenter size-thumbnail wp-image-59913\" src=\"https:\/\/i0.wp.com\/www.manquepierda.com\/historiarealbetis\/files\/2017\/07\/ANGELILLO-%C3%81ngel-Astasio-G%C3%B3mez-MMG-1.jpg?resize=134%2C220&#038;ssl=1\" alt=\"\" width=\"134\" height=\"220\" srcset=\"https:\/\/i0.wp.com\/www.manquepierda.com\/historiarealbetis\/files\/2017\/07\/ANGELILLO-%C3%81ngel-Astasio-G%C3%B3mez-MMG-1.jpg?resize=134%2C220&amp;ssl=1 134w, https:\/\/i0.wp.com\/www.manquepierda.com\/historiarealbetis\/files\/2017\/07\/ANGELILLO-%C3%81ngel-Astasio-G%C3%B3mez-MMG-1.jpg?resize=366%2C600&amp;ssl=1 366w, https:\/\/i0.wp.com\/www.manquepierda.com\/historiarealbetis\/files\/2017\/07\/ANGELILLO-%C3%81ngel-Astasio-G%C3%B3mez-MMG-1.jpg?resize=768%2C1258&amp;ssl=1 768w, https:\/\/i0.wp.com\/www.manquepierda.com\/historiarealbetis\/files\/2017\/07\/ANGELILLO-%C3%81ngel-Astasio-G%C3%B3mez-MMG-1.jpg?resize=427%2C700&amp;ssl=1 427w, https:\/\/i0.wp.com\/www.manquepierda.com\/historiarealbetis\/files\/2017\/07\/ANGELILLO-%C3%81ngel-Astasio-G%C3%B3mez-MMG-1.jpg?w=806&amp;ssl=1 806w\" sizes=\"auto, (max-width: 134px) 100vw, 134px\" \/><\/p>\n<p style=\"text-align: left\"><strong>5-Centro.-\u00c1ngel Astasio G\u00f3mez (a) \u00abANGELILLO\u00bb: <\/strong><\/p>\n<p><strong><em>1-0.-11 minutos.-\u00abTras una jugada personal de Herrera, a modo de ensayo para el futuro y c\u00f3mo pruebas de sus facultades en v\u00edas de recuperaci\u00f3n, origin\u00f3 un lanzamiento de esquina que Altuna sac\u00f3, y \u00c1ngel, bien ubicado, suavemente coloc\u00f3 el bal\u00f3n en el fondo de las mallas alavesas, defendidas por Berist\u00e1in\u00bb.<\/em><\/strong><\/p>\n<p style=\"text-align: center\"><img data-recalc-dims=\"1\" loading=\"lazy\" decoding=\"async\" class=\"aligncenter size-full wp-image-59914\" src=\"https:\/\/i0.wp.com\/www.manquepierda.com\/historiarealbetis\/files\/2017\/07\/ADOLFITO-Adolfo-Sancho-Carrillo-De-Albonoz-01-1.jpg?resize=128%2C182&#038;ssl=1\" alt=\"\" width=\"128\" height=\"182\"><\/p>\n<p><strong>6-Zurdo.-Adolfo Sancho Carrillo De Albornoz (a) \u00abADOLFITO\u00bb-\u00abADOLFO I\u00bb.<\/strong><\/p>\n<p style=\"text-align: center\">Delanteros.-<strong>Se distinguieron: REGUEIRO-HERRERA-ARANDA.<\/strong><\/p>\n<p style=\"text-align: center\"><img data-recalc-dims=\"1\" loading=\"lazy\" decoding=\"async\" class=\"aligncenter size-thumbnail wp-image-59915\" src=\"https:\/\/i0.wp.com\/www.manquepierda.com\/historiarealbetis\/files\/2017\/07\/Jos%C3%A9-ALTUNA-Echegoyen1930-160x220.jpg?resize=160%2C220&#038;ssl=1\" alt=\"\" width=\"160\" height=\"220\" srcset=\"https:\/\/i0.wp.com\/www.manquepierda.com\/historiarealbetis\/files\/2017\/07\/Jos%C3%A9-ALTUNA-Echegoyen1930.jpg?resize=160%2C220&amp;ssl=1 160w, https:\/\/i0.wp.com\/www.manquepierda.com\/historiarealbetis\/files\/2017\/07\/Jos%C3%A9-ALTUNA-Echegoyen1930.jpg?resize=437%2C600&amp;ssl=1 437w, https:\/\/i0.wp.com\/www.manquepierda.com\/historiarealbetis\/files\/2017\/07\/Jos%C3%A9-ALTUNA-Echegoyen1930.jpg?w=454&amp;ssl=1 454w\" sizes=\"auto, (max-width: 160px) 100vw, 160px\" \/><\/p>\n<p><strong>7-Extremo diestro.-Jos\u00e9 ALTUNA Echegoyen:<\/strong><\/p>\n<p><em><strong>2-1.-52 minutos.-\u00abRecogiendo el esf\u00e9rico tras un d\u00e9bil rechace del cancerbero Tiburcio, y entr\u00e1ndole con descaro, fusila al arquero, entrando el pelot\u00f3n en las redes rivales\u00bb<\/strong><\/em><\/p>\n<p style=\"text-align: center\"><img data-recalc-dims=\"1\" loading=\"lazy\" decoding=\"async\" class=\"aligncenter size-thumbnail wp-image-59916\" src=\"https:\/\/i0.wp.com\/www.manquepierda.com\/historiarealbetis\/files\/2017\/07\/ENRIQUE-Garrido-Reguera.png?resize=188%2C220&#038;ssl=1\" alt=\"\" width=\"188\" height=\"220\"><\/p>\n<p><strong>8-Interior diestro.-ENRIQUE Garrido Reguera.<\/strong><\/p>\n<p style=\"text-align: center\"><img data-recalc-dims=\"1\" loading=\"lazy\" decoding=\"async\" class=\"aligncenter size-thumbnail wp-image-59917\" src=\"https:\/\/i0.wp.com\/www.manquepierda.com\/historiarealbetis\/files\/2017\/07\/Ram%C3%B3n-HERRERA-Bueno-MMG-1.jpg?resize=139%2C220&#038;ssl=1\" alt=\"\" width=\"139\" height=\"220\" srcset=\"https:\/\/i0.wp.com\/www.manquepierda.com\/historiarealbetis\/files\/2017\/07\/Ram%C3%B3n-HERRERA-Bueno-MMG-1.jpg?resize=139%2C220&amp;ssl=1 139w, https:\/\/i0.wp.com\/www.manquepierda.com\/historiarealbetis\/files\/2017\/07\/Ram%C3%B3n-HERRERA-Bueno-MMG-1.jpg?resize=380%2C600&amp;ssl=1 380w, https:\/\/i0.wp.com\/www.manquepierda.com\/historiarealbetis\/files\/2017\/07\/Ram%C3%B3n-HERRERA-Bueno-MMG-1.jpg?resize=768%2C1213&amp;ssl=1 768w, https:\/\/i0.wp.com\/www.manquepierda.com\/historiarealbetis\/files\/2017\/07\/Ram%C3%B3n-HERRERA-Bueno-MMG-1.jpg?resize=443%2C700&amp;ssl=1 443w, https:\/\/i0.wp.com\/www.manquepierda.com\/historiarealbetis\/files\/2017\/07\/Ram%C3%B3n-HERRERA-Bueno-MMG-1.jpg?w=1033&amp;ssl=1 1033w\" sizes=\"auto, (max-width: 139px) 100vw, 139px\" \/><\/p>\n<p><strong>9-Centro delantero-Ariete.-Ram\u00f3n HERRERA Bueno:<\/strong><\/p>\n<p><em><strong>3-2.-73 minutos.-\u00abArchisuperior ejecuci\u00f3n, pase de \u00abManol\u00edn\u00bb, que Aranda bombea el cuero hacia el centro, y Bueno envi\u00f3 el bal\u00f3n de cabeza al fondo del marco del Alav\u00e9s, marcador final\u00bb.<\/strong><\/em><\/p>\n<p style=\"text-align: center\"><img data-recalc-dims=\"1\" loading=\"lazy\" decoding=\"async\" class=\"aligncenter size-thumbnail wp-image-59918\" src=\"https:\/\/i0.wp.com\/www.manquepierda.com\/historiarealbetis\/files\/2017\/07\/Andr%C3%A9s-ARANDA-Guti%C3%A9rrez1930-1.jpg?resize=155%2C220&#038;ssl=1\" alt=\"\" width=\"155\" height=\"220\" srcset=\"https:\/\/i0.wp.com\/www.manquepierda.com\/historiarealbetis\/files\/2017\/07\/Andr%C3%A9s-ARANDA-Guti%C3%A9rrez1930-1.jpg?resize=155%2C220&amp;ssl=1 155w, https:\/\/i0.wp.com\/www.manquepierda.com\/historiarealbetis\/files\/2017\/07\/Andr%C3%A9s-ARANDA-Guti%C3%A9rrez1930-1.jpg?resize=422%2C600&amp;ssl=1 422w, https:\/\/i0.wp.com\/www.manquepierda.com\/historiarealbetis\/files\/2017\/07\/Andr%C3%A9s-ARANDA-Guti%C3%A9rrez1930-1.jpg?w=423&amp;ssl=1 423w\" sizes=\"auto, (max-width: 155px) 100vw, 155px\" \/><\/p>\n<p><strong>10-Interior zurdo.-Andr\u00e9s ARANDA Guti\u00e9rrez.<\/strong><\/p>\n<p style=\"text-align: center\"><img data-recalc-dims=\"1\" loading=\"lazy\" decoding=\"async\" class=\"aligncenter size-thumbnail wp-image-59919\" src=\"https:\/\/i0.wp.com\/www.manquepierda.com\/historiarealbetis\/files\/2017\/07\/MANOL%C3%8DN-Manuel-Nogueras-Carretero1930.jpg?resize=172%2C220&#038;ssl=1\" alt=\"\" width=\"172\" height=\"220\" srcset=\"https:\/\/i0.wp.com\/www.manquepierda.com\/historiarealbetis\/files\/2017\/07\/MANOL%C3%8DN-Manuel-Nogueras-Carretero1930.jpg?resize=172%2C220&amp;ssl=1 172w, https:\/\/i0.wp.com\/www.manquepierda.com\/historiarealbetis\/files\/2017\/07\/MANOL%C3%8DN-Manuel-Nogueras-Carretero1930.jpg?resize=470%2C600&amp;ssl=1 470w, https:\/\/i0.wp.com\/www.manquepierda.com\/historiarealbetis\/files\/2017\/07\/MANOL%C3%8DN-Manuel-Nogueras-Carretero1930.jpg?w=476&amp;ssl=1 476w\" sizes=\"auto, (max-width: 172px) 100vw, 172px\" \/><\/p>\n<p><strong>11-Extremo zurdo.-Manuel Nogueras Carretero (a) \u00abMANOL\u00cdN\u00bb.<\/strong><\/p>\n<p style=\"text-align: center\">Vs.<\/p>\n<p>SEGUNDO CLASIFICADO CON 10 PUNTOS (4-ganados+2-empatados+3-perdidos) 21-11 TANTOS FAVOR-CONTRA.<\/p>\n<p style=\"text-align: center\"><strong>Presidente, don F\u00e9lix Alfaro Fournier.<\/strong><\/p>\n<p style=\"text-align: center\">Entrenador, Jos\u00e9 Baonza.<\/p>\n<p style=\"text-align: center\"><img data-recalc-dims=\"1\" loading=\"lazy\" decoding=\"async\" class=\"aligncenter size-thumbnail wp-image-59920\" src=\"https:\/\/i0.wp.com\/www.manquepierda.com\/historiarealbetis\/files\/2017\/07\/Club-Deportivo-Alav%C3%A9s-164x220.gif-164x220.png?resize=164%2C220&#038;ssl=1\" alt=\"\" width=\"164\" height=\"220\"><\/p>\n<p style=\"text-align: center\">CLUB DEPORTIVO ALAV\u00c9S-2 Tantos.<\/p>\n<p style=\"text-align: center\"><img data-recalc-dims=\"1\" loading=\"lazy\" decoding=\"async\" class=\"aligncenter size-thumbnail wp-image-59921\" src=\"https:\/\/i0.wp.com\/www.manquepierda.com\/historiarealbetis\/files\/2017\/07\/TBB.jpg?resize=141%2C220&#038;ssl=1\" alt=\"\" width=\"141\" height=\"220\" srcset=\"https:\/\/i0.wp.com\/www.manquepierda.com\/historiarealbetis\/files\/2017\/07\/TBB.jpg?resize=141%2C220&amp;ssl=1 141w, https:\/\/i0.wp.com\/www.manquepierda.com\/historiarealbetis\/files\/2017\/07\/TBB.jpg?w=183&amp;ssl=1 183w\" sizes=\"auto, (max-width: 141px) 100vw, 141px\" \/><\/p>\n<p>1-<strong>3 goles encajados.-<\/strong>Tiburcio BERIST\u00c1IN Berriozabal.<\/p>\n<p>2-CIRIACO Errasti Suinaga (destac\u00f3), 3-Jacinto Franncisco Fern\u00e1ndez De QUINCOCES L\u00f3pez de Arbina (destac\u00f3).<\/p>\n<p>4-Domingo REY Ciaurriz.-5-Lu\u00eds URQUIRI Urain.-6-\u00abCachi\u00bb MIRANDA.<\/p>\n<p>7-Jacinto CRESPO<strong>.<\/strong><\/p>\n<p style=\"text-align: center\"><img data-recalc-dims=\"1\" loading=\"lazy\" decoding=\"async\" class=\"aligncenter size-full wp-image-59924\" src=\"https:\/\/i0.wp.com\/www.manquepierda.com\/historiarealbetis\/files\/2017\/07\/Calero.jpg?resize=82%2C118&#038;ssl=1\" alt=\"\" width=\"82\" height=\"118\"><\/p>\n<p>8-Andr\u00e9s CALERO Bilbao:<\/p>\n<p><strong>2-2.-53 minutos.-\u00abUn tanto absurdo, motivado por no entenderse Jes\u00fas con \u00abJesus\u00edn\u00bb, y que encima se pusiera de manifiesto los nervios en el once b\u00e9tico\u00bb<\/strong><\/p>\n<p style=\"text-align: center\"><img data-recalc-dims=\"1\" loading=\"lazy\" decoding=\"async\" class=\"aligncenter size-thumbnail wp-image-59922\" src=\"https:\/\/i0.wp.com\/www.manquepierda.com\/historiarealbetis\/files\/2017\/07\/olivares_02.jpg?resize=130%2C220&#038;ssl=1\" alt=\"\" width=\"130\" height=\"220\" srcset=\"https:\/\/i0.wp.com\/www.manquepierda.com\/historiarealbetis\/files\/2017\/07\/olivares_02.jpg?resize=130%2C220&amp;ssl=1 130w, https:\/\/i0.wp.com\/www.manquepierda.com\/historiarealbetis\/files\/2017\/07\/olivares_02.jpg?w=213&amp;ssl=1 213w\" sizes=\"auto, (max-width: 130px) 100vw, 130px\" \/><\/p>\n<p>9-Manuel OLIVARES Lape\u00f1a: <strong>1-1.-48 minutos, que aprovecha el momento en que Jes\u00fas estaba batido\u00bb<\/strong><\/p>\n<p>10-Sandalio ARETA Alcal\u00e1.-11-ANTERO Gonz\u00e1lez De Audicana Inchaurraga.<\/p>\n","protected":false},"excerpt":{"rendered":"<p>SEGUNDA EDICI\u00d3N-CAMPEONATO NACIONAL LIGA SEGUNDA DIVISI\u00d3N-TEMPORADA 1929-1930 DESDE DOMINGO 1\u00ba DICIEMBRE 1929 HASTA DOMINGO 30 MARZO 1930-AMBAS FECHAS INCLUSIVE. 1930-ENERO 26-DOMINGO-BARRIO \u00abEL PORVENIR\u00bb-15&#8217;00 HORAS-CAMPO MUNICIPAL DEPORTES \u00abREAL PATRONATO OBRERO\u00bb-NOVENA JORNADA. Arbitr\u00f3 el colegiado madrile\u00f1o Ezequiel Montero Rom\u00e1n. NOVENO CLASIFICADO CON SIETE PUNTOS (3-GANADOS+1-EMPATADO+5-PERDIDOS) 18-GOLES \u00c1 FAVOR Y 23-TANTOS EN CONTRA. Presidente don Daniel MEZQUITA MORENO&#8230;.<\/p>\n","protected":false},"author":48,"featured_media":59905,"comment_status":"open","ping_status":"open","sticky":false,"template":"","format":"standard","meta":{"_kad_post_transparent":"","_kad_post_title":"","_kad_post_layout":"","_kad_post_sidebar_id":"","_kad_post_content_style":"","_kad_post_vertical_padding":"","_kad_post_feature":"","_kad_post_feature_position":"","_kad_post_header":false,"_kad_post_footer":false,"_kad_post_classname":"","_jetpack_memberships_contains_paid_content":false,"footnotes":"","jetpack_publicize_message":"","jetpack_publicize_feature_enabled":true,"jetpack_social_post_already_shared":true,"jetpack_social_options":{"image_generator_settings":{"template":"highway","default_image_id":0,"font":"","enabled":false},"version":2}},"categories":[899,1],"tags":[2665,17767,984,18009],"class_list":["post-59903","post","type-post","status-publish","format-standard","has-post-thumbnail","hentry","category-1930-1939","category-portada","tag-1929-30","tag-17767","tag-deportivo-alaves","tag-liga-segunda-1929-30"],"jetpack_publicize_connections":[],"jetpack_featured_media_url":"https:\/\/i0.wp.com\/www.manquepierda.com\/historiarealbetis\/files\/2017\/07\/19300126Carleria.jpg?fit=1270%2C577&ssl=1","jetpack_sharing_enabled":true,"jetpack_shortlink":"https:\/\/wp.me\/p1ij08-fAb","jetpack-related-posts":[],"_links":{"self":[{"href":"https:\/\/www.manquepierda.com\/historiarealbetis\/wp-json\/wp\/v2\/posts\/59903","targetHints":{"allow":["GET"]}}],"collection":[{"href":"https:\/\/www.manquepierda.com\/historiarealbetis\/wp-json\/wp\/v2\/posts"}],"about":[{"href":"https:\/\/www.manquepierda.com\/historiarealbetis\/wp-json\/wp\/v2\/types\/post"}],"author":[{"embeddable":true,"href":"https:\/\/www.manquepierda.com\/historiarealbetis\/wp-json\/wp\/v2\/users\/48"}],"replies":[{"embeddable":true,"href":"https:\/\/www.manquepierda.com\/historiarealbetis\/wp-json\/wp\/v2\/comments?post=59903"}],"version-history":[{"count":1,"href":"https:\/\/www.manquepierda.com\/historiarealbetis\/wp-json\/wp\/v2\/posts\/59903\/revisions"}],"predecessor-version":[{"id":90222,"href":"https:\/\/www.manquepierda.com\/historiarealbetis\/wp-json\/wp\/v2\/posts\/59903\/revisions\/90222"}],"wp:featuredmedia":[{"embeddable":true,"href":"https:\/\/www.manquepierda.com\/historiarealbetis\/wp-json\/wp\/v2\/media\/59905"}],"wp:attachment":[{"href":"https:\/\/www.manquepierda.com\/historiarealbetis\/wp-json\/wp\/v2\/media?parent=59903"}],"wp:term":[{"taxonomy":"category","embeddable":true,"href":"https:\/\/www.manquepierda.com\/historiarealbetis\/wp-json\/wp\/v2\/categories?post=59903"},{"taxonomy":"post_tag","embeddable":true,"href":"https:\/\/www.manquepierda.com\/historiarealbetis\/wp-json\/wp\/v2\/tags?post=59903"}],"curies":[{"name":"wp","href":"https:\/\/api.w.org\/{rel}","templated":true}]}}