{"id":60134,"date":"2017-07-24T19:40:47","date_gmt":"2017-07-24T17:40:47","guid":{"rendered":"http:\/\/www.manquepierda.com\/historiarealbetis\/?p=60134"},"modified":"2024-08-23T17:20:30","modified_gmt":"2024-08-23T15:20:30","slug":"1931-febrero-1-segunda-division-betis-balompie-0-valencia-cf-1-recortes-prensa","status":"publish","type":"post","link":"https:\/\/www.manquepierda.com\/historiarealbetis\/1931-febrero-1-segunda-division-betis-balompie-0-valencia-cf-1-recortes-prensa\/","title":{"rendered":"1931-Febrero 1-Segunda Divisi\u00f3n.-Betis Balompi\u00e9-0 Valencia Cf-1.-Recortes Prensa."},"content":{"rendered":"<p>TERCERA EDICI\u00d3N-CAMPEONATO NACIONAL LIGA SEGUNDA DIVISI\u00d3N-TEMPORADA 1930-1931 DESDE DOMINGO 7 DICIEMBRE 1930 HASTA DOMINGO 5 ABRIL 1931-AMBOS INCLUSIVE.<\/p>\n<p style=\"text-align: center\"><img data-recalc-dims=\"1\" loading=\"lazy\" decoding=\"async\" class=\"aligncenter size-medium wp-image-60135\" src=\"https:\/\/i0.wp.com\/www.manquepierda.com\/historiarealbetis\/files\/2017\/07\/19310203SERRANO.jpg?resize=680%2C451&#038;ssl=1\" alt=\"\" width=\"680\" height=\"451\" srcset=\"https:\/\/i0.wp.com\/www.manquepierda.com\/historiarealbetis\/files\/2017\/07\/19310203SERRANO.jpg?resize=680%2C451&amp;ssl=1 680w, https:\/\/i0.wp.com\/www.manquepierda.com\/historiarealbetis\/files\/2017\/07\/19310203SERRANO.jpg?resize=220%2C146&amp;ssl=1 220w, https:\/\/i0.wp.com\/www.manquepierda.com\/historiarealbetis\/files\/2017\/07\/19310203SERRANO.jpg?resize=768%2C509&amp;ssl=1 768w, https:\/\/i0.wp.com\/www.manquepierda.com\/historiarealbetis\/files\/2017\/07\/19310203SERRANO.jpg?resize=960%2C636&amp;ssl=1 960w, https:\/\/i0.wp.com\/www.manquepierda.com\/historiarealbetis\/files\/2017\/07\/19310203SERRANO.jpg?w=2040&amp;ssl=1 2040w\" sizes=\"auto, (max-width: 680px) 100vw, 680px\" \/><\/p>\n<p style=\"text-align: center\"><em>\u00abUna buena salida de Cano, el guardameta valenciano\u00bb <\/em>Foto Dubois-ABC-Madrid 19310203-Martes.<\/p>\n<p><strong>1931-FEBRERO 01-DOMINGO-BARRIO \u00abEL PORVENIR\u00bb-CAMPO MUNICIPAL DEPORTES \u00abREAL PATRONATO OBRERO\u00bb.-GRAN ESPECTACI\u00d3N.-NOVENA JORNADA.<\/strong><\/p>\n<p style=\"text-align: center\"><img data-recalc-dims=\"1\" loading=\"lazy\" decoding=\"async\" class=\"aligncenter size-thumbnail wp-image-60136\" src=\"https:\/\/i0.wp.com\/www.manquepierda.com\/historiarealbetis\/files\/2017\/07\/PEDRO-ESCART%C3%8DN-MOR%C3%81N.png?resize=142%2C220&#038;ssl=1\" alt=\"\" width=\"142\" height=\"220\" srcset=\"https:\/\/i0.wp.com\/www.manquepierda.com\/historiarealbetis\/files\/2017\/07\/PEDRO-ESCART%C3%8DN-MOR%C3%81N.png?resize=142%2C220&amp;ssl=1 142w, https:\/\/i0.wp.com\/www.manquepierda.com\/historiarealbetis\/files\/2017\/07\/PEDRO-ESCART%C3%8DN-MOR%C3%81N.png?w=259&amp;ssl=1 259w\" sizes=\"auto, (max-width: 142px) 100vw, 142px\" \/><\/p>\n<p style=\"text-align: center\">Pedro ESCART\u00cdN Mor\u00e1n (28 a\u00f1os+6 meses menos 9 d\u00edas)-Natural de Madrid, domingo 10-VIII-1902.<\/p>\n<p><strong><em>\u00abDominio absoluto del Betis Balompi\u00e9 y juego duro de la defensa del Valencia Cf, consentido por el se\u00f1or Escart\u00edn, que, una vez m\u00e1s perjudic\u00f3 al Betis con su arbitraje\u00bb.<\/em><\/strong><\/p>\n<p style=\"text-align: center\">AMBAS ESCUADRAS SE ALINEARON DE LA MANERA SIGUIENTE:<\/p>\n<p style=\"text-align: left\"><strong>SEGUNDO CLASIFICADO CON 12 PUNTOS (5-GANADOS+2-EMPATADOS+2-PERDIDOS) 16-GOLES \u00c1 FAVOR Y 12-TANTOS EN CONTRA.<\/strong><\/p>\n<p style=\"text-align: left\"><em><strong>Presidente don Jos\u00e9 Ignacio MANTEC\u00d3N NAVASAL (28 a\u00f1os+5 meses menos 25 d\u00edas)-Natural de Zaragoza, <img data-recalc-dims=\"1\" loading=\"lazy\" decoding=\"async\" class=\"alignright size-full wp-image-60137\" src=\"https:\/\/i0.wp.com\/www.manquepierda.com\/historiarealbetis\/files\/2017\/07\/Jos%C3%A9-Ignacio-MANTEC%C3%93N-NAVASAL-1-4.jpg?resize=161%2C202&#038;ssl=1\" alt=\"\" width=\"161\" height=\"202\" \/>lunes 29 Septiembre de 1902.-Septiembre 1926 es destinado al Archivo General de Indias en Sevilla, siendo Oficial 3\u00ba del Cuerpo Facultativo de Archiveros, Bibliotecarios y Arque\u00f3logos de Espa\u00f1a.<\/strong><\/em><\/p>\n<p style=\"text-align: left\"><em><strong>Obituario en M\u00e9xico-Distrito Federal-domingo 20 Junio de 1982 (78 A\u00f1os+9 meses menos 6 d\u00edas) D. E. P.<\/strong><\/em><\/p>\n<p style=\"text-align: left\"><strong><img data-recalc-dims=\"1\" loading=\"lazy\" decoding=\"async\" class=\"alignleft size-thumbnail wp-image-60138\" src=\"https:\/\/i0.wp.com\/www.manquepierda.com\/historiarealbetis\/files\/2017\/07\/Emilio-SAMPERE-Oliveras-01-2.jpg?resize=150%2C220&#038;ssl=1\" alt=\"\" width=\"150\" height=\"220\" \/>Entrenador, Emilio SAMPERE Oliveras (36 a\u00f1os+1 mes menos 7 d\u00edas)-Natural de Barcelona, martes 8 Enero de 1895.-\u00cddem, domingo 4 Diciembre de 1966 (71 A\u00f1os+11 meses menos 4 d\u00edas) D. E. P.<\/strong><\/p>\n<p><em>\u00abEn el campo del \u00abPatronato\u00bb lucharon estos dos equipos un partido emocionante y lleno de incidentes provocado por la mala actuaci\u00f3n del \u00e1rbitro madrile\u00f1o Escart\u00edn que perjudic\u00f3 con sus decisiones al equipo verde y blanco.<\/em><\/p>\n<p style=\"text-align: left\">El primer tiempo el dominio fue absoluto del Betis Balompi\u00e9, que jugaban con el entusiasmo en ellos corriente esta temporada.<\/p>\n<p>En este tiempo, el \u00fanico tanto de la tarde se consigui\u00f3, con la consabida bronca para Pedro Escart\u00edn que no ve las faltas de los valencianos y s\u00ed la de los sevillanos.<\/p>\n<p><em>La segunda mitad fue una continua bronca y de no haber habido una pareja de guardias civiles, Pedro Escart\u00edn Mor\u00e1n lo habr\u00eda pasado mal. <\/em><\/p>\n<p><em>Termin\u00f3 el partido con 0-1 \u00e1 favor de los ch\u00e9s que jugaron bastante mal. No fue posible que destacara nadie con un juego que m\u00e1s que f\u00fatbol parec\u00eda rugby\u00bb. <\/em>Fuente \u00abLa Tierra\u00bb-Madrid.<\/p>\n<p style=\"text-align: center\"><img data-recalc-dims=\"1\" loading=\"lazy\" decoding=\"async\" class=\"aligncenter size-thumbnail wp-image-60139\" src=\"https:\/\/i0.wp.com\/www.manquepierda.com\/historiarealbetis\/files\/2017\/07\/ESCUDO-1925-4.jpg?resize=161%2C220&#038;ssl=1\" alt=\"\" width=\"161\" height=\"220\" srcset=\"https:\/\/i0.wp.com\/www.manquepierda.com\/historiarealbetis\/files\/2017\/07\/ESCUDO-1925-4.jpg?resize=161%2C220&amp;ssl=1 161w, https:\/\/i0.wp.com\/www.manquepierda.com\/historiarealbetis\/files\/2017\/07\/ESCUDO-1925-4.jpg?w=266&amp;ssl=1 266w\" sizes=\"auto, (max-width: 161px) 100vw, 161px\" \/><\/p>\n<p style=\"text-align: center\"><strong>REAL BETIS BALOMPI\u00c9-0 Goles.<\/strong><\/p>\n<p style=\"text-align: center\">Guardameta:<\/p>\n<p style=\"text-align: center\"><img data-recalc-dims=\"1\" loading=\"lazy\" decoding=\"async\" class=\"aligncenter size-thumbnail wp-image-60140\" src=\"https:\/\/i0.wp.com\/www.manquepierda.com\/historiarealbetis\/files\/2017\/07\/JES%C3%9AS-Bern%C3%A1ldez-Moreno-Manos-Duras1930-2.jpg?resize=172%2C220&#038;ssl=1\" alt=\"\" width=\"172\" height=\"220\" srcset=\"https:\/\/i0.wp.com\/www.manquepierda.com\/historiarealbetis\/files\/2017\/07\/JES%C3%9AS-Bern%C3%A1ldez-Moreno-Manos-Duras1930-2.jpg?resize=172%2C220&amp;ssl=1 172w, https:\/\/i0.wp.com\/www.manquepierda.com\/historiarealbetis\/files\/2017\/07\/JES%C3%9AS-Bern%C3%A1ldez-Moreno-Manos-Duras1930-2.jpg?resize=469%2C600&amp;ssl=1 469w, https:\/\/i0.wp.com\/www.manquepierda.com\/historiarealbetis\/files\/2017\/07\/JES%C3%9AS-Bern%C3%A1ldez-Moreno-Manos-Duras1930-2.jpg?w=479&amp;ssl=1 479w\" sizes=\"auto, (max-width: 172px) 100vw, 172px\" \/><\/p>\n<p><strong>1-Un tanto encajado.-JES\u00daS Bern\u00e1ldez Moreno \u00abManos duras\u00bb.<\/strong><\/p>\n<p style=\"text-align: center\">Zagueros:<\/p>\n<p style=\"text-align: center\"><img data-recalc-dims=\"1\" loading=\"lazy\" decoding=\"async\" class=\"aligncenter size-thumbnail wp-image-60141\" src=\"https:\/\/i0.wp.com\/www.manquepierda.com\/historiarealbetis\/files\/2017\/07\/Lorenzo-TONDO-Gil1930-2.jpg?resize=163%2C220&#038;ssl=1\" alt=\"\" width=\"163\" height=\"220\" srcset=\"https:\/\/i0.wp.com\/www.manquepierda.com\/historiarealbetis\/files\/2017\/07\/Lorenzo-TONDO-Gil1930-2.jpg?resize=163%2C220&amp;ssl=1 163w, https:\/\/i0.wp.com\/www.manquepierda.com\/historiarealbetis\/files\/2017\/07\/Lorenzo-TONDO-Gil1930-2.jpg?resize=444%2C600&amp;ssl=1 444w, https:\/\/i0.wp.com\/www.manquepierda.com\/historiarealbetis\/files\/2017\/07\/Lorenzo-TONDO-Gil1930-2.jpg?w=468&amp;ssl=1 468w\" sizes=\"auto, (max-width: 163px) 100vw, 163px\" \/><\/p>\n<p><strong>2-Lateral diestro.-Lorenzo TONDO Gil.<\/strong><\/p>\n<p style=\"text-align: center\"><img data-recalc-dims=\"1\" loading=\"lazy\" decoding=\"async\" class=\"aligncenter size-thumbnail wp-image-60142\" src=\"https:\/\/i0.wp.com\/www.manquepierda.com\/historiarealbetis\/files\/2017\/07\/Andr%C3%A9s-ARANDA-Guti%C3%A9rrez1930-3.jpg?resize=155%2C220&#038;ssl=1\" alt=\"\" width=\"155\" height=\"220\" srcset=\"https:\/\/i0.wp.com\/www.manquepierda.com\/historiarealbetis\/files\/2017\/07\/Andr%C3%A9s-ARANDA-Guti%C3%A9rrez1930-3.jpg?resize=155%2C220&amp;ssl=1 155w, https:\/\/i0.wp.com\/www.manquepierda.com\/historiarealbetis\/files\/2017\/07\/Andr%C3%A9s-ARANDA-Guti%C3%A9rrez1930-3.jpg?resize=422%2C600&amp;ssl=1 422w, https:\/\/i0.wp.com\/www.manquepierda.com\/historiarealbetis\/files\/2017\/07\/Andr%C3%A9s-ARANDA-Guti%C3%A9rrez1930-3.jpg?w=423&amp;ssl=1 423w\" sizes=\"auto, (max-width: 155px) 100vw, 155px\" \/><\/p>\n<p><strong>3-Lateral zurdo.-Andr\u00e9s ARANDA Guti\u00e9rrez.-<em>\u00abpenalti por manos de Andr\u00e9s en el primer tiempo\u00bb.<\/em><\/strong><\/p>\n<p style=\"text-align: center\">Medios:<\/p>\n<p style=\"text-align: center\"><img data-recalc-dims=\"1\" loading=\"lazy\" decoding=\"async\" class=\"aligncenter size-thumbnail wp-image-60143\" src=\"https:\/\/i0.wp.com\/www.manquepierda.com\/historiarealbetis\/files\/2017\/07\/Juan-MART%C3%8DN-1.jpg?resize=124%2C220&#038;ssl=1\" alt=\"\" width=\"124\" height=\"220\" srcset=\"https:\/\/i0.wp.com\/www.manquepierda.com\/historiarealbetis\/files\/2017\/07\/Juan-MART%C3%8DN-1.jpg?resize=124%2C220&amp;ssl=1 124w, https:\/\/i0.wp.com\/www.manquepierda.com\/historiarealbetis\/files\/2017\/07\/Juan-MART%C3%8DN-1.jpg?resize=338%2C600&amp;ssl=1 338w, https:\/\/i0.wp.com\/www.manquepierda.com\/historiarealbetis\/files\/2017\/07\/Juan-MART%C3%8DN-1.jpg?w=378&amp;ssl=1 378w\" sizes=\"auto, (max-width: 124px) 100vw, 124px\" \/><\/p>\n<p><strong>4-Diestro.-Juan MART\u00cdN.<\/strong><\/p>\n<p style=\"text-align: center\"><img data-recalc-dims=\"1\" loading=\"lazy\" decoding=\"async\" class=\"aligncenter size-thumbnail wp-image-60144\" src=\"https:\/\/i0.wp.com\/www.manquepierda.com\/historiarealbetis\/files\/2017\/07\/Enrique-SOLADRERO-Arbide-01-2.jpg?resize=158%2C220&#038;ssl=1\" alt=\"\" width=\"158\" height=\"220\" srcset=\"https:\/\/i0.wp.com\/www.manquepierda.com\/historiarealbetis\/files\/2017\/07\/Enrique-SOLADRERO-Arbide-01-2.jpg?resize=158%2C220&amp;ssl=1 158w, https:\/\/i0.wp.com\/www.manquepierda.com\/historiarealbetis\/files\/2017\/07\/Enrique-SOLADRERO-Arbide-01-2.jpg?resize=430%2C600&amp;ssl=1 430w, https:\/\/i0.wp.com\/www.manquepierda.com\/historiarealbetis\/files\/2017\/07\/Enrique-SOLADRERO-Arbide-01-2.jpg?w=454&amp;ssl=1 454w\" sizes=\"auto, (max-width: 158px) 100vw, 158px\" \/><\/p>\n<p><strong>5-Centro.-Enrique SOLADRERO Arbide.<\/strong><\/p>\n<p style=\"text-align: center\"><img data-recalc-dims=\"1\" loading=\"lazy\" decoding=\"async\" class=\"aligncenter size-thumbnail wp-image-60145\" src=\"https:\/\/i0.wp.com\/www.manquepierda.com\/historiarealbetis\/files\/2017\/07\/PERAL-Jos%C3%A9-Su%C3%A1rez-Gonz%C3%A1lez1929-2.jpg?resize=167%2C220&#038;ssl=1\" alt=\"\" width=\"167\" height=\"220\" srcset=\"https:\/\/i0.wp.com\/www.manquepierda.com\/historiarealbetis\/files\/2017\/07\/PERAL-Jos%C3%A9-Su%C3%A1rez-Gonz%C3%A1lez1929-2.jpg?resize=167%2C220&amp;ssl=1 167w, https:\/\/i0.wp.com\/www.manquepierda.com\/historiarealbetis\/files\/2017\/07\/PERAL-Jos%C3%A9-Su%C3%A1rez-Gonz%C3%A1lez1929-2.jpg?resize=457%2C600&amp;ssl=1 457w, https:\/\/i0.wp.com\/www.manquepierda.com\/historiarealbetis\/files\/2017\/07\/PERAL-Jos%C3%A9-Su%C3%A1rez-Gonz%C3%A1lez1929-2.jpg?w=472&amp;ssl=1 472w\" sizes=\"auto, (max-width: 167px) 100vw, 167px\" \/><\/p>\n<p><strong>6-Zurdo.-Jos\u00e9 Su\u00e1rez Gonz\u00e1lez (a) \u00abPERAL\u00bb.<\/strong><\/p>\n<p style=\"text-align: center\">Delanteros.<\/p>\n<p style=\"text-align: center\"><img data-recalc-dims=\"1\" loading=\"lazy\" decoding=\"async\" class=\"aligncenter size-thumbnail wp-image-60146\" src=\"https:\/\/i0.wp.com\/www.manquepierda.com\/historiarealbetis\/files\/2017\/07\/TIMIMI-Pedro-Gonz%C3%A1lez-S%C3%A1nchez1930-2.jpg?resize=164%2C220&#038;ssl=1\" alt=\"\" width=\"164\" height=\"220\" srcset=\"https:\/\/i0.wp.com\/www.manquepierda.com\/historiarealbetis\/files\/2017\/07\/TIMIMI-Pedro-Gonz%C3%A1lez-S%C3%A1nchez1930-2.jpg?resize=164%2C220&amp;ssl=1 164w, https:\/\/i0.wp.com\/www.manquepierda.com\/historiarealbetis\/files\/2017\/07\/TIMIMI-Pedro-Gonz%C3%A1lez-S%C3%A1nchez1930-2.jpg?resize=446%2C600&amp;ssl=1 446w, https:\/\/i0.wp.com\/www.manquepierda.com\/historiarealbetis\/files\/2017\/07\/TIMIMI-Pedro-Gonz%C3%A1lez-S%C3%A1nchez1930-2.jpg?w=470&amp;ssl=1 470w\" sizes=\"auto, (max-width: 164px) 100vw, 164px\" \/><\/p>\n<p><strong>7-Extremo diestro.-Pedro Gonz\u00e1lez S\u00e1nchez (a) \u00abTIMIMI\u00bb.<\/strong><\/p>\n<p style=\"text-align: center\"><img data-recalc-dims=\"1\" loading=\"lazy\" decoding=\"async\" class=\"aligncenter size-thumbnail wp-image-60147\" src=\"https:\/\/i0.wp.com\/www.manquepierda.com\/historiarealbetis\/files\/2017\/07\/ADOLFO-II-Adolfo-Mart%C3%ADn-Gonz%C3%A1lez1930-2.jpg?resize=171%2C220&#038;ssl=1\" alt=\"\" width=\"171\" height=\"220\" srcset=\"https:\/\/i0.wp.com\/www.manquepierda.com\/historiarealbetis\/files\/2017\/07\/ADOLFO-II-Adolfo-Mart%C3%ADn-Gonz%C3%A1lez1930-2.jpg?resize=171%2C220&amp;ssl=1 171w, https:\/\/i0.wp.com\/www.manquepierda.com\/historiarealbetis\/files\/2017\/07\/ADOLFO-II-Adolfo-Mart%C3%ADn-Gonz%C3%A1lez1930-2.jpg?resize=467%2C600&amp;ssl=1 467w, https:\/\/i0.wp.com\/www.manquepierda.com\/historiarealbetis\/files\/2017\/07\/ADOLFO-II-Adolfo-Mart%C3%ADn-Gonz%C3%A1lez1930-2.jpg?w=481&amp;ssl=1 481w\" sizes=\"auto, (max-width: 171px) 100vw, 171px\" \/><\/p>\n<p><strong>8-Interior diestro.-Adolfo Mart\u00edn Gonz\u00e1lez (a) \u00abADOLFO II\u00bb.<\/strong><\/p>\n<p style=\"text-align: center\"><img data-recalc-dims=\"1\" loading=\"lazy\" decoding=\"async\" class=\"aligncenter size-thumbnail wp-image-60148\" src=\"https:\/\/i0.wp.com\/www.manquepierda.com\/historiarealbetis\/files\/2017\/07\/%C3%81ngel-Antonio-CARRE%C3%91O-Malpartida-MMG-1.jpg?resize=138%2C220&#038;ssl=1\" alt=\"\" width=\"138\" height=\"220\" srcset=\"https:\/\/i0.wp.com\/www.manquepierda.com\/historiarealbetis\/files\/2017\/07\/%C3%81ngel-Antonio-CARRE%C3%91O-Malpartida-MMG-1.jpg?resize=138%2C220&amp;ssl=1 138w, https:\/\/i0.wp.com\/www.manquepierda.com\/historiarealbetis\/files\/2017\/07\/%C3%81ngel-Antonio-CARRE%C3%91O-Malpartida-MMG-1.jpg?resize=378%2C600&amp;ssl=1 378w, https:\/\/i0.wp.com\/www.manquepierda.com\/historiarealbetis\/files\/2017\/07\/%C3%81ngel-Antonio-CARRE%C3%91O-Malpartida-MMG-1.jpg?resize=768%2C1220&amp;ssl=1 768w, https:\/\/i0.wp.com\/www.manquepierda.com\/historiarealbetis\/files\/2017\/07\/%C3%81ngel-Antonio-CARRE%C3%91O-Malpartida-MMG-1.jpg?resize=441%2C700&amp;ssl=1 441w, https:\/\/i0.wp.com\/www.manquepierda.com\/historiarealbetis\/files\/2017\/07\/%C3%81ngel-Antonio-CARRE%C3%91O-Malpartida-MMG-1.jpg?w=1046&amp;ssl=1 1046w\" sizes=\"auto, (max-width: 138px) 100vw, 138px\" \/><\/p>\n<p><strong>9-Centro delantero-Ariete.-\u00c1ngel Antonio CARRE\u00d1O Malpartida.<\/strong><\/p>\n<p style=\"text-align: center\"><img data-recalc-dims=\"1\" loading=\"lazy\" decoding=\"async\" class=\"aligncenter size-thumbnail wp-image-60149\" src=\"https:\/\/i0.wp.com\/www.manquepierda.com\/historiarealbetis\/files\/2017\/07\/ENRIQUE-Garrido-Reguera1930-3.jpg?resize=164%2C220&#038;ssl=1\" alt=\"\" width=\"164\" height=\"220\" srcset=\"https:\/\/i0.wp.com\/www.manquepierda.com\/historiarealbetis\/files\/2017\/07\/ENRIQUE-Garrido-Reguera1930-3.jpg?resize=164%2C220&amp;ssl=1 164w, https:\/\/i0.wp.com\/www.manquepierda.com\/historiarealbetis\/files\/2017\/07\/ENRIQUE-Garrido-Reguera1930-3.jpg?resize=446%2C600&amp;ssl=1 446w, https:\/\/i0.wp.com\/www.manquepierda.com\/historiarealbetis\/files\/2017\/07\/ENRIQUE-Garrido-Reguera1930-3.jpg?w=464&amp;ssl=1 464w\" sizes=\"auto, (max-width: 164px) 100vw, 164px\" \/><\/p>\n<p><strong>10-Interior zurdo.-ENRIQUE Garrido Reguera.<\/strong><\/p>\n<p style=\"text-align: center\"><img data-recalc-dims=\"1\" loading=\"lazy\" decoding=\"async\" class=\"aligncenter size-thumbnail wp-image-60150\" src=\"https:\/\/i0.wp.com\/www.manquepierda.com\/historiarealbetis\/files\/2017\/07\/Rafael-SANZ1930-4.jpg?resize=165%2C220&#038;ssl=1\" alt=\"\" width=\"165\" height=\"220\" srcset=\"https:\/\/i0.wp.com\/www.manquepierda.com\/historiarealbetis\/files\/2017\/07\/Rafael-SANZ1930-4.jpg?resize=165%2C220&amp;ssl=1 165w, https:\/\/i0.wp.com\/www.manquepierda.com\/historiarealbetis\/files\/2017\/07\/Rafael-SANZ1930-4.jpg?resize=450%2C600&amp;ssl=1 450w, https:\/\/i0.wp.com\/www.manquepierda.com\/historiarealbetis\/files\/2017\/07\/Rafael-SANZ1930-4.jpg?w=480&amp;ssl=1 480w\" sizes=\"auto, (max-width: 165px) 100vw, 165px\" \/><\/p>\n<p><strong>11-Extremo zurdo.-Rafael SANZ.<\/strong><\/p>\n<p style=\"text-align: center\">Vs.<\/p>\n<p style=\"text-align: center\"><img data-recalc-dims=\"1\" loading=\"lazy\" decoding=\"async\" class=\"aligncenter size-medium wp-image-60152\" src=\"https:\/\/i0.wp.com\/www.manquepierda.com\/historiarealbetis\/files\/2017\/07\/1931-02-01AhoraMadrid1.jpg?resize=657%2C600&#038;ssl=1\" alt=\"\" width=\"657\" height=\"600\" srcset=\"https:\/\/i0.wp.com\/www.manquepierda.com\/historiarealbetis\/files\/2017\/07\/1931-02-01AhoraMadrid1.jpg?resize=657%2C600&amp;ssl=1 657w, https:\/\/i0.wp.com\/www.manquepierda.com\/historiarealbetis\/files\/2017\/07\/1931-02-01AhoraMadrid1.jpg?resize=220%2C201&amp;ssl=1 220w, https:\/\/i0.wp.com\/www.manquepierda.com\/historiarealbetis\/files\/2017\/07\/1931-02-01AhoraMadrid1.jpg?resize=768%2C702&amp;ssl=1 768w, https:\/\/i0.wp.com\/www.manquepierda.com\/historiarealbetis\/files\/2017\/07\/1931-02-01AhoraMadrid1.jpg?resize=766%2C700&amp;ssl=1 766w, https:\/\/i0.wp.com\/www.manquepierda.com\/historiarealbetis\/files\/2017\/07\/1931-02-01AhoraMadrid1.jpg?w=984&amp;ssl=1 984w\" sizes=\"auto, (max-width: 657px) 100vw, 657px\" \/><\/p>\n<p style=\"text-align: center\"><img data-recalc-dims=\"1\" loading=\"lazy\" decoding=\"async\" class=\"aligncenter size-medium wp-image-60153\" src=\"https:\/\/i0.wp.com\/www.manquepierda.com\/historiarealbetis\/files\/2017\/07\/1931-02-01AhoraMadrid2.jpg?resize=379%2C600&#038;ssl=1\" alt=\"\" width=\"379\" height=\"600\" srcset=\"https:\/\/i0.wp.com\/www.manquepierda.com\/historiarealbetis\/files\/2017\/07\/1931-02-01AhoraMadrid2.jpg?resize=379%2C600&amp;ssl=1 379w, https:\/\/i0.wp.com\/www.manquepierda.com\/historiarealbetis\/files\/2017\/07\/1931-02-01AhoraMadrid2.jpg?resize=139%2C220&amp;ssl=1 139w, https:\/\/i0.wp.com\/www.manquepierda.com\/historiarealbetis\/files\/2017\/07\/1931-02-01AhoraMadrid2.jpg?resize=442%2C700&amp;ssl=1 442w, https:\/\/i0.wp.com\/www.manquepierda.com\/historiarealbetis\/files\/2017\/07\/1931-02-01AhoraMadrid2.jpg?w=672&amp;ssl=1 672w\" sizes=\"auto, (max-width: 379px) 100vw, 379px\" \/><\/p>\n<p>TERCER CLASIFICADO CON 12 PUNTOS (5ganados+2empatados+2perdidos) 13-11 TANTOS FAVOR-CONTRA.<\/p>\n<p style=\"text-align: center\"><strong>1929-1932.-Presidente don Juan Gim\u00e9nez C\u00e1novas.<\/strong><\/p>\n<p style=\"text-align: center\">Julio 1929 \u00e1 Junio 1935.-Entrenador Antonin FIV\u00c9BR (Checo).<\/p>\n<p style=\"text-align: center\"><img data-recalc-dims=\"1\" loading=\"lazy\" decoding=\"async\" class=\"aligncenter size-thumbnail wp-image-60156\" src=\"https:\/\/i0.wp.com\/www.manquepierda.com\/historiarealbetis\/files\/2017\/07\/VCF1926.jpg?resize=168%2C220&#038;ssl=1\" alt=\"\" width=\"168\" height=\"220\" srcset=\"https:\/\/i0.wp.com\/www.manquepierda.com\/historiarealbetis\/files\/2017\/07\/VCF1926.jpg?resize=168%2C220&amp;ssl=1 168w, https:\/\/i0.wp.com\/www.manquepierda.com\/historiarealbetis\/files\/2017\/07\/VCF1926.jpg?w=435&amp;ssl=1 435w\" sizes=\"auto, (max-width: 168px) 100vw, 168px\" \/><\/p>\n<p style=\"text-align: center\">VALENCIA CLUB F\u00daTBOL-1 Tanto.<\/p>\n<p style=\"text-align: center\"><img data-recalc-dims=\"1\" loading=\"lazy\" decoding=\"async\" class=\"aligncenter size-full wp-image-60158\" src=\"https:\/\/i0.wp.com\/www.manquepierda.com\/historiarealbetis\/files\/2017\/07\/eCS.jpg?resize=133%2C177&#038;ssl=1\" alt=\"\" width=\"133\" height=\"177\" \/><\/p>\n<p>1-Enrique CANO Sayas.<\/p>\n<p>2-Juan MELENCH\u00d3N P\u00e9rez.-3-Benito TORREGARAY M\u00fagica; 4-Manuel IMOSSI.-5-Antonio CONDE Aja.-6-Cirilo AMOR\u00d3S Bohen; 7-Domingo TORREDEFLOT Sol\u00e9.<\/p>\n<p style=\"text-align: center\"><img data-recalc-dims=\"1\" loading=\"lazy\" decoding=\"async\" class=\"aligncenter size-full wp-image-60159\" src=\"https:\/\/i0.wp.com\/www.manquepierda.com\/historiarealbetis\/files\/2017\/07\/Picol%C3%ADn.jpg?resize=56%2C83&#038;ssl=1\" alt=\"\" width=\"56\" height=\"83\" \/><\/p>\n<p style=\"text-align: left\">8-Valent\u00edn Reig Boix (a) \u00abPICOL\u00cdN\u00bb: \u00abEn una arrancada de las contada de los blancos, <strong>Aranda tuvo la ocurrencia de cortar con la mano, y el castigo consiguiente hubo de traducirse en el 0-1 que hab\u00eda de proclamar vencedores \u00e1 los jugadores del equipo visitante, oficiando de rematador Valent\u00edn Reig\u00bb.<\/strong><\/p>\n<p>9-Lu\u00eds Jes\u00fas NAVARRO Mazotti.-10-Jos\u00e9 VILANOVA Rubio.-11-Antonio S\u00c1NCHEZ Pla.<\/p>\n<p>&nbsp;<\/p>\n<p>&nbsp;<\/p>\n<p>&nbsp;<\/p>\n","protected":false},"excerpt":{"rendered":"<p>TERCERA EDICI\u00d3N-CAMPEONATO NACIONAL LIGA SEGUNDA DIVISI\u00d3N-TEMPORADA 1930-1931 DESDE DOMINGO 7 DICIEMBRE 1930 HASTA DOMINGO 5 ABRIL 1931-AMBOS INCLUSIVE. \u00abUna buena salida de Cano, el guardameta valenciano\u00bb Foto Dubois-ABC-Madrid 19310203-Martes. 1931-FEBRERO 01-DOMINGO-BARRIO \u00abEL PORVENIR\u00bb-CAMPO MUNICIPAL DEPORTES \u00abREAL PATRONATO OBRERO\u00bb.-GRAN ESPECTACI\u00d3N.-NOVENA JORNADA. Pedro ESCART\u00cdN Mor\u00e1n (28 a\u00f1os+6 meses menos 9 d\u00edas)-Natural de Madrid, domingo 10-VIII-1902. \u00abDominio absoluto&#8230;<\/p>\n","protected":false},"author":48,"featured_media":60135,"comment_status":"open","ping_status":"open","sticky":false,"template":"","format":"standard","meta":{"_kad_post_transparent":"","_kad_post_title":"","_kad_post_layout":"","_kad_post_sidebar_id":"","_kad_post_content_style":"","_kad_post_vertical_padding":"","_kad_post_feature":"","_kad_post_feature_position":"","_kad_post_header":false,"_kad_post_footer":false,"_kad_post_classname":"","_jetpack_memberships_contains_paid_content":false,"footnotes":"","jetpack_publicize_message":"","jetpack_publicize_feature_enabled":true,"jetpack_social_post_already_shared":true,"jetpack_social_options":{"image_generator_settings":{"template":"highway","default_image_id":0,"font":"","enabled":false},"version":2}},"categories":[899,1],"tags":[2925,1029,18000,2285],"class_list":["post-60134","post","type-post","status-publish","format-standard","has-post-thumbnail","hentry","category-1930-1939","category-portada","tag-1930-31","tag-1029","tag-liga-segunda-1930-31","tag-valencia-cf"],"jetpack_publicize_connections":[],"jetpack_featured_media_url":"https:\/\/i0.wp.com\/www.manquepierda.com\/historiarealbetis\/files\/2017\/07\/19310203SERRANO.jpg?fit=2040%2C1352&ssl=1","jetpack_sharing_enabled":true,"jetpack_shortlink":"https:\/\/wp.me\/p1ij08-fDU","jetpack-related-posts":[],"_links":{"self":[{"href":"https:\/\/www.manquepierda.com\/historiarealbetis\/wp-json\/wp\/v2\/posts\/60134","targetHints":{"allow":["GET"]}}],"collection":[{"href":"https:\/\/www.manquepierda.com\/historiarealbetis\/wp-json\/wp\/v2\/posts"}],"about":[{"href":"https:\/\/www.manquepierda.com\/historiarealbetis\/wp-json\/wp\/v2\/types\/post"}],"author":[{"embeddable":true,"href":"https:\/\/www.manquepierda.com\/historiarealbetis\/wp-json\/wp\/v2\/users\/48"}],"replies":[{"embeddable":true,"href":"https:\/\/www.manquepierda.com\/historiarealbetis\/wp-json\/wp\/v2\/comments?post=60134"}],"version-history":[{"count":1,"href":"https:\/\/www.manquepierda.com\/historiarealbetis\/wp-json\/wp\/v2\/posts\/60134\/revisions"}],"predecessor-version":[{"id":97677,"href":"https:\/\/www.manquepierda.com\/historiarealbetis\/wp-json\/wp\/v2\/posts\/60134\/revisions\/97677"}],"wp:featuredmedia":[{"embeddable":true,"href":"https:\/\/www.manquepierda.com\/historiarealbetis\/wp-json\/wp\/v2\/media\/60135"}],"wp:attachment":[{"href":"https:\/\/www.manquepierda.com\/historiarealbetis\/wp-json\/wp\/v2\/media?parent=60134"}],"wp:term":[{"taxonomy":"category","embeddable":true,"href":"https:\/\/www.manquepierda.com\/historiarealbetis\/wp-json\/wp\/v2\/categories?post=60134"},{"taxonomy":"post_tag","embeddable":true,"href":"https:\/\/www.manquepierda.com\/historiarealbetis\/wp-json\/wp\/v2\/tags?post=60134"}],"curies":[{"name":"wp","href":"https:\/\/api.w.org\/{rel}","templated":true}]}}