{"id":60168,"date":"2017-07-28T17:08:41","date_gmt":"2017-07-28T15:08:41","guid":{"rendered":"http:\/\/www.manquepierda.com\/historiarealbetis\/?p=60168"},"modified":"2024-08-14T15:37:07","modified_gmt":"2024-08-14T13:37:07","slug":"1931-febrero-8-segunda-division-iberia-sc-2-betis-balompie-0-recortes-prensa","status":"publish","type":"post","link":"https:\/\/www.manquepierda.com\/historiarealbetis\/1931-febrero-8-segunda-division-iberia-sc-2-betis-balompie-0-recortes-prensa\/","title":{"rendered":"1931-Febrero 8-Segunda Divisi\u00f3n.-Iberia SC-2 Betis Balompi\u00e9-0.-Recortes Prensa."},"content":{"rendered":"<p>TERCERA EDICI\u00d3N-CAMPEONATO NACIONAL SEGUNDA DIVISI\u00d3N-TEMPORADA 1930-1931 DESDE DOMINGO 7 DICIEMBRE 1930 HASTA DOMINGO 5 ABRIL 1931-AMBOS INCLUSIVE.<\/p>\n<p style=\"text-align: center\"><img data-recalc-dims=\"1\" loading=\"lazy\" decoding=\"async\" class=\"aligncenter size-full wp-image-60169\" src=\"https:\/\/i0.wp.com\/www.manquepierda.com\/historiarealbetis\/files\/2017\/07\/Torrero-Zaragoza.jpg?resize=566%2C480&#038;ssl=1\" alt=\"\" width=\"566\" height=\"480\" srcset=\"https:\/\/i0.wp.com\/www.manquepierda.com\/historiarealbetis\/files\/2017\/07\/Torrero-Zaragoza.jpg?w=566&amp;ssl=1 566w, https:\/\/i0.wp.com\/www.manquepierda.com\/historiarealbetis\/files\/2017\/07\/Torrero-Zaragoza.jpg?resize=220%2C187&amp;ssl=1 220w\" sizes=\"auto, (max-width: 566px) 100vw, 566px\" \/><\/p>\n<p style=\"text-align: left\"><strong>1931-FEBRERO 8-DOMINGO EN ZARAGOZA.-CAMPO MUNICIPAL DEPORTES \u00abTORRERO\u00bb: APERTURA-DOMINGO 7 OCTUBRE 1923-HASTA 1932.-C\u00c9SPED-15020 ESPECTADORES.-D\u00c9CIMA JORNADA.-<em>\u00abMucho p\u00fablico para asistir al encuentro\u00bb.<\/em><\/strong><\/p>\n<p style=\"text-align: center\">Arbitr\u00f3 el colegiado de Valladolid, Eloy HERN\u00c1NDEZ ARECES.<\/p>\n<p style=\"text-align: center\">Fundaci\u00f3n Zaragoza, s\u00e1bado 24-III-1917.-Desaparici\u00f3n, viernes 18-III-1932.<\/p>\n<p style=\"text-align: center\"><img data-recalc-dims=\"1\" loading=\"lazy\" decoding=\"async\" class=\"aligncenter size-medium wp-image-60170\" src=\"https:\/\/i0.wp.com\/www.manquepierda.com\/historiarealbetis\/files\/2017\/07\/1931-02-08ABCMadrid.jpg?resize=680%2C387&#038;ssl=1\" alt=\"\" width=\"680\" height=\"387\" srcset=\"https:\/\/i0.wp.com\/www.manquepierda.com\/historiarealbetis\/files\/2017\/07\/1931-02-08ABCMadrid.jpg?resize=680%2C387&amp;ssl=1 680w, https:\/\/i0.wp.com\/www.manquepierda.com\/historiarealbetis\/files\/2017\/07\/1931-02-08ABCMadrid.jpg?resize=220%2C125&amp;ssl=1 220w, https:\/\/i0.wp.com\/www.manquepierda.com\/historiarealbetis\/files\/2017\/07\/1931-02-08ABCMadrid.jpg?resize=768%2C437&amp;ssl=1 768w, https:\/\/i0.wp.com\/www.manquepierda.com\/historiarealbetis\/files\/2017\/07\/1931-02-08ABCMadrid.jpg?resize=960%2C546&amp;ssl=1 960w, https:\/\/i0.wp.com\/www.manquepierda.com\/historiarealbetis\/files\/2017\/07\/1931-02-08ABCMadrid.jpg?w=1901&amp;ssl=1 1901w\" sizes=\"auto, (max-width: 680px) 100vw, 680px\" \/><\/p>\n<p><em>\u00abEn Zaragoza, el Iberia triunf\u00f3 del Betis por 2-0. La fotograf\u00eda muestra la ejecuci\u00f3n del primer tanto del equipo aragon\u00e9s\u00bb.-<\/em>Foto Chivite-ABC-Madrid 19310210-martes.<\/p>\n<p>S\u00c9PTIMO CLASIFICADO CON 10 PUNTOS (4-ganados+2-empatados+4 perdidos) 16-15 TANTOS FAVOR-CONTRA.<\/p>\n<p style=\"text-align: center\"><img data-recalc-dims=\"1\" loading=\"lazy\" decoding=\"async\" class=\"aligncenter size-full wp-image-60171\" src=\"https:\/\/i0.wp.com\/www.manquepierda.com\/historiarealbetis\/files\/2017\/07\/La-Aldeana.jpg?resize=500%2C455&#038;ssl=1\" alt=\"\" width=\"500\" height=\"455\" srcset=\"https:\/\/i0.wp.com\/www.manquepierda.com\/historiarealbetis\/files\/2017\/07\/La-Aldeana.jpg?w=500&amp;ssl=1 500w, https:\/\/i0.wp.com\/www.manquepierda.com\/historiarealbetis\/files\/2017\/07\/La-Aldeana.jpg?resize=220%2C200&amp;ssl=1 220w\" sizes=\"auto, (max-width: 500px) 100vw, 500px\" \/><\/p>\n<p style=\"text-align: center\">fuente-www.realzaragoza.org\/cromos-iberia-y-zaragoza-1930-1931-caramelos-la-aldeana\/<\/p>\n<p style=\"text-align: center\"><img data-recalc-dims=\"1\" loading=\"lazy\" decoding=\"async\" class=\"aligncenter size-thumbnail wp-image-60172\" src=\"https:\/\/i0.wp.com\/www.manquepierda.com\/historiarealbetis\/files\/2017\/07\/ISC.png?resize=164%2C220&#038;ssl=1\" alt=\"\" width=\"164\" height=\"220\" srcset=\"https:\/\/i0.wp.com\/www.manquepierda.com\/historiarealbetis\/files\/2017\/07\/ISC.png?resize=164%2C220&amp;ssl=1 164w, https:\/\/i0.wp.com\/www.manquepierda.com\/historiarealbetis\/files\/2017\/07\/ISC.png?w=194&amp;ssl=1 194w\" sizes=\"auto, (max-width: 164px) 100vw, 164px\" \/><\/p>\n<p style=\"text-align: center\">IBERIA SPORT CLUB-2 Tantos.<\/p>\n<p style=\"text-align: left\">1-Santiago JAUMANDR\u00c9U; 2-ZORROZ\u00daA I.-3-SORRIBAS; 4-Jos\u00e9 Rodr\u00edguez EPELDE.-5-SALAS.-6-Miguel L\u00f3pez TORRONTEGUI; 7-CALVAR <strong>(2-0.-2\u00baTpo)<\/strong>.-8-\u00abTOMAS\u00cdN\u00bb.-9-MENDIBURU <strong>(1-0.-1erTpo)<\/strong>.-10-ZORROZ\u00daA II.-11-RUIZ.<\/p>\n<p style=\"text-align: center\"><em><strong>Vs.<\/strong><\/em><\/p>\n<p style=\"text-align: center\"><img data-recalc-dims=\"1\" loading=\"lazy\" decoding=\"async\" class=\"aligncenter size-medium wp-image-60173\" src=\"https:\/\/i0.wp.com\/www.manquepierda.com\/historiarealbetis\/files\/2017\/07\/19310208AHORA.jpg?resize=680%2C475&#038;ssl=1\" alt=\"\" width=\"680\" height=\"475\" srcset=\"https:\/\/i0.wp.com\/www.manquepierda.com\/historiarealbetis\/files\/2017\/07\/19310208AHORA.jpg?resize=680%2C475&amp;ssl=1 680w, https:\/\/i0.wp.com\/www.manquepierda.com\/historiarealbetis\/files\/2017\/07\/19310208AHORA.jpg?resize=220%2C154&amp;ssl=1 220w, https:\/\/i0.wp.com\/www.manquepierda.com\/historiarealbetis\/files\/2017\/07\/19310208AHORA.jpg?resize=768%2C537&amp;ssl=1 768w, https:\/\/i0.wp.com\/www.manquepierda.com\/historiarealbetis\/files\/2017\/07\/19310208AHORA.jpg?resize=960%2C671&amp;ssl=1 960w, https:\/\/i0.wp.com\/www.manquepierda.com\/historiarealbetis\/files\/2017\/07\/19310208AHORA.jpg?w=1458&amp;ssl=1 1458w\" sizes=\"auto, (max-width: 680px) 100vw, 680px\" \/><\/p>\n<p style=\"text-align: center\"><em>Fuente \u00abAHORA\u00bb Madrid, 1931-02-09-Lunes.<\/em><\/p>\n<p><em><strong>TERCER CLASIFICADO CON 12 PUNTOS (5-GANADOS+2-EMPATADOS+3-PERDIDOS) 16-GOLES \u00c1 FAVOR Y 14-TANTOS EN CONTRA.<\/strong><\/em><\/p>\n<p style=\"text-align: left\"><em><strong>Presidente Real Betis Balompi\u00e9, don Daniel MEZQUITA MORENO-Acad\u00e9mico de N\u00famero Real Academia de <img data-recalc-dims=\"1\" loading=\"lazy\" decoding=\"async\" class=\"alignright size-thumbnail wp-image-60174\" src=\"https:\/\/i0.wp.com\/www.manquepierda.com\/historiarealbetis\/files\/2017\/07\/Daniel-MEZQUITA-Moreno-01-1.jpg?resize=174%2C220&#038;ssl=1\" alt=\"\" width=\"174\" height=\"220\" srcset=\"https:\/\/i0.wp.com\/www.manquepierda.com\/historiarealbetis\/files\/2017\/07\/Daniel-MEZQUITA-Moreno-01-1.jpg?resize=174%2C220&amp;ssl=1 174w, https:\/\/i0.wp.com\/www.manquepierda.com\/historiarealbetis\/files\/2017\/07\/Daniel-MEZQUITA-Moreno-01-1.jpg?resize=475%2C600&amp;ssl=1 475w, https:\/\/i0.wp.com\/www.manquepierda.com\/historiarealbetis\/files\/2017\/07\/Daniel-MEZQUITA-Moreno-01-1.jpg?resize=768%2C970&amp;ssl=1 768w, https:\/\/i0.wp.com\/www.manquepierda.com\/historiarealbetis\/files\/2017\/07\/Daniel-MEZQUITA-Moreno-01-1.jpg?resize=554%2C700&amp;ssl=1 554w, https:\/\/i0.wp.com\/www.manquepierda.com\/historiarealbetis\/files\/2017\/07\/Daniel-MEZQUITA-Moreno-01-1.jpg?w=1409&amp;ssl=1 1409w\" sizes=\"auto, (max-width: 174px) 100vw, 174px\" \/>Medicina [Madrid, viernes 8-IV-1960]; (43 a\u00f1os+10 meses menos 2 d\u00edas)-Natural de Valladolid, domingo 10 Abril de 1887.-Obituario en Madrid, lunes 22 Octubre de 1973 (86 A\u00f1os+6 meses+12 d\u00edas) D. E. P.<\/strong><\/em><\/p>\n<p style=\"text-align: left\"><strong><img data-recalc-dims=\"1\" loading=\"lazy\" decoding=\"async\" class=\"alignleft size-thumbnail wp-image-60176\" src=\"https:\/\/i0.wp.com\/www.manquepierda.com\/historiarealbetis\/files\/2017\/07\/KINK%C3%89-Juan-Armet-De-Castellv%C3%AD.jpg?resize=160%2C220&#038;ssl=1\" alt=\"\" width=\"160\" height=\"220\" \/>Entrenador Juan ARMET De Castellv\u00ed (a) \u00abKink\u00e9\u00bb (35 a\u00f1os+8 meses menos 22 d\u00edas)-Natural de Tarrasa (Barcelona), domingo 30 Junio de 1895.-Obituario en Madrid, viernes 5 Octubre de 1956 (61 A\u00f1os+4 meses menos 25 d\u00edas) D. E. P.<\/strong><\/p>\n<p style=\"text-align: center\"><img data-recalc-dims=\"1\" loading=\"lazy\" decoding=\"async\" class=\"aligncenter size-full wp-image-60178\" src=\"https:\/\/i0.wp.com\/www.manquepierda.com\/historiarealbetis\/files\/2017\/07\/1920RBB.jpg?resize=154%2C154&#038;ssl=1\" alt=\"\" width=\"154\" height=\"154\" \/><\/p>\n<p style=\"text-align: center\"><strong>REAL BETIS BALOMPI\u00c9-0 Goles.<\/strong><\/p>\n<p style=\"text-align: left\"><strong><em>\u00abPRIMER TIEMPO.-El dominio correspondi\u00f3 siempre al Iberia Sport, salvo algunas arrancadas peligrosas del Betis Balompi\u00e9.\u00a0 <\/em><\/strong><\/p>\n<p style=\"text-align: center\"><img data-recalc-dims=\"1\" loading=\"lazy\" decoding=\"async\" class=\"aligncenter size-medium wp-image-60177\" src=\"https:\/\/i0.wp.com\/www.manquepierda.com\/historiarealbetis\/files\/2017\/07\/19310208-JES%C3%9AS.jpg?resize=306%2C600&#038;ssl=1\" alt=\"\" width=\"306\" height=\"600\" srcset=\"https:\/\/i0.wp.com\/www.manquepierda.com\/historiarealbetis\/files\/2017\/07\/19310208-JES%C3%9AS.jpg?resize=306%2C600&amp;ssl=1 306w, https:\/\/i0.wp.com\/www.manquepierda.com\/historiarealbetis\/files\/2017\/07\/19310208-JES%C3%9AS.jpg?resize=112%2C220&amp;ssl=1 112w, https:\/\/i0.wp.com\/www.manquepierda.com\/historiarealbetis\/files\/2017\/07\/19310208-JES%C3%9AS.jpg?resize=357%2C700&amp;ssl=1 357w, https:\/\/i0.wp.com\/www.manquepierda.com\/historiarealbetis\/files\/2017\/07\/19310208-JES%C3%9AS.jpg?w=709&amp;ssl=1 709w\" sizes=\"auto, (max-width: 306px) 100vw, 306px\" \/><\/p>\n<p><strong><em>Una falta \u00e1 Mendiburu la saca Epelde, dando ocasi\u00f3n \u00e1 JES\u00daS Bern\u00e1ldez Moreno \u00abManos duras\u00bb, parada enorme, mandando el bal\u00f3n \u00e1 c\u00f3rner\u00bb.<\/em><\/strong><\/p>\n<p style=\"text-align: center\">Zagueros:<\/p>\n<p style=\"text-align: center\"><img data-recalc-dims=\"1\" loading=\"lazy\" decoding=\"async\" class=\"aligncenter size-thumbnail wp-image-60179\" src=\"https:\/\/i0.wp.com\/www.manquepierda.com\/historiarealbetis\/files\/2017\/07\/Lorenzo-TONDO-Gil-FS049-1.jpg?resize=151%2C220&#038;ssl=1\" alt=\"\" width=\"151\" height=\"220\" srcset=\"https:\/\/i0.wp.com\/www.manquepierda.com\/historiarealbetis\/files\/2017\/07\/Lorenzo-TONDO-Gil-FS049-1.jpg?resize=151%2C220&amp;ssl=1 151w, https:\/\/i0.wp.com\/www.manquepierda.com\/historiarealbetis\/files\/2017\/07\/Lorenzo-TONDO-Gil-FS049-1.jpg?resize=413%2C600&amp;ssl=1 413w, https:\/\/i0.wp.com\/www.manquepierda.com\/historiarealbetis\/files\/2017\/07\/Lorenzo-TONDO-Gil-FS049-1.jpg?resize=768%2C1116&amp;ssl=1 768w, https:\/\/i0.wp.com\/www.manquepierda.com\/historiarealbetis\/files\/2017\/07\/Lorenzo-TONDO-Gil-FS049-1.jpg?resize=482%2C700&amp;ssl=1 482w, https:\/\/i0.wp.com\/www.manquepierda.com\/historiarealbetis\/files\/2017\/07\/Lorenzo-TONDO-Gil-FS049-1.jpg?w=1360&amp;ssl=1 1360w\" sizes=\"auto, (max-width: 151px) 100vw, 151px\" \/><\/p>\n<p><strong>2-Lateral diestro.-Lorenzo TONDO Gil.<\/strong><\/p>\n<p style=\"text-align: center\"><img data-recalc-dims=\"1\" loading=\"lazy\" decoding=\"async\" class=\"aligncenter size-thumbnail wp-image-60180\" src=\"https:\/\/i0.wp.com\/www.manquepierda.com\/historiarealbetis\/files\/2017\/07\/JESUS%C3%8DN-Jes%C3%BAs-Alberto-Ruiz-Medrano-FS052-1.jpg?resize=148%2C220&#038;ssl=1\" alt=\"\" width=\"148\" height=\"220\" srcset=\"https:\/\/i0.wp.com\/www.manquepierda.com\/historiarealbetis\/files\/2017\/07\/JESUS%C3%8DN-Jes%C3%BAs-Alberto-Ruiz-Medrano-FS052-1.jpg?resize=148%2C220&amp;ssl=1 148w, https:\/\/i0.wp.com\/www.manquepierda.com\/historiarealbetis\/files\/2017\/07\/JESUS%C3%8DN-Jes%C3%BAs-Alberto-Ruiz-Medrano-FS052-1.jpg?resize=404%2C600&amp;ssl=1 404w, https:\/\/i0.wp.com\/www.manquepierda.com\/historiarealbetis\/files\/2017\/07\/JESUS%C3%8DN-Jes%C3%BAs-Alberto-Ruiz-Medrano-FS052-1.jpg?resize=768%2C1140&amp;ssl=1 768w, https:\/\/i0.wp.com\/www.manquepierda.com\/historiarealbetis\/files\/2017\/07\/JESUS%C3%8DN-Jes%C3%BAs-Alberto-Ruiz-Medrano-FS052-1.jpg?resize=471%2C700&amp;ssl=1 471w, https:\/\/i0.wp.com\/www.manquepierda.com\/historiarealbetis\/files\/2017\/07\/JESUS%C3%8DN-Jes%C3%BAs-Alberto-Ruiz-Medrano-FS052-1.jpg?w=1312&amp;ssl=1 1312w\" sizes=\"auto, (max-width: 148px) 100vw, 148px\" \/><\/p>\n<p><strong>3-Lateral zurdo.-Jes\u00fas Alberto Ruiz Medrano (a) \u00abJESUS\u00cdN\u00bb.<\/strong><\/p>\n<p style=\"text-align: center\">Medios:<\/p>\n<p style=\"text-align: center\"><img data-recalc-dims=\"1\" loading=\"lazy\" decoding=\"async\" class=\"aligncenter size-thumbnail wp-image-60182\" src=\"https:\/\/i0.wp.com\/www.manquepierda.com\/historiarealbetis\/files\/2017\/07\/Juan-MART%C3%8DN-2.jpg?resize=124%2C220&#038;ssl=1\" alt=\"\" width=\"124\" height=\"220\" srcset=\"https:\/\/i0.wp.com\/www.manquepierda.com\/historiarealbetis\/files\/2017\/07\/Juan-MART%C3%8DN-2.jpg?resize=124%2C220&amp;ssl=1 124w, https:\/\/i0.wp.com\/www.manquepierda.com\/historiarealbetis\/files\/2017\/07\/Juan-MART%C3%8DN-2.jpg?resize=338%2C600&amp;ssl=1 338w, https:\/\/i0.wp.com\/www.manquepierda.com\/historiarealbetis\/files\/2017\/07\/Juan-MART%C3%8DN-2.jpg?w=378&amp;ssl=1 378w\" sizes=\"auto, (max-width: 124px) 100vw, 124px\" \/><\/p>\n<p><strong>4-Diestro.-Juan MART\u00cdN.<br \/>\n<\/strong><\/p>\n<p style=\"text-align: center\"><img data-recalc-dims=\"1\" loading=\"lazy\" decoding=\"async\" class=\"aligncenter size-thumbnail wp-image-60183\" src=\"https:\/\/i0.wp.com\/www.manquepierda.com\/historiarealbetis\/files\/2017\/07\/Enrique-SOLADRERO-Arbide-FS045.jpg?resize=148%2C220&#038;ssl=1\" alt=\"\" width=\"148\" height=\"220\" srcset=\"https:\/\/i0.wp.com\/www.manquepierda.com\/historiarealbetis\/files\/2017\/07\/Enrique-SOLADRERO-Arbide-FS045.jpg?resize=148%2C220&amp;ssl=1 148w, https:\/\/i0.wp.com\/www.manquepierda.com\/historiarealbetis\/files\/2017\/07\/Enrique-SOLADRERO-Arbide-FS045.jpg?resize=404%2C600&amp;ssl=1 404w, https:\/\/i0.wp.com\/www.manquepierda.com\/historiarealbetis\/files\/2017\/07\/Enrique-SOLADRERO-Arbide-FS045.jpg?resize=768%2C1140&amp;ssl=1 768w, https:\/\/i0.wp.com\/www.manquepierda.com\/historiarealbetis\/files\/2017\/07\/Enrique-SOLADRERO-Arbide-FS045.jpg?resize=472%2C700&amp;ssl=1 472w, https:\/\/i0.wp.com\/www.manquepierda.com\/historiarealbetis\/files\/2017\/07\/Enrique-SOLADRERO-Arbide-FS045.jpg?w=1380&amp;ssl=1 1380w\" sizes=\"auto, (max-width: 148px) 100vw, 148px\" \/><\/p>\n<p><strong>5-Centro.-Enrique SOLADRERO Arbide.<\/strong><\/p>\n<p style=\"text-align: center\"><img data-recalc-dims=\"1\" loading=\"lazy\" decoding=\"async\" class=\"aligncenter size-thumbnail wp-image-60185\" src=\"https:\/\/i0.wp.com\/www.manquepierda.com\/historiarealbetis\/files\/2017\/07\/PERAL-Jos%C3%A9-Su%C3%A1rez-Gonz%C3%A1lez-MMG-1.jpg?resize=138%2C220&#038;ssl=1\" alt=\"\" width=\"138\" height=\"220\" srcset=\"https:\/\/i0.wp.com\/www.manquepierda.com\/historiarealbetis\/files\/2017\/07\/PERAL-Jos%C3%A9-Su%C3%A1rez-Gonz%C3%A1lez-MMG-1.jpg?resize=138%2C220&amp;ssl=1 138w, https:\/\/i0.wp.com\/www.manquepierda.com\/historiarealbetis\/files\/2017\/07\/PERAL-Jos%C3%A9-Su%C3%A1rez-Gonz%C3%A1lez-MMG-1.jpg?resize=375%2C600&amp;ssl=1 375w, https:\/\/i0.wp.com\/www.manquepierda.com\/historiarealbetis\/files\/2017\/07\/PERAL-Jos%C3%A9-Su%C3%A1rez-Gonz%C3%A1lez-MMG-1.jpg?resize=768%2C1229&amp;ssl=1 768w, https:\/\/i0.wp.com\/www.manquepierda.com\/historiarealbetis\/files\/2017\/07\/PERAL-Jos%C3%A9-Su%C3%A1rez-Gonz%C3%A1lez-MMG-1.jpg?resize=438%2C700&amp;ssl=1 438w, https:\/\/i0.wp.com\/www.manquepierda.com\/historiarealbetis\/files\/2017\/07\/PERAL-Jos%C3%A9-Su%C3%A1rez-Gonz%C3%A1lez-MMG-1.jpg?w=1025&amp;ssl=1 1025w\" sizes=\"auto, (max-width: 138px) 100vw, 138px\" \/><\/p>\n<p><strong>6-Zurdo.-Jos\u00e9 Su\u00e1rez Gonz\u00e1lez (a) \u00abPERAL\u00bb.<\/strong><\/p>\n<p style=\"text-align: center\">Delanteros:<\/p>\n<p style=\"text-align: center\"><img data-recalc-dims=\"1\" loading=\"lazy\" decoding=\"async\" class=\"aligncenter size-thumbnail wp-image-60186\" src=\"https:\/\/i0.wp.com\/www.manquepierda.com\/historiarealbetis\/files\/2017\/07\/TIMIMI-Pedro-Gonz%C3%A1lez-S%C3%A1nchez1930-3.jpg?resize=164%2C220&#038;ssl=1\" alt=\"\" width=\"164\" height=\"220\" srcset=\"https:\/\/i0.wp.com\/www.manquepierda.com\/historiarealbetis\/files\/2017\/07\/TIMIMI-Pedro-Gonz%C3%A1lez-S%C3%A1nchez1930-3.jpg?resize=164%2C220&amp;ssl=1 164w, https:\/\/i0.wp.com\/www.manquepierda.com\/historiarealbetis\/files\/2017\/07\/TIMIMI-Pedro-Gonz%C3%A1lez-S%C3%A1nchez1930-3.jpg?resize=446%2C600&amp;ssl=1 446w, https:\/\/i0.wp.com\/www.manquepierda.com\/historiarealbetis\/files\/2017\/07\/TIMIMI-Pedro-Gonz%C3%A1lez-S%C3%A1nchez1930-3.jpg?w=470&amp;ssl=1 470w\" sizes=\"auto, (max-width: 164px) 100vw, 164px\" \/><\/p>\n<p><strong>7-Extremo diestro.-Pedro Gonz\u00e1lez S\u00e1nchez (a) \u00abTIMIMI\u00bb.<\/strong><\/p>\n<p style=\"text-align: center\"><img data-recalc-dims=\"1\" loading=\"lazy\" decoding=\"async\" class=\"aligncenter size-thumbnail wp-image-60187\" src=\"https:\/\/i0.wp.com\/www.manquepierda.com\/historiarealbetis\/files\/2017\/07\/ADOLFO-II-Adolfo-Mart%C3%ADn-Gonz%C3%A1lez1930-3.jpg?resize=171%2C220&#038;ssl=1\" alt=\"\" width=\"171\" height=\"220\" srcset=\"https:\/\/i0.wp.com\/www.manquepierda.com\/historiarealbetis\/files\/2017\/07\/ADOLFO-II-Adolfo-Mart%C3%ADn-Gonz%C3%A1lez1930-3.jpg?resize=171%2C220&amp;ssl=1 171w, https:\/\/i0.wp.com\/www.manquepierda.com\/historiarealbetis\/files\/2017\/07\/ADOLFO-II-Adolfo-Mart%C3%ADn-Gonz%C3%A1lez1930-3.jpg?resize=467%2C600&amp;ssl=1 467w, https:\/\/i0.wp.com\/www.manquepierda.com\/historiarealbetis\/files\/2017\/07\/ADOLFO-II-Adolfo-Mart%C3%ADn-Gonz%C3%A1lez1930-3.jpg?w=481&amp;ssl=1 481w\" sizes=\"auto, (max-width: 171px) 100vw, 171px\" \/><\/p>\n<p><strong>8-Interior diestro.-Adolfo Mart\u00edn Gonz\u00e1lez (a) \u00abADOLFO II\u00bb.<\/strong><\/p>\n<p style=\"text-align: center\"><img data-recalc-dims=\"1\" loading=\"lazy\" decoding=\"async\" class=\"aligncenter size-thumbnail wp-image-60188\" src=\"https:\/\/i0.wp.com\/www.manquepierda.com\/historiarealbetis\/files\/2017\/07\/Rosendo-ROMERO-Garc%C3%ADa-1-2.png?resize=188%2C220&#038;ssl=1\" alt=\"\" width=\"188\" height=\"220\" \/><\/p>\n<p><strong>9-Centro delantero-Ariete.-Rosendo ROMERO Garc\u00eda \u00abel chato\u00bb.<\/strong><\/p>\n<p style=\"text-align: center\"><img data-recalc-dims=\"1\" loading=\"lazy\" decoding=\"async\" class=\"aligncenter size-thumbnail wp-image-60189\" src=\"https:\/\/i0.wp.com\/www.manquepierda.com\/historiarealbetis\/files\/2017\/07\/ENRIQUE-Garrido-Reguera-MMG-1.jpg?resize=137%2C220&#038;ssl=1\" alt=\"\" width=\"137\" height=\"220\" srcset=\"https:\/\/i0.wp.com\/www.manquepierda.com\/historiarealbetis\/files\/2017\/07\/ENRIQUE-Garrido-Reguera-MMG-1.jpg?resize=137%2C220&amp;ssl=1 137w, https:\/\/i0.wp.com\/www.manquepierda.com\/historiarealbetis\/files\/2017\/07\/ENRIQUE-Garrido-Reguera-MMG-1.jpg?resize=375%2C600&amp;ssl=1 375w, https:\/\/i0.wp.com\/www.manquepierda.com\/historiarealbetis\/files\/2017\/07\/ENRIQUE-Garrido-Reguera-MMG-1.jpg?resize=768%2C1229&amp;ssl=1 768w, https:\/\/i0.wp.com\/www.manquepierda.com\/historiarealbetis\/files\/2017\/07\/ENRIQUE-Garrido-Reguera-MMG-1.jpg?resize=437%2C700&amp;ssl=1 437w, https:\/\/i0.wp.com\/www.manquepierda.com\/historiarealbetis\/files\/2017\/07\/ENRIQUE-Garrido-Reguera-MMG-1.jpg?w=1038&amp;ssl=1 1038w\" sizes=\"auto, (max-width: 137px) 100vw, 137px\" \/><\/p>\n<p><strong>10-Interior zurdo.-ENRIQUE Garrido Reguera.<\/strong><\/p>\n<p style=\"text-align: center\"><img data-recalc-dims=\"1\" loading=\"lazy\" decoding=\"async\" class=\"aligncenter size-thumbnail wp-image-60190\" src=\"https:\/\/i0.wp.com\/www.manquepierda.com\/historiarealbetis\/files\/2017\/07\/Rafael-SANS-FS059-1.jpg?resize=144%2C220&#038;ssl=1\" alt=\"\" width=\"144\" height=\"220\" srcset=\"https:\/\/i0.wp.com\/www.manquepierda.com\/historiarealbetis\/files\/2017\/07\/Rafael-SANS-FS059-1.jpg?resize=144%2C220&amp;ssl=1 144w, https:\/\/i0.wp.com\/www.manquepierda.com\/historiarealbetis\/files\/2017\/07\/Rafael-SANS-FS059-1.jpg?resize=394%2C600&amp;ssl=1 394w, https:\/\/i0.wp.com\/www.manquepierda.com\/historiarealbetis\/files\/2017\/07\/Rafael-SANS-FS059-1.jpg?resize=768%2C1170&amp;ssl=1 768w, https:\/\/i0.wp.com\/www.manquepierda.com\/historiarealbetis\/files\/2017\/07\/Rafael-SANS-FS059-1.jpg?resize=459%2C700&amp;ssl=1 459w, https:\/\/i0.wp.com\/www.manquepierda.com\/historiarealbetis\/files\/2017\/07\/Rafael-SANS-FS059-1.jpg?w=1344&amp;ssl=1 1344w\" sizes=\"auto, (max-width: 144px) 100vw, 144px\" \/><\/p>\n<p><strong>11-Extremo zurdo.-Rafael SANZ.<\/strong><\/p>\n<p><em><strong>\u00abAtacan los muchachos del Real Betis Balompi\u00e9 y un chut de Romero sale lamiendo el travesa\u00f1o del cancerbero Jaumandr\u00e9u; Jes\u00fas tiene que emplearse \u00e1 fondo, tir\u00e1ndose \u00e1 los pies de Mendiburu una de las veces para salvar un tanto seguro.<\/strong><\/em><\/p>\n<p><em>Se acent\u00faa la presi\u00f3n del Iberia Sport Club, Mendiburu aprovecha una salida desconcertada del guardameta b\u00e9tico, que pierde el pelot\u00f3n: 1-0 marcador de la primera mitad.<\/em><\/p>\n<p><strong><em>SEGUNDO TIEMPO.-Acosa el Betis Balompi\u00e9 creando peligro por el izquierda Sanz, que malogra el ariete Romero poni\u00e9ndose en \u00abfuera de la jugada\u00bb.<\/em><\/strong><em>\u00a0<\/em><\/p>\n<p style=\"text-align: left\"><em> El Sport Club se vuelca materialmente sobre el arquero <strong>Jes\u00fas que para todos los cueros, y que tiene que tirarse \u00e1 los pies de los atacantes: Calvar,\u00bbTomas\u00edn\u00bb, Mendiburu, \u00abZorroz\u00faa II\u00bb y Ruiz; sin que pueda evitar el 2-0, logrado por extremo derecho, Calvar, \u00e1 trav\u00e9s de un remate por bajo del esf\u00e9rico.<\/strong><\/em><\/p>\n<p><em>A\u00fan contin\u00faa el peligro en la puerta del Betis, y en un barullo sale lesionado Tom\u00e1s, que tiene que abandonar el terreno de juego, terminando seguidamente el encuentro.<\/em><\/p>\n<p><em><strong>Del Real Betis Balompi\u00e9 lo mejor el portero Jes\u00fas y los zagueros Tondo y \u00abJesus\u00edn\u00bb; la l\u00edneas de medios en conjunto fracas\u00f3, y en la delantera, Sanz, en el segundo tiempo, que centr\u00f3 cuando le vino en gana sin provecho ninguno.<\/strong><\/em><\/p>\n<p><em>Del Iberia Sport Club, el mejor Sorribas; la l\u00ednea de medios, bien, y la delantera muy trabajadora\u00bb.-<\/em>\u00abAHORA\u00bb-Madrid-19310210-martes.<\/p>\n<p style=\"text-align: center\"><img data-recalc-dims=\"1\" loading=\"lazy\" decoding=\"async\" class=\"aligncenter size-medium wp-image-60191\" src=\"https:\/\/i0.wp.com\/www.manquepierda.com\/historiarealbetis\/files\/2017\/07\/19310210LUI.jpg?resize=531%2C600&#038;ssl=1\" alt=\"\" width=\"531\" height=\"600\" srcset=\"https:\/\/i0.wp.com\/www.manquepierda.com\/historiarealbetis\/files\/2017\/07\/19310210LUI.jpg?resize=531%2C600&amp;ssl=1 531w, https:\/\/i0.wp.com\/www.manquepierda.com\/historiarealbetis\/files\/2017\/07\/19310210LUI.jpg?resize=195%2C220&amp;ssl=1 195w, https:\/\/i0.wp.com\/www.manquepierda.com\/historiarealbetis\/files\/2017\/07\/19310210LUI.jpg?resize=768%2C868&amp;ssl=1 768w, https:\/\/i0.wp.com\/www.manquepierda.com\/historiarealbetis\/files\/2017\/07\/19310210LUI.jpg?resize=619%2C700&amp;ssl=1 619w, https:\/\/i0.wp.com\/www.manquepierda.com\/historiarealbetis\/files\/2017\/07\/19310210LUI.jpg?w=823&amp;ssl=1 823w\" sizes=\"auto, (max-width: 531px) 100vw, 531px\" \/><\/p>\n<p>Fuente \u00abLa Uni\u00f3n Ilustrada\u00bb-Madrid 19310215-Domingo.-Fot\u00f3grafo Palacio.<\/p>\n<p>&nbsp;<\/p>\n<p>&nbsp;<\/p>\n<p>&nbsp;<\/p>\n<p>&nbsp;<\/p>\n<p>&nbsp;<\/p>\n","protected":false},"excerpt":{"rendered":"<p>TERCERA EDICI\u00d3N-CAMPEONATO NACIONAL SEGUNDA DIVISI\u00d3N-TEMPORADA 1930-1931 DESDE DOMINGO 7 DICIEMBRE 1930 HASTA DOMINGO 5 ABRIL 1931-AMBOS INCLUSIVE. 1931-FEBRERO 8-DOMINGO EN ZARAGOZA.-CAMPO MUNICIPAL DEPORTES \u00abTORRERO\u00bb: APERTURA-DOMINGO 7 OCTUBRE 1923-HASTA 1932.-C\u00c9SPED-15020 ESPECTADORES.-D\u00c9CIMA JORNADA.-\u00abMucho p\u00fablico para asistir al encuentro\u00bb. Arbitr\u00f3 el colegiado de Valladolid, Eloy HERN\u00c1NDEZ ARECES. Fundaci\u00f3n Zaragoza, s\u00e1bado 24-III-1917.-Desaparici\u00f3n, viernes 18-III-1932. \u00abEn Zaragoza, el Iberia triunf\u00f3&#8230;<\/p>\n","protected":false},"author":48,"featured_media":60177,"comment_status":"open","ping_status":"open","sticky":false,"template":"","format":"standard","meta":{"_kad_post_transparent":"","_kad_post_title":"","_kad_post_layout":"","_kad_post_sidebar_id":"","_kad_post_content_style":"","_kad_post_vertical_padding":"","_kad_post_feature":"","_kad_post_feature_position":"","_kad_post_header":false,"_kad_post_footer":false,"_kad_post_classname":"","_jetpack_memberships_contains_paid_content":false,"footnotes":"","jetpack_publicize_message":"","jetpack_publicize_feature_enabled":true,"jetpack_social_post_already_shared":true,"jetpack_social_options":{"image_generator_settings":{"template":"highway","default_image_id":0,"font":"","enabled":false},"version":2}},"categories":[899,1],"tags":[2925,1029,9760,18000],"class_list":["post-60168","post","type-post","status-publish","format-standard","has-post-thumbnail","hentry","category-1930-1939","category-portada","tag-1930-31","tag-1029","tag-iberia-sport-club-zaragoza","tag-liga-segunda-1930-31"],"jetpack_publicize_connections":[],"jetpack_featured_media_url":"https:\/\/i0.wp.com\/www.manquepierda.com\/historiarealbetis\/files\/2017\/07\/19310208-JES%C3%9AS.jpg?fit=709%2C1389&ssl=1","jetpack_sharing_enabled":true,"jetpack_shortlink":"https:\/\/wp.me\/p1ij08-fEs","jetpack-related-posts":[],"_links":{"self":[{"href":"https:\/\/www.manquepierda.com\/historiarealbetis\/wp-json\/wp\/v2\/posts\/60168","targetHints":{"allow":["GET"]}}],"collection":[{"href":"https:\/\/www.manquepierda.com\/historiarealbetis\/wp-json\/wp\/v2\/posts"}],"about":[{"href":"https:\/\/www.manquepierda.com\/historiarealbetis\/wp-json\/wp\/v2\/types\/post"}],"author":[{"embeddable":true,"href":"https:\/\/www.manquepierda.com\/historiarealbetis\/wp-json\/wp\/v2\/users\/48"}],"replies":[{"embeddable":true,"href":"https:\/\/www.manquepierda.com\/historiarealbetis\/wp-json\/wp\/v2\/comments?post=60168"}],"version-history":[{"count":1,"href":"https:\/\/www.manquepierda.com\/historiarealbetis\/wp-json\/wp\/v2\/posts\/60168\/revisions"}],"predecessor-version":[{"id":96740,"href":"https:\/\/www.manquepierda.com\/historiarealbetis\/wp-json\/wp\/v2\/posts\/60168\/revisions\/96740"}],"wp:featuredmedia":[{"embeddable":true,"href":"https:\/\/www.manquepierda.com\/historiarealbetis\/wp-json\/wp\/v2\/media\/60177"}],"wp:attachment":[{"href":"https:\/\/www.manquepierda.com\/historiarealbetis\/wp-json\/wp\/v2\/media?parent=60168"}],"wp:term":[{"taxonomy":"category","embeddable":true,"href":"https:\/\/www.manquepierda.com\/historiarealbetis\/wp-json\/wp\/v2\/categories?post=60168"},{"taxonomy":"post_tag","embeddable":true,"href":"https:\/\/www.manquepierda.com\/historiarealbetis\/wp-json\/wp\/v2\/tags?post=60168"}],"curies":[{"name":"wp","href":"https:\/\/api.w.org\/{rel}","templated":true}]}}