{"id":60329,"date":"2017-08-14T07:18:19","date_gmt":"2017-08-14T05:18:19","guid":{"rendered":"http:\/\/www.manquepierda.com\/historiarealbetis\/?p=60329"},"modified":"2017-08-12T09:30:36","modified_gmt":"2017-08-12T07:30:36","slug":"entrevista-nery-alberto-pumpido-1989","status":"publish","type":"post","link":"https:\/\/www.manquepierda.com\/historiarealbetis\/entrevista-nery-alberto-pumpido-1989\/","title":{"rendered":"Entrevista Nery Alberto Pumpido 1989"},"content":{"rendered":"<p><a href=\"https:\/\/i0.wp.com\/www.manquepierda.com\/historiarealbetis\/files\/2017\/08\/Entrevista-Nery-Alberto-Pumpido-1989-NMP-.jpg?ssl=1\"><img data-recalc-dims=\"1\" loading=\"lazy\" decoding=\"async\" class=\"aligncenter size-medium wp-image-60330\" src=\"https:\/\/i0.wp.com\/www.manquepierda.com\/historiarealbetis\/files\/2017\/08\/Entrevista-Nery-Alberto-Pumpido-1989-NMP-.jpg?resize=394%2C600&#038;ssl=1\" alt=\"\" width=\"394\" height=\"600\" srcset=\"https:\/\/i0.wp.com\/www.manquepierda.com\/historiarealbetis\/files\/2017\/08\/Entrevista-Nery-Alberto-Pumpido-1989-NMP-.jpg?resize=394%2C600&amp;ssl=1 394w, https:\/\/i0.wp.com\/www.manquepierda.com\/historiarealbetis\/files\/2017\/08\/Entrevista-Nery-Alberto-Pumpido-1989-NMP-.jpg?resize=144%2C220&amp;ssl=1 144w, https:\/\/i0.wp.com\/www.manquepierda.com\/historiarealbetis\/files\/2017\/08\/Entrevista-Nery-Alberto-Pumpido-1989-NMP-.jpg?w=400&amp;ssl=1 400w\" sizes=\"auto, (max-width: 394px) 100vw, 394px\" \/><\/a><\/p>\n<p>El 4 de junio de 1989 se jug\u00f3 en Sarri\u00e1 un dram\u00e1tico Espa\u00f1ol-Betis. A falta de 4 jornadas para el final de la Liga el Betis era antepen\u00faltimo empatado a puntos con el Murcia, mientras que el Espa\u00f1ol estaba cuatro puntos por encima. Ambos conjuntos depend\u00edan de s\u00ed mismos para escapar del descenso, aunque ten\u00edan dif\u00edcil evitar la promoci\u00f3n.<\/p>\n<p>El d\u00eda anterior al partido, que concluy\u00f3 con empate a 0, en el periodico barcelon\u00e9s Mundo Deportivo se public\u00f3 esta entrevista con el portero b\u00e9tico Nery Alberto Pumpido. El Betis se encontraba concentrado en la localidad de Castelldefels desde el jueves 1 de junio, a la espera de tan trascendental choque.<\/p>\n<p>&nbsp;<\/p>\n<p><span style=\"color: #008000\"><em>Hace apenas dos a\u00f1os alz\u00f3 el trofeo m\u00e1s preciado para un futbolista. El escenario, el Estadio Azteca de M\u00e9xico, repleto de enfervorizados seguidores argentinos que tocaron el cielo con las manos con el segundo t\u00edtulo mundial conseguido por su selecci\u00f3n, la albiceleste. Un combinado que bajo los palos contaba con Nery Alberto Pumpido. El hoy guardameta del Real Betis ha pasado en estos veinticuatro meses escasos de la gloria a estar en las puertas del infierno que significar\u00eda el descenso a Segunda.<\/em><\/span><\/p>\n<ul>\n<li><span style=\"color: #008000\"><em>La verdad es que jam\u00e1s pod\u00eda pensar que llegar\u00eda a encontrarme en una situaci\u00f3n as\u00ed. Pero esto son cosas del f\u00fatbol que todo jugador debe saber aceptar y encajar<\/em><\/span><\/li>\n<li><span style=\"color: #008000\"><em>Pero para un hombre que ha sido campe\u00f3n del mundo siempre ser\u00e1 m\u00e1s dif\u00edcil, suponemos<\/em><\/span><\/li>\n<li><span style=\"color: #008000\"><em>Aqu\u00ed juega un papel important\u00edsimo la experiencia de cada cual. Porque de lo contrario, efectivamente es mucho m\u00e1s dif\u00edcil asimilar que un d\u00eda puedes estar arriba y al siguiente abajo. De todas formas, conf\u00edo que las cosas se enderezar\u00e1n y que al final el Betis seguir\u00e1 ah\u00ed, en Primera.<\/em><\/span><\/li>\n<li><span style=\"color: #008000\"><em>\u00bfCon Pumpido o sin \u00e9l?<\/em><\/span><\/li>\n<li><span style=\"color: #008000\"><em>Si de m\u00ed depende, yo no cambio de aires. En Sevilla se me ha recibido fenomenalmente y me encuentro all\u00ed pr\u00e1cticamente como en mi casa. Creo que de cara a la pr\u00f3xima temporada son muchas las cosas que hay que modificar en el club, para no caer en el pozo en que nos hemos metido este a\u00f1o. Pero si los acontecimientos siguen el curso de las \u00faltimas semanas, la siguiente puede ser una buena campa\u00f1a para el Betis.<\/em><\/span><\/li>\n<li><span style=\"color: #008000\"><em>\u00bfIncluye en estas cosas a cambiar los problemas en que se vio involucrado Pumpido cuando incluso fue relegado al banquillo?<\/em><\/span><\/li>\n<li><span style=\"color: #008000\"><em>Aquello ya qued\u00f3 superado. No, en ning\u00fan momento perd\u00ed la confianza en m\u00ed mismo, ni siquiera cuando me vi apartado de la titularidad. \u00bfPor qu\u00e9? Pues entre otras cosas porque sab\u00eda que el t\u00e9cnico estaba obsesionado por otros temas, al margen del puramente deportivo, en el que no estaba centrado todo lo que debiera. Pero todos estos hechos han quedado atr\u00e1s y no creo que sea este momento el m\u00e1s adecuado para analizarlos.<\/em><\/span><\/li>\n<li><span style=\"color: #008000\"><em>Pues hablemos de un plano m\u00e1s general. \u00bfQu\u00e9 le pasa a este Betis cargado de jugadores de renombre y que est\u00e1 luchando por evitar el descenso?<\/em><\/span><\/li>\n<li><span style=\"color: #008000\"><em>La verdad es que cuajamos una mala campa\u00f1a y ahora nos vemos en el trance de tener que subsanar todos los errores cometidos en estas \u00faltimas cuatro jornadas. Pero tampoco creo que ahora sea el momento oportuno para meternos en an\u00e1lisis profundos y pormenorizados de lo que ha sucedido durante estos meses. Despu\u00e9s, cuando todo esto haya finalizado, llegar\u00e1 el momento en que cada cual deber\u00e1 \u201cinteriorizarse\u201d y hacer un balance de la temporada. Y que nadie nos d\u00e9 por muertos, porque eludir la promoci\u00f3n a\u00fan es posible.<\/em><\/span><\/li>\n<li><span style=\"color: #008000\"><em>Lo malo para ustedes es que el Espa\u00f1ol tampoco anda sobrado\u2026<\/em><\/span><\/li>\n<li><span style=\"color: #008000\"><em>Desde luego. Los blanquiazules nos pondr\u00e1n las cosas tremendamente dif\u00edciles, conscientes de que una victoria les alejar\u00eda definitivamente del descenso autom\u00e1tico. Pero nosotros estamos muy mentalizados de lo que nos jugamos y el domingo intentaremos sacar los dos primeros puntos de esos ocho que precisamos para salvar la categor\u00eda.<\/em><\/span><\/li>\n<li><span style=\"color: #008000\"><em>\u00bfD\u00f3nde puede estar la llave maestra que abra el camino del triunfo?<\/em><\/span><\/li>\n<li><span style=\"color: #008000\"><em>Soy de los convencidos de que la confianza hace milagros. Y si el domingo tenemos esa fe en nuestras propias fuerzas que nos ha faltado a lo largo de toda la temporada, podemos tener mucha \u201cchance\u201d de cara al resultado final.<\/em><\/span><\/li>\n<li><span style=\"color: #008000\"><em>En Sarri\u00e1 hay quien dice que este domingo los que tienen que estar nerviosos son los b\u00e9ticos<\/em><\/span><\/li>\n<li><span style=\"color: #008000\"><em>Pues que se olviden de esto porque los dos estamos igual. Que no pierdan de vista que si ganamos, su situaci\u00f3n ser\u00e1 delicada y que entonces ser\u00e1n ellos los que se encontrar\u00e1n amenazados por los nervios. Ser\u00e1 una lucha tremenda, con los nervios como acompa\u00f1antes.<\/em><\/span><\/li>\n<\/ul>\n<p><span style=\"color: #008000\"><em>Cuando hace apenas dos a\u00f1os levant\u00f3 los brazos hacia el cielo mexicano con la Copa del Mundo en sus manos, no pod\u00eda ni tan siquiera imaginar que veinticuatro meses despu\u00e9s estar\u00eda viviendo sus horas m\u00e1s angustiosas como futbolista. Pero el domingo dar\u00eda todo lo que fuera por levantar esos mismos brazos hacia el cielo de Sarri\u00e1 para celebrar una victoria que podr\u00eda alejar el infierno de un descenso en el que, de momento, nadie cree en el Betis.<\/em><\/span><\/p>\n<p>&nbsp;<\/p>\n<p>Fuente: Jaume Miserachs en El Mundo Deportivo 3 de junio de 1989<\/p>\n","protected":false},"excerpt":{"rendered":"<p>El 4 de junio de 1989 se jug\u00f3 en Sarri\u00e1 un dram\u00e1tico Espa\u00f1ol-Betis. A falta de 4 jornadas para el final de la Liga el Betis era antepen\u00faltimo empatado a puntos con el Murcia, mientras que el Espa\u00f1ol estaba cuatro puntos por encima. Ambos conjuntos depend\u00edan de s\u00ed mismos para escapar del descenso, aunque ten\u00edan&#8230;<\/p>\n","protected":false},"author":5,"featured_media":60330,"comment_status":"open","ping_status":"open","sticky":false,"template":"","format":"standard","meta":{"_kad_post_transparent":"","_kad_post_title":"","_kad_post_layout":"","_kad_post_sidebar_id":"","_kad_post_content_style":"","_kad_post_vertical_padding":"","_kad_post_feature":"","_kad_post_feature_position":"","_kad_post_header":false,"_kad_post_footer":false,"_kad_post_classname":"","_jetpack_memberships_contains_paid_content":false,"footnotes":"","jetpack_publicize_message":"","jetpack_publicize_feature_enabled":true,"jetpack_social_post_already_shared":true,"jetpack_social_options":{"image_generator_settings":{"template":"highway","default_image_id":0,"font":"","enabled":false},"version":2}},"categories":[904,893,1],"tags":[4127,5648,4128],"class_list":["post-60329","post","type-post","status-publish","format-standard","has-post-thumbnail","hentry","category-1980-1989","category-jugadores-temas","category-portada","tag-1988-89","tag-5648","tag-nery-alberto-pumpido"],"jetpack_publicize_connections":[],"jetpack_featured_media_url":"https:\/\/i0.wp.com\/www.manquepierda.com\/historiarealbetis\/files\/2017\/08\/Entrevista-Nery-Alberto-Pumpido-1989-NMP-.jpg?fit=400%2C609&ssl=1","jetpack_sharing_enabled":true,"jetpack_shortlink":"https:\/\/wp.me\/p1ij08-fH3","jetpack-related-posts":[],"_links":{"self":[{"href":"https:\/\/www.manquepierda.com\/historiarealbetis\/wp-json\/wp\/v2\/posts\/60329","targetHints":{"allow":["GET"]}}],"collection":[{"href":"https:\/\/www.manquepierda.com\/historiarealbetis\/wp-json\/wp\/v2\/posts"}],"about":[{"href":"https:\/\/www.manquepierda.com\/historiarealbetis\/wp-json\/wp\/v2\/types\/post"}],"author":[{"embeddable":true,"href":"https:\/\/www.manquepierda.com\/historiarealbetis\/wp-json\/wp\/v2\/users\/5"}],"replies":[{"embeddable":true,"href":"https:\/\/www.manquepierda.com\/historiarealbetis\/wp-json\/wp\/v2\/comments?post=60329"}],"version-history":[{"count":0,"href":"https:\/\/www.manquepierda.com\/historiarealbetis\/wp-json\/wp\/v2\/posts\/60329\/revisions"}],"wp:featuredmedia":[{"embeddable":true,"href":"https:\/\/www.manquepierda.com\/historiarealbetis\/wp-json\/wp\/v2\/media\/60330"}],"wp:attachment":[{"href":"https:\/\/www.manquepierda.com\/historiarealbetis\/wp-json\/wp\/v2\/media?parent=60329"}],"wp:term":[{"taxonomy":"category","embeddable":true,"href":"https:\/\/www.manquepierda.com\/historiarealbetis\/wp-json\/wp\/v2\/categories?post=60329"},{"taxonomy":"post_tag","embeddable":true,"href":"https:\/\/www.manquepierda.com\/historiarealbetis\/wp-json\/wp\/v2\/tags?post=60329"}],"curies":[{"name":"wp","href":"https:\/\/api.w.org\/{rel}","templated":true}]}}