{"id":60357,"date":"2020-08-20T10:30:37","date_gmt":"2020-08-20T08:30:37","guid":{"rendered":"http:\/\/www.manquepierda.com\/historiarealbetis\/?p=60357"},"modified":"2024-09-27T18:51:36","modified_gmt":"2024-09-27T16:51:36","slug":"hoy-374-anos-6","status":"publish","type":"post","link":"https:\/\/www.manquepierda.com\/historiarealbetis\/hoy-374-anos-6\/","title":{"rendered":"Hoy hace 37 a\u00f1os. Betis 2 Am\u00e9rica R\u00edo 1 en el Trofeo Colombino."},"content":{"rendered":"<p><a href=\"https:\/\/i0.wp.com\/www.manquepierda.com\/historiarealbetis\/files\/2017\/08\/20-1983-Betis-2-America-de-R%C3%ADo-1-.jpeg?ssl=1\"><img data-recalc-dims=\"1\" loading=\"lazy\" decoding=\"async\" class=\"aligncenter size-medium wp-image-60358\" src=\"https:\/\/i0.wp.com\/www.manquepierda.com\/historiarealbetis\/files\/2017\/08\/20-1983-Betis-2-America-de-R%C3%ADo-1-.jpeg?resize=680%2C483&#038;ssl=1\" alt=\"\" width=\"680\" height=\"483\" srcset=\"https:\/\/i0.wp.com\/www.manquepierda.com\/historiarealbetis\/files\/2017\/08\/20-1983-Betis-2-America-de-R%C3%ADo-1-.jpeg?resize=680%2C483&amp;ssl=1 680w, https:\/\/i0.wp.com\/www.manquepierda.com\/historiarealbetis\/files\/2017\/08\/20-1983-Betis-2-America-de-R%C3%ADo-1-.jpeg?resize=220%2C156&amp;ssl=1 220w, https:\/\/i0.wp.com\/www.manquepierda.com\/historiarealbetis\/files\/2017\/08\/20-1983-Betis-2-America-de-R%C3%ADo-1-.jpeg?resize=768%2C545&amp;ssl=1 768w, https:\/\/i0.wp.com\/www.manquepierda.com\/historiarealbetis\/files\/2017\/08\/20-1983-Betis-2-America-de-R%C3%ADo-1-.jpeg?resize=960%2C682&amp;ssl=1 960w, https:\/\/i0.wp.com\/www.manquepierda.com\/historiarealbetis\/files\/2017\/08\/20-1983-Betis-2-America-de-R%C3%ADo-1-.jpeg?resize=75%2C52&amp;ssl=1 75w\" sizes=\"auto, (max-width: 680px) 100vw, 680px\" \/><\/a><\/p>\n<p><span style=\"color: #008000\">El 20 de agosto de 1983 el Betis se impone 2-1 al Am\u00e9rica de R\u00edo de Janeiro en la semifinal del XIX Trofeo Colombino.<\/span><\/p>\n<p><span style=\"color: #008000\">Los tantos de Calder\u00f3n y Gordillo en la segunda parte remontaron el inicial de Luizinho para el equipo carioca. El partido fue suspendido a falta de 3 minutos tras una monumental tangana con expulsi\u00f3n de 3 jugadores brasile\u00f1os y el b\u00e9tico Rinc\u00f3n.<\/span><\/p>\n<p><span style=\"color: #008000\">El Betis, entrenado por Pepe Alzate, form\u00f3 con Esnaola; Diego, Canito, Alex, Quico; Parra, Ortega, Carde\u00f1osa (75, Ram\u00f3n); Calder\u00f3n (79, Paco), Rinc\u00f3n y Gordillo.\u00a0<\/span><\/p>\n","protected":false},"excerpt":{"rendered":"<p>El 20 de agosto de 1983 el Betis se impone 2-1 al Am\u00e9rica de R\u00edo de Janeiro en la semifinal del XIX Trofeo Colombino. Los tantos de Calder\u00f3n y Gordillo en la segunda parte remontaron el inicial de Luizinho para el equipo carioca. El partido fue suspendido a falta de 3 minutos tras una monumental&#8230;<\/p>\n","protected":false},"author":5,"featured_media":60358,"comment_status":"open","ping_status":"open","sticky":false,"template":"","format":"standard","meta":{"_kad_post_transparent":"","_kad_post_title":"","_kad_post_layout":"","_kad_post_sidebar_id":"","_kad_post_content_style":"","_kad_post_vertical_padding":"","_kad_post_feature":"","_kad_post_feature_position":"","_kad_post_header":false,"_kad_post_footer":false,"_kad_post_classname":"","_jetpack_memberships_contains_paid_content":false,"footnotes":"","jetpack_publicize_message":"","jetpack_publicize_feature_enabled":true,"jetpack_social_post_already_shared":true,"jetpack_social_options":{"image_generator_settings":{"template":"highway","default_image_id":0,"font":"","enabled":false},"version":2}},"categories":[904,14583,1],"tags":[4327,16223,18048],"class_list":["post-60357","post","type-post","status-publish","format-standard","has-post-thumbnail","hentry","category-1980-1989","category-efemerides","category-portada","tag-4327","tag-america-fc-rio-janeiro","tag-xix-trofeo-colombino"],"jetpack_publicize_connections":[],"jetpack_featured_media_url":"https:\/\/i0.wp.com\/www.manquepierda.com\/historiarealbetis\/files\/2017\/08\/20-1983-Betis-2-America-de-R%C3%ADo-1-.jpeg?fit=2097%2C1489&ssl=1","jetpack_sharing_enabled":true,"jetpack_shortlink":"https:\/\/wp.me\/p1ij08-fHv","jetpack-related-posts":[],"_links":{"self":[{"href":"https:\/\/www.manquepierda.com\/historiarealbetis\/wp-json\/wp\/v2\/posts\/60357","targetHints":{"allow":["GET"]}}],"collection":[{"href":"https:\/\/www.manquepierda.com\/historiarealbetis\/wp-json\/wp\/v2\/posts"}],"about":[{"href":"https:\/\/www.manquepierda.com\/historiarealbetis\/wp-json\/wp\/v2\/types\/post"}],"author":[{"embeddable":true,"href":"https:\/\/www.manquepierda.com\/historiarealbetis\/wp-json\/wp\/v2\/users\/5"}],"replies":[{"embeddable":true,"href":"https:\/\/www.manquepierda.com\/historiarealbetis\/wp-json\/wp\/v2\/comments?post=60357"}],"version-history":[{"count":1,"href":"https:\/\/www.manquepierda.com\/historiarealbetis\/wp-json\/wp\/v2\/posts\/60357\/revisions"}],"predecessor-version":[{"id":99782,"href":"https:\/\/www.manquepierda.com\/historiarealbetis\/wp-json\/wp\/v2\/posts\/60357\/revisions\/99782"}],"wp:featuredmedia":[{"embeddable":true,"href":"https:\/\/www.manquepierda.com\/historiarealbetis\/wp-json\/wp\/v2\/media\/60358"}],"wp:attachment":[{"href":"https:\/\/www.manquepierda.com\/historiarealbetis\/wp-json\/wp\/v2\/media?parent=60357"}],"wp:term":[{"taxonomy":"category","embeddable":true,"href":"https:\/\/www.manquepierda.com\/historiarealbetis\/wp-json\/wp\/v2\/categories?post=60357"},{"taxonomy":"post_tag","embeddable":true,"href":"https:\/\/www.manquepierda.com\/historiarealbetis\/wp-json\/wp\/v2\/tags?post=60357"}],"curies":[{"name":"wp","href":"https:\/\/api.w.org\/{rel}","templated":true}]}}