{"id":60360,"date":"2022-08-21T11:00:00","date_gmt":"2022-08-21T09:00:00","guid":{"rendered":"http:\/\/www.manquepierda.com\/historiarealbetis\/?p=60360"},"modified":"2024-08-28T11:25:33","modified_gmt":"2024-08-28T09:25:33","slug":"hoy-15-anos-3","status":"publish","type":"post","link":"https:\/\/www.manquepierda.com\/historiarealbetis\/hoy-15-anos-3\/","title":{"rendered":"Hoy hace 20 a\u00f1os. Debut de Juan Guti\u00e9rrez \u00abJuanito\u00bb con la selecci\u00f3n."},"content":{"rendered":"<p><a href=\"https:\/\/i0.wp.com\/www.manquepierda.com\/historiarealbetis\/files\/2017\/08\/21-2002-Debut-de-Juanito-con-la-selecci%C3%B3n.jpg?ssl=1\"><img data-recalc-dims=\"1\" loading=\"lazy\" decoding=\"async\" class=\"aligncenter size-full wp-image-60361\" src=\"https:\/\/i0.wp.com\/www.manquepierda.com\/historiarealbetis\/files\/2017\/08\/21-2002-Debut-de-Juanito-con-la-selecci%C3%B3n.jpg?resize=386%2C579&#038;ssl=1\" alt=\"\" width=\"386\" height=\"579\" srcset=\"https:\/\/i0.wp.com\/www.manquepierda.com\/historiarealbetis\/files\/2017\/08\/21-2002-Debut-de-Juanito-con-la-selecci%C3%B3n.jpg?w=386&amp;ssl=1 386w, https:\/\/i0.wp.com\/www.manquepierda.com\/historiarealbetis\/files\/2017\/08\/21-2002-Debut-de-Juanito-con-la-selecci%C3%B3n.jpg?resize=147%2C220&amp;ssl=1 147w\" sizes=\"auto, (max-width: 386px) 100vw, 386px\" \/><\/a><\/p>\n<p><span style=\"color: #008000\">El 21 de agosto de 2002 debuta con la selecci\u00f3n absoluta Juan Guti\u00e9rrez \u00abJuanito\u00bb, en el partido amistoso que enfrenta en Budapest a Hungr\u00eda y Espa\u00f1a que termin\u00f3 con empate a 1.<\/span><\/p>\n<p><span style=\"color: #008000\">Juanito salt\u00f3 al campo al inicio de la segunda parte sustituyendo a Carlos Marchena.<\/span><\/p>\n<p><span style=\"color: #008000\">Fue internacional en 26 ocasiones, en todas ellas como jugador del Real Betis Balompi\u00e9, participando en las fases finales de la Eurocopa de 2004, el Mundial de 2006 y la Eurocopa de 2008.\u00a0<\/span><\/p>\n","protected":false},"excerpt":{"rendered":"<p>El 21 de agosto de 2002 debuta con la selecci\u00f3n absoluta Juan Guti\u00e9rrez \u00abJuanito\u00bb, en el partido amistoso que enfrenta en Budapest a Hungr\u00eda y Espa\u00f1a que termin\u00f3 con empate a 1. Juanito salt\u00f3 al campo al inicio de la segunda parte sustituyendo a Carlos Marchena. Fue internacional en 26 ocasiones, en todas ellas como&#8230;<\/p>\n","protected":false},"author":5,"featured_media":60361,"comment_status":"open","ping_status":"open","sticky":false,"template":"","format":"standard","meta":{"_kad_post_transparent":"","_kad_post_title":"","_kad_post_layout":"","_kad_post_sidebar_id":"","_kad_post_content_style":"","_kad_post_vertical_padding":"","_kad_post_feature":"","_kad_post_feature_position":"","_kad_post_header":false,"_kad_post_footer":false,"_kad_post_classname":"","_jetpack_memberships_contains_paid_content":false,"footnotes":"","jetpack_publicize_message":"","jetpack_publicize_feature_enabled":true,"jetpack_social_post_already_shared":true,"jetpack_social_options":{"image_generator_settings":{"template":"highway","default_image_id":0,"font":"","enabled":false},"version":2}},"categories":[4823,14583,1],"tags":[4824,1367,1586],"class_list":["post-60360","post","type-post","status-publish","format-standard","has-post-thumbnail","hentry","category-2000-2009","category-efemerides","category-portada","tag-4824","tag-juan-gutierrez-juanito","tag-seleccion-espanola"],"jetpack_publicize_connections":[],"jetpack_featured_media_url":"https:\/\/i0.wp.com\/www.manquepierda.com\/historiarealbetis\/files\/2017\/08\/21-2002-Debut-de-Juanito-con-la-selecci%C3%B3n.jpg?fit=386%2C579&ssl=1","jetpack_sharing_enabled":true,"jetpack_shortlink":"https:\/\/wp.me\/p1ij08-fHy","jetpack-related-posts":[],"_links":{"self":[{"href":"https:\/\/www.manquepierda.com\/historiarealbetis\/wp-json\/wp\/v2\/posts\/60360","targetHints":{"allow":["GET"]}}],"collection":[{"href":"https:\/\/www.manquepierda.com\/historiarealbetis\/wp-json\/wp\/v2\/posts"}],"about":[{"href":"https:\/\/www.manquepierda.com\/historiarealbetis\/wp-json\/wp\/v2\/types\/post"}],"author":[{"embeddable":true,"href":"https:\/\/www.manquepierda.com\/historiarealbetis\/wp-json\/wp\/v2\/users\/5"}],"replies":[{"embeddable":true,"href":"https:\/\/www.manquepierda.com\/historiarealbetis\/wp-json\/wp\/v2\/comments?post=60360"}],"version-history":[{"count":2,"href":"https:\/\/www.manquepierda.com\/historiarealbetis\/wp-json\/wp\/v2\/posts\/60360\/revisions"}],"predecessor-version":[{"id":85708,"href":"https:\/\/www.manquepierda.com\/historiarealbetis\/wp-json\/wp\/v2\/posts\/60360\/revisions\/85708"}],"wp:featuredmedia":[{"embeddable":true,"href":"https:\/\/www.manquepierda.com\/historiarealbetis\/wp-json\/wp\/v2\/media\/60361"}],"wp:attachment":[{"href":"https:\/\/www.manquepierda.com\/historiarealbetis\/wp-json\/wp\/v2\/media?parent=60360"}],"wp:term":[{"taxonomy":"category","embeddable":true,"href":"https:\/\/www.manquepierda.com\/historiarealbetis\/wp-json\/wp\/v2\/categories?post=60360"},{"taxonomy":"post_tag","embeddable":true,"href":"https:\/\/www.manquepierda.com\/historiarealbetis\/wp-json\/wp\/v2\/tags?post=60360"}],"curies":[{"name":"wp","href":"https:\/\/api.w.org\/{rel}","templated":true}]}}