{"id":60568,"date":"2026-09-02T12:00:00","date_gmt":"2026-09-02T10:00:00","guid":{"rendered":"http:\/\/www.manquepierda.com\/historiarealbetis\/?p=60568"},"modified":"2026-09-02T19:47:21","modified_gmt":"2026-09-02T17:47:21","slug":"hoy-56-anos-6","status":"publish","type":"post","link":"https:\/\/www.manquepierda.com\/historiarealbetis\/hoy-56-anos-6\/","title":{"rendered":"Hoy hace 65 a\u00f1os. Debut oficial de Luis Aragon\u00e9s."},"content":{"rendered":"<div class=\"wp-block-image\">\n<figure class=\"aligncenter size-full\"><img data-recalc-dims=\"1\" loading=\"lazy\" decoding=\"async\" width=\"409\" height=\"526\" src=\"https:\/\/i0.wp.com\/www.manquepierda.com\/historiarealbetis\/files\/2026\/09\/2-1961-Debut-de-Luis-Aragones.jpg?resize=409%2C526&#038;ssl=1\" alt=\"\" class=\"wp-image-109968\" srcset=\"https:\/\/i0.wp.com\/www.manquepierda.com\/historiarealbetis\/files\/2026\/09\/2-1961-Debut-de-Luis-Aragones.jpg?w=409&amp;ssl=1 409w, https:\/\/i0.wp.com\/www.manquepierda.com\/historiarealbetis\/files\/2026\/09\/2-1961-Debut-de-Luis-Aragones.jpg?resize=171%2C220&amp;ssl=1 171w\" sizes=\"auto, (max-width: 409px) 100vw, 409px\" \/><\/figure>\n<\/div>\n\n<p>\u00a0<\/p>\n<p><span style=\"color: #008000;\">El 2 de septiembre de 1961 debuta oficialmente con el Betis Luis Aragon\u00e9s. Lo hace en el Benito Villamar\u00edn en partido de Liga de Primera Divisi\u00f3n frente al RCD Mallorca, que se impuso 0-1.\u00a0<\/span><\/p>\n<p><span style=\"color: #008000;\">Luis Aragon\u00e9s ten\u00eda 23 a\u00f1os cuando debut\u00f3 con el Betis, al que lleg\u00f3 procedente del Real Madrid, aunque hab\u00eda jugado cedido en el Oviedo.<\/span><\/p>\n<p><span style=\"color: #008000;\">Para saber m\u00e1s de la trayectoria de Luis Aragon\u00e9s en el Betis ver<a href=\"https:\/\/www.manquepierda.com\/historiarealbetis\/luis-aragones\/\"> <strong>aqu\u00ed.<\/strong><\/a><\/span><\/p>","protected":false},"excerpt":{"rendered":"<p>\u00a0 El 2 de septiembre de 1961 debuta oficialmente con el Betis Luis Aragon\u00e9s. Lo hace en el Benito Villamar\u00edn en partido de Liga de Primera Divisi\u00f3n frente al RCD Mallorca, que se impuso 0-1.\u00a0 Luis Aragon\u00e9s ten\u00eda 23 a\u00f1os cuando debut\u00f3 con el Betis, al que lleg\u00f3 procedente del Real Madrid, aunque hab\u00eda jugado&#8230;<\/p>\n","protected":false},"author":5,"featured_media":109968,"comment_status":"open","ping_status":"open","sticky":false,"template":"","format":"standard","meta":{"_kad_post_transparent":"","_kad_post_title":"","_kad_post_layout":"","_kad_post_sidebar_id":"","_kad_post_content_style":"","_kad_post_vertical_padding":"","_kad_post_feature":"","_kad_post_feature_position":"","_kad_post_header":false,"_kad_post_footer":false,"_kad_post_classname":"","_jetpack_newsletter_access":"","_jetpack_dont_email_post_to_subs":false,"_jetpack_newsletter_tier_id":0,"_jetpack_memberships_contains_paywalled_content":false,"_jetpack_feature_clip_id":0,"_jetpack_memberships_contains_paid_content":false,"footnotes":"","jetpack_publicize_message":"","jetpack_publicize_feature_enabled":true,"jetpack_social_post_already_shared":true,"jetpack_social_options":{"image_generator_settings":{"template":"highway","default_image_id":0,"font":"","enabled":false},"version":2},"jetpack_post_was_ever_published":false},"categories":[902,14583,1],"tags":[2922,17905,1456],"class_list":["post-60568","post","type-post","status-publish","format-standard","has-post-thumbnail","hentry","category-1960-1969","category-efemerides","category-portada","tag-2922","tag-liga-primera-1961-62","tag-luis-aragones"],"jetpack_publicize_connections":[],"jetpack_sharing_enabled":true,"jetpack_shortlink":"https:\/\/wp.me\/p1ij08-fKU","jetpack-related-posts":[],"jetpack_featured_media_url":"https:\/\/i0.wp.com\/www.manquepierda.com\/historiarealbetis\/files\/2026\/09\/2-1961-Debut-de-Luis-Aragones.jpg?fit=409%2C526&ssl=1","_links":{"self":[{"href":"https:\/\/www.manquepierda.com\/historiarealbetis\/wp-json\/wp\/v2\/posts\/60568","targetHints":{"allow":["GET"]}}],"collection":[{"href":"https:\/\/www.manquepierda.com\/historiarealbetis\/wp-json\/wp\/v2\/posts"}],"about":[{"href":"https:\/\/www.manquepierda.com\/historiarealbetis\/wp-json\/wp\/v2\/types\/post"}],"author":[{"embeddable":true,"href":"https:\/\/www.manquepierda.com\/historiarealbetis\/wp-json\/wp\/v2\/users\/5"}],"replies":[{"embeddable":true,"href":"https:\/\/www.manquepierda.com\/historiarealbetis\/wp-json\/wp\/v2\/comments?post=60568"}],"version-history":[{"count":3,"href":"https:\/\/www.manquepierda.com\/historiarealbetis\/wp-json\/wp\/v2\/posts\/60568\/revisions"}],"predecessor-version":[{"id":109970,"href":"https:\/\/www.manquepierda.com\/historiarealbetis\/wp-json\/wp\/v2\/posts\/60568\/revisions\/109970"}],"wp:featuredmedia":[{"embeddable":true,"href":"https:\/\/www.manquepierda.com\/historiarealbetis\/wp-json\/wp\/v2\/media\/109968"}],"wp:attachment":[{"href":"https:\/\/www.manquepierda.com\/historiarealbetis\/wp-json\/wp\/v2\/media?parent=60568"}],"wp:term":[{"taxonomy":"category","embeddable":true,"href":"https:\/\/www.manquepierda.com\/historiarealbetis\/wp-json\/wp\/v2\/categories?post=60568"},{"taxonomy":"post_tag","embeddable":true,"href":"https:\/\/www.manquepierda.com\/historiarealbetis\/wp-json\/wp\/v2\/tags?post=60568"}],"curies":[{"name":"wp","href":"https:\/\/api.w.org\/{rel}","templated":true}]}}