{"id":60671,"date":"2017-08-26T18:21:34","date_gmt":"2017-08-26T16:21:34","guid":{"rendered":"http:\/\/www.manquepierda.com\/historiarealbetis\/?p=60671"},"modified":"2024-08-23T17:13:07","modified_gmt":"2024-08-23T15:13:07","slug":"1931-febrero-15-segunda-real-betis-balompie-1-cd-castellon-1-recortes-prensa","status":"publish","type":"post","link":"https:\/\/www.manquepierda.com\/historiarealbetis\/1931-febrero-15-segunda-real-betis-balompie-1-cd-castellon-1-recortes-prensa\/","title":{"rendered":"1931-Febrero 15-Segunda.-Real Betis Balompi\u00e9-1 CD Castell\u00f3n-1.-Recortes Prensa."},"content":{"rendered":"<p style=\"text-align: left\">TERCERA EDICI\u00d3N-CAMPEONATO NACIONAL LIGA SEGUNDA DIVISI\u00d3N TEMPORADA 1930-1931.-DOMINGO 7 DICIEMBRE 1930 \u00c1 DOMINGO 5 ABRIL 1931.-AMBOS INCLUSIVE.<\/p>\n<p style=\"text-align: center\"><img data-recalc-dims=\"1\" loading=\"lazy\" decoding=\"async\" class=\"aligncenter size-medium wp-image-60672\" src=\"https:\/\/i0.wp.com\/www.manquepierda.com\/historiarealbetis\/files\/2017\/08\/19310217Serrano-Ahora.jpg?resize=680%2C275&#038;ssl=1\" alt=\"\" width=\"680\" height=\"275\" srcset=\"https:\/\/i0.wp.com\/www.manquepierda.com\/historiarealbetis\/files\/2017\/08\/19310217Serrano-Ahora.jpg?resize=680%2C275&amp;ssl=1 680w, https:\/\/i0.wp.com\/www.manquepierda.com\/historiarealbetis\/files\/2017\/08\/19310217Serrano-Ahora.jpg?resize=220%2C89&amp;ssl=1 220w, https:\/\/i0.wp.com\/www.manquepierda.com\/historiarealbetis\/files\/2017\/08\/19310217Serrano-Ahora.jpg?resize=768%2C310&amp;ssl=1 768w, https:\/\/i0.wp.com\/www.manquepierda.com\/historiarealbetis\/files\/2017\/08\/19310217Serrano-Ahora.jpg?resize=960%2C388&amp;ssl=1 960w, https:\/\/i0.wp.com\/www.manquepierda.com\/historiarealbetis\/files\/2017\/08\/19310217Serrano-Ahora.jpg?w=1565&amp;ssl=1 1565w\" sizes=\"auto, (max-width: 680px) 100vw, 680px\" \/><\/p>\n<p><em>\u00abEl Deportivo Castell\u00f3n logra un precioso empate en Sevilla frente al Betis. Un cuerpo \u00e1 cuerpo\u00bb.-<\/em>Foto Serrano-\u00abAhora\u00bb-Madrid 19310217-Martes.<\/p>\n<p style=\"text-align: center\"><img data-recalc-dims=\"1\" loading=\"lazy\" decoding=\"async\" class=\"aligncenter size-medium wp-image-60674\" src=\"https:\/\/i0.wp.com\/www.manquepierda.com\/historiarealbetis\/files\/2017\/08\/Mart%C3%ADnezDLe%C3%B3n-Dibujo-Campo-Betis.jpg?resize=455%2C600&#038;ssl=1\" alt=\"\" width=\"455\" height=\"600\" srcset=\"https:\/\/i0.wp.com\/www.manquepierda.com\/historiarealbetis\/files\/2017\/08\/Mart%C3%ADnezDLe%C3%B3n-Dibujo-Campo-Betis.jpg?resize=455%2C600&amp;ssl=1 455w, https:\/\/i0.wp.com\/www.manquepierda.com\/historiarealbetis\/files\/2017\/08\/Mart%C3%ADnezDLe%C3%B3n-Dibujo-Campo-Betis.jpg?resize=167%2C220&amp;ssl=1 167w, https:\/\/i0.wp.com\/www.manquepierda.com\/historiarealbetis\/files\/2017\/08\/Mart%C3%ADnezDLe%C3%B3n-Dibujo-Campo-Betis.jpg?resize=531%2C700&amp;ssl=1 531w, https:\/\/i0.wp.com\/www.manquepierda.com\/historiarealbetis\/files\/2017\/08\/Mart%C3%ADnezDLe%C3%B3n-Dibujo-Campo-Betis.jpg?w=692&amp;ssl=1 692w\" sizes=\"auto, (max-width: 455px) 100vw, 455px\" \/><\/p>\n<p><strong>1931-FEBRERO 15-DOMINGO-BARRIO \u00abEL PORVENIR\u00bb.-CAMPO MUNICIPAL DEPORTES \u00abREAL PATRONATO OBRERO\u00bb-MEDIA ENTRADA.-11\u00aa JORNADA.<\/strong><\/p>\n<p style=\"text-align: center\"><img data-recalc-dims=\"1\" loading=\"lazy\" decoding=\"async\" class=\"aligncenter size-thumbnail wp-image-60673\" src=\"https:\/\/i0.wp.com\/www.manquepierda.com\/historiarealbetis\/files\/2017\/08\/Mart%C3%ADnezDLe%C3%B3n-Comorera-ABCse19310217.jpg?resize=191%2C220&#038;ssl=1\" alt=\"\" width=\"191\" height=\"220\" srcset=\"https:\/\/i0.wp.com\/www.manquepierda.com\/historiarealbetis\/files\/2017\/08\/Mart%C3%ADnezDLe%C3%B3n-Comorera-ABCse19310217.jpg?resize=191%2C220&amp;ssl=1 191w, https:\/\/i0.wp.com\/www.manquepierda.com\/historiarealbetis\/files\/2017\/08\/Mart%C3%ADnezDLe%C3%B3n-Comorera-ABCse19310217.jpg?resize=521%2C600&amp;ssl=1 521w, https:\/\/i0.wp.com\/www.manquepierda.com\/historiarealbetis\/files\/2017\/08\/Mart%C3%ADnezDLe%C3%B3n-Comorera-ABCse19310217.jpg?resize=607%2C700&amp;ssl=1 607w, https:\/\/i0.wp.com\/www.manquepierda.com\/historiarealbetis\/files\/2017\/08\/Mart%C3%ADnezDLe%C3%B3n-Comorera-ABCse19310217.jpg?w=688&amp;ssl=1 688w\" sizes=\"auto, (max-width: 191px) 100vw, 191px\" \/><\/p>\n<p style=\"text-align: left\">Arbitr\u00f3 el colegiado catal\u00e1n Guillermo COMORERA Gatuellas.-Dibujo Mart\u00ednez de Le\u00f3n.-ABC-Sevilla 19310217-Martes-Antonio Olmedo: <em>\u00abLos codos de COMORERA en constante movimiento hacia afuera para se\u00f1alar los \u00abfoulds\u00bb.<\/em><\/p>\n<p style=\"text-align: center\"><strong>Pantalones Negros.-REAL BETIS BALOMPI\u00c9-1 Gol.<\/strong><\/p>\n<p style=\"text-align: center\"><img data-recalc-dims=\"1\" loading=\"lazy\" decoding=\"async\" class=\"aligncenter size-thumbnail wp-image-60675\" src=\"https:\/\/i0.wp.com\/www.manquepierda.com\/historiarealbetis\/files\/2017\/08\/ESCUDO-1925-1.jpg?resize=161%2C220&#038;ssl=1\" alt=\"\" width=\"161\" height=\"220\" srcset=\"https:\/\/i0.wp.com\/www.manquepierda.com\/historiarealbetis\/files\/2017\/08\/ESCUDO-1925-1.jpg?resize=161%2C220&amp;ssl=1 161w, https:\/\/i0.wp.com\/www.manquepierda.com\/historiarealbetis\/files\/2017\/08\/ESCUDO-1925-1.jpg?w=266&amp;ssl=1 266w\" sizes=\"auto, (max-width: 161px) 100vw, 161px\" \/><\/p>\n<p style=\"text-align: left\"><strong>TERCER CLASIFICADO CON 13 PUNTOS (5-GANADOS+3-EMPATADOS+3-PERDIDOS) 17-GOLES \u00c1 FAVOR Y 13-TANTOS EN CONTRA.<\/strong><\/p>\n<p style=\"text-align: center\"><img data-recalc-dims=\"1\" loading=\"lazy\" decoding=\"async\" class=\"aligncenter size-medium wp-image-60678\" src=\"https:\/\/i0.wp.com\/www.manquepierda.com\/historiarealbetis\/files\/2017\/08\/Adolfo-CU%C3%89LLAR-RODR%C3%8DGUEZ-VYB1962N%C2%BA26.1.jpg?resize=460%2C600&#038;ssl=1\" alt=\"\" width=\"460\" height=\"600\" srcset=\"https:\/\/i0.wp.com\/www.manquepierda.com\/historiarealbetis\/files\/2017\/08\/Adolfo-CU%C3%89LLAR-RODR%C3%8DGUEZ-VYB1962N%C2%BA26.1.jpg?resize=460%2C600&amp;ssl=1 460w, https:\/\/i0.wp.com\/www.manquepierda.com\/historiarealbetis\/files\/2017\/08\/Adolfo-CU%C3%89LLAR-RODR%C3%8DGUEZ-VYB1962N%C2%BA26.1.jpg?resize=169%2C220&amp;ssl=1 169w, https:\/\/i0.wp.com\/www.manquepierda.com\/historiarealbetis\/files\/2017\/08\/Adolfo-CU%C3%89LLAR-RODR%C3%8DGUEZ-VYB1962N%C2%BA26.1.jpg?resize=768%2C1002&amp;ssl=1 768w, https:\/\/i0.wp.com\/www.manquepierda.com\/historiarealbetis\/files\/2017\/08\/Adolfo-CU%C3%89LLAR-RODR%C3%8DGUEZ-VYB1962N%C2%BA26.1.jpg?resize=536%2C700&amp;ssl=1 536w\" sizes=\"auto, (max-width: 460px) 100vw, 460px\" \/><\/p>\n<p style=\"text-align: center\"><em><strong>Fuente.-Revista de la Afici\u00f3n B\u00e9tica \u00abVerde y Blanco\u00bb 1962-N\u00ba 26-PVP 7 Pesetas.<\/strong><\/em><\/p>\n<p><em><strong>1930-1931 Presidente Accidental, don Adolfo CU\u00c9LLAR Rodr\u00edguez-Jurado, ilustre letrado (33 a\u00f1os)-Natural de Sevilla, 00-00-1898.-\u00cddem, viernes 18 de Enero de 1963 (65 A\u00f1os) D. E. P.<\/strong><\/em><\/p>\n<p><strong>Entrenador Emilio SAMPERE Oliveras (46 a\u00f1os+1 mes+7 d\u00edas)-Natural de Barcelona, <img data-recalc-dims=\"1\" loading=\"lazy\" decoding=\"async\" class=\"alignleft size-thumbnail wp-image-60681\" src=\"https:\/\/i0.wp.com\/www.manquepierda.com\/historiarealbetis\/files\/2017\/08\/Emilio-SAMPERE-Oliveras-02-Campe%C3%B3n1932.jpg?resize=220%2C137&#038;ssl=1\" alt=\"\" width=\"220\" height=\"137\" srcset=\"https:\/\/i0.wp.com\/www.manquepierda.com\/historiarealbetis\/files\/2017\/08\/Emilio-SAMPERE-Oliveras-02-Campe%C3%B3n1932.jpg?resize=220%2C137&amp;ssl=1 220w, https:\/\/i0.wp.com\/www.manquepierda.com\/historiarealbetis\/files\/2017\/08\/Emilio-SAMPERE-Oliveras-02-Campe%C3%B3n1932.jpg?w=498&amp;ssl=1 498w\" sizes=\"auto, (max-width: 220px) 100vw, 220px\" \/>jueves 8 Enero 1885.-\u00cddem, domingo 4 Diciembre 1966 (81 A\u00f1os, 11 meses menos 4 d\u00edas) D. E. P.<\/strong><\/p>\n<p>\u00ab<strong><em>El Club Deportivo Castell\u00f3n se mantuvo toda la tarde \u00e1 la defensiva, y el Real Betis Balompi\u00e9, aunque m\u00e1s animoso, estuvo desacertado durante todo el encuentro\u00bb.<\/em><\/strong><\/p>\n<p><em><strong>\u00abPor el Betis Balompi\u00e9, excepto la l\u00ednea media, todos los dem\u00e1s descentrados:<\/strong><\/em><\/p>\n<p style=\"text-align: center\">Guardameta:<\/p>\n<p style=\"text-align: center\"><img data-recalc-dims=\"1\" loading=\"lazy\" decoding=\"async\" class=\"aligncenter size-thumbnail wp-image-60683\" src=\"https:\/\/i0.wp.com\/www.manquepierda.com\/historiarealbetis\/files\/2017\/08\/JES%C3%9AS-Bern%C3%A1ldez-Moreno-Manos-Duras-FS055.jpg?resize=142%2C220&#038;ssl=1\" alt=\"\" width=\"142\" height=\"220\" srcset=\"https:\/\/i0.wp.com\/www.manquepierda.com\/historiarealbetis\/files\/2017\/08\/JES%C3%9AS-Bern%C3%A1ldez-Moreno-Manos-Duras-FS055.jpg?resize=142%2C220&amp;ssl=1 142w, https:\/\/i0.wp.com\/www.manquepierda.com\/historiarealbetis\/files\/2017\/08\/JES%C3%9AS-Bern%C3%A1ldez-Moreno-Manos-Duras-FS055.jpg?resize=388%2C600&amp;ssl=1 388w, https:\/\/i0.wp.com\/www.manquepierda.com\/historiarealbetis\/files\/2017\/08\/JES%C3%9AS-Bern%C3%A1ldez-Moreno-Manos-Duras-FS055.jpg?resize=768%2C1189&amp;ssl=1 768w, https:\/\/i0.wp.com\/www.manquepierda.com\/historiarealbetis\/files\/2017\/08\/JES%C3%9AS-Bern%C3%A1ldez-Moreno-Manos-Duras-FS055.jpg?resize=452%2C700&amp;ssl=1 452w, https:\/\/i0.wp.com\/www.manquepierda.com\/historiarealbetis\/files\/2017\/08\/JES%C3%9AS-Bern%C3%A1ldez-Moreno-Manos-Duras-FS055.jpg?w=1080&amp;ssl=1 1080w\" sizes=\"auto, (max-width: 142px) 100vw, 142px\" \/><\/p>\n<p><strong>1-Un tanto encajado.-JES\u00daS Bern\u00e1ldez Moreno \u00abManos duras\u00bb.<\/strong><\/p>\n<p style=\"text-align: center\"><img data-recalc-dims=\"1\" loading=\"lazy\" decoding=\"async\" class=\"aligncenter size-thumbnail wp-image-60686\" src=\"https:\/\/i0.wp.com\/www.manquepierda.com\/historiarealbetis\/files\/2017\/08\/Juan-Rafael-PEDROSA-Cano-MMG.jpg?resize=138%2C220&#038;ssl=1\" alt=\"\" width=\"138\" height=\"220\" srcset=\"https:\/\/i0.wp.com\/www.manquepierda.com\/historiarealbetis\/files\/2017\/08\/Juan-Rafael-PEDROSA-Cano-MMG.jpg?resize=138%2C220&amp;ssl=1 138w, https:\/\/i0.wp.com\/www.manquepierda.com\/historiarealbetis\/files\/2017\/08\/Juan-Rafael-PEDROSA-Cano-MMG.jpg?resize=375%2C600&amp;ssl=1 375w, https:\/\/i0.wp.com\/www.manquepierda.com\/historiarealbetis\/files\/2017\/08\/Juan-Rafael-PEDROSA-Cano-MMG.jpg?resize=768%2C1228&amp;ssl=1 768w, https:\/\/i0.wp.com\/www.manquepierda.com\/historiarealbetis\/files\/2017\/08\/Juan-Rafael-PEDROSA-Cano-MMG.jpg?resize=438%2C700&amp;ssl=1 438w, https:\/\/i0.wp.com\/www.manquepierda.com\/historiarealbetis\/files\/2017\/08\/Juan-Rafael-PEDROSA-Cano-MMG.jpg?w=1028&amp;ssl=1 1028w\" sizes=\"auto, (max-width: 138px) 100vw, 138px\" \/><\/p>\n<p><strong>Juan Rafael PEDROSA Cano.-Segundo tiempo.<\/strong><\/p>\n<p style=\"text-align: center\">Zagueros:<\/p>\n<p style=\"text-align: center\"><img data-recalc-dims=\"1\" loading=\"lazy\" decoding=\"async\" class=\"aligncenter size-thumbnail wp-image-60684\" src=\"https:\/\/i0.wp.com\/www.manquepierda.com\/historiarealbetis\/files\/2017\/08\/Lorenzo-TONDO-Gil-MMG.jpg?resize=139%2C220&#038;ssl=1\" alt=\"\" width=\"139\" height=\"220\" srcset=\"https:\/\/i0.wp.com\/www.manquepierda.com\/historiarealbetis\/files\/2017\/08\/Lorenzo-TONDO-Gil-MMG.jpg?resize=139%2C220&amp;ssl=1 139w, https:\/\/i0.wp.com\/www.manquepierda.com\/historiarealbetis\/files\/2017\/08\/Lorenzo-TONDO-Gil-MMG.jpg?resize=380%2C600&amp;ssl=1 380w, https:\/\/i0.wp.com\/www.manquepierda.com\/historiarealbetis\/files\/2017\/08\/Lorenzo-TONDO-Gil-MMG.jpg?resize=768%2C1213&amp;ssl=1 768w, https:\/\/i0.wp.com\/www.manquepierda.com\/historiarealbetis\/files\/2017\/08\/Lorenzo-TONDO-Gil-MMG.jpg?resize=443%2C700&amp;ssl=1 443w, https:\/\/i0.wp.com\/www.manquepierda.com\/historiarealbetis\/files\/2017\/08\/Lorenzo-TONDO-Gil-MMG.jpg?w=1047&amp;ssl=1 1047w\" sizes=\"auto, (max-width: 139px) 100vw, 139px\" \/><\/p>\n<p><strong>2-Lateral diestro.-Lorenzo TONDO Gil.<\/strong><\/p>\n<p style=\"text-align: center\"><img data-recalc-dims=\"1\" loading=\"lazy\" decoding=\"async\" class=\"aligncenter size-thumbnail wp-image-60685\" src=\"https:\/\/i0.wp.com\/www.manquepierda.com\/historiarealbetis\/files\/2017\/08\/JESUS%C3%8DN-Jes%C3%BAs-Alberto-Ruiz-Medrano-MMG-1.jpg?resize=137%2C220&#038;ssl=1\" alt=\"\" width=\"137\" height=\"220\" srcset=\"https:\/\/i0.wp.com\/www.manquepierda.com\/historiarealbetis\/files\/2017\/08\/JESUS%C3%8DN-Jes%C3%BAs-Alberto-Ruiz-Medrano-MMG-1.jpg?resize=137%2C220&amp;ssl=1 137w, https:\/\/i0.wp.com\/www.manquepierda.com\/historiarealbetis\/files\/2017\/08\/JESUS%C3%8DN-Jes%C3%BAs-Alberto-Ruiz-Medrano-MMG-1.jpg?resize=373%2C600&amp;ssl=1 373w, https:\/\/i0.wp.com\/www.manquepierda.com\/historiarealbetis\/files\/2017\/08\/JESUS%C3%8DN-Jes%C3%BAs-Alberto-Ruiz-Medrano-MMG-1.jpg?resize=768%2C1236&amp;ssl=1 768w, https:\/\/i0.wp.com\/www.manquepierda.com\/historiarealbetis\/files\/2017\/08\/JESUS%C3%8DN-Jes%C3%BAs-Alberto-Ruiz-Medrano-MMG-1.jpg?resize=435%2C700&amp;ssl=1 435w, https:\/\/i0.wp.com\/www.manquepierda.com\/historiarealbetis\/files\/2017\/08\/JESUS%C3%8DN-Jes%C3%BAs-Alberto-Ruiz-Medrano-MMG-1.jpg?w=1024&amp;ssl=1 1024w\" sizes=\"auto, (max-width: 137px) 100vw, 137px\" \/><\/p>\n<p><strong>3-Lateral zurdo.-JES\u00daS Alberto Ruiz Medrano (a) \u00abJESUS\u00cdN\u00bb.<\/strong><\/p>\n<p style=\"text-align: center\">Medios:<\/p>\n<p style=\"text-align: center\"><img data-recalc-dims=\"1\" loading=\"lazy\" decoding=\"async\" class=\"aligncenter size-thumbnail wp-image-60687\" src=\"https:\/\/i0.wp.com\/www.manquepierda.com\/historiarealbetis\/files\/2017\/08\/Juan-MART%C3%8DN.jpg?resize=124%2C220&#038;ssl=1\" alt=\"\" width=\"124\" height=\"220\" srcset=\"https:\/\/i0.wp.com\/www.manquepierda.com\/historiarealbetis\/files\/2017\/08\/Juan-MART%C3%8DN.jpg?resize=124%2C220&amp;ssl=1 124w, https:\/\/i0.wp.com\/www.manquepierda.com\/historiarealbetis\/files\/2017\/08\/Juan-MART%C3%8DN.jpg?resize=338%2C600&amp;ssl=1 338w, https:\/\/i0.wp.com\/www.manquepierda.com\/historiarealbetis\/files\/2017\/08\/Juan-MART%C3%8DN.jpg?w=378&amp;ssl=1 378w\" sizes=\"auto, (max-width: 124px) 100vw, 124px\" \/><\/p>\n<p><strong>4-Diestro.-Juan MART\u00cdN.-Procedente del Real Club Vitoria de Las Palmas de Gran Canaria, junto con \u00abTimimi\u00bb y Adolfo Mart\u00edn.<\/strong><\/p>\n<p style=\"text-align: center\"><img data-recalc-dims=\"1\" loading=\"lazy\" decoding=\"async\" class=\"aligncenter size-thumbnail wp-image-60688\" src=\"https:\/\/i0.wp.com\/www.manquepierda.com\/historiarealbetis\/files\/2017\/08\/Enrique-SOLADRERO-Arbide-FS045.jpg?resize=148%2C220&#038;ssl=1\" alt=\"\" width=\"148\" height=\"220\" srcset=\"https:\/\/i0.wp.com\/www.manquepierda.com\/historiarealbetis\/files\/2017\/08\/Enrique-SOLADRERO-Arbide-FS045.jpg?resize=148%2C220&amp;ssl=1 148w, https:\/\/i0.wp.com\/www.manquepierda.com\/historiarealbetis\/files\/2017\/08\/Enrique-SOLADRERO-Arbide-FS045.jpg?resize=404%2C600&amp;ssl=1 404w, https:\/\/i0.wp.com\/www.manquepierda.com\/historiarealbetis\/files\/2017\/08\/Enrique-SOLADRERO-Arbide-FS045.jpg?resize=768%2C1140&amp;ssl=1 768w, https:\/\/i0.wp.com\/www.manquepierda.com\/historiarealbetis\/files\/2017\/08\/Enrique-SOLADRERO-Arbide-FS045.jpg?resize=472%2C700&amp;ssl=1 472w, https:\/\/i0.wp.com\/www.manquepierda.com\/historiarealbetis\/files\/2017\/08\/Enrique-SOLADRERO-Arbide-FS045.jpg?w=1380&amp;ssl=1 1380w\" sizes=\"auto, (max-width: 148px) 100vw, 148px\" \/><\/p>\n<p><strong>5-Centro.-Enrique SOLADRERO Arbide.<\/strong><\/p>\n<p style=\"text-align: center\"><img data-recalc-dims=\"1\" loading=\"lazy\" decoding=\"async\" class=\"aligncenter size-thumbnail wp-image-60689\" src=\"https:\/\/i0.wp.com\/www.manquepierda.com\/historiarealbetis\/files\/2017\/08\/PERAL-Jos%C3%A9-Su%C3%A1rez-Gonz%C3%A1lez-MMG-1.jpg?resize=138%2C220&#038;ssl=1\" alt=\"\" width=\"138\" height=\"220\" srcset=\"https:\/\/i0.wp.com\/www.manquepierda.com\/historiarealbetis\/files\/2017\/08\/PERAL-Jos%C3%A9-Su%C3%A1rez-Gonz%C3%A1lez-MMG-1.jpg?resize=138%2C220&amp;ssl=1 138w, https:\/\/i0.wp.com\/www.manquepierda.com\/historiarealbetis\/files\/2017\/08\/PERAL-Jos%C3%A9-Su%C3%A1rez-Gonz%C3%A1lez-MMG-1.jpg?resize=375%2C600&amp;ssl=1 375w, https:\/\/i0.wp.com\/www.manquepierda.com\/historiarealbetis\/files\/2017\/08\/PERAL-Jos%C3%A9-Su%C3%A1rez-Gonz%C3%A1lez-MMG-1.jpg?resize=768%2C1229&amp;ssl=1 768w, https:\/\/i0.wp.com\/www.manquepierda.com\/historiarealbetis\/files\/2017\/08\/PERAL-Jos%C3%A9-Su%C3%A1rez-Gonz%C3%A1lez-MMG-1.jpg?resize=438%2C700&amp;ssl=1 438w, https:\/\/i0.wp.com\/www.manquepierda.com\/historiarealbetis\/files\/2017\/08\/PERAL-Jos%C3%A9-Su%C3%A1rez-Gonz%C3%A1lez-MMG-1.jpg?w=1025&amp;ssl=1 1025w\" sizes=\"auto, (max-width: 138px) 100vw, 138px\" \/><\/p>\n<p><strong>6-Zurdo.-Jos\u00e9 Su\u00e1rez Gonz\u00e1lez (a) \u00abPERAL\u00bb.<\/strong><\/p>\n<p style=\"text-align: center\">Delanteros:<\/p>\n<p style=\"text-align: center\"><img data-recalc-dims=\"1\" loading=\"lazy\" decoding=\"async\" class=\"aligncenter size-thumbnail wp-image-60690\" src=\"https:\/\/i0.wp.com\/www.manquepierda.com\/historiarealbetis\/files\/2017\/08\/TIMIMI-Pedro-Gonz%C3%A1lez-S%C3%A1nchez-FS044.jpg?resize=143%2C220&#038;ssl=1\" alt=\"\" width=\"143\" height=\"220\" srcset=\"https:\/\/i0.wp.com\/www.manquepierda.com\/historiarealbetis\/files\/2017\/08\/TIMIMI-Pedro-Gonz%C3%A1lez-S%C3%A1nchez-FS044.jpg?resize=143%2C220&amp;ssl=1 143w, https:\/\/i0.wp.com\/www.manquepierda.com\/historiarealbetis\/files\/2017\/08\/TIMIMI-Pedro-Gonz%C3%A1lez-S%C3%A1nchez-FS044.jpg?resize=390%2C600&amp;ssl=1 390w, https:\/\/i0.wp.com\/www.manquepierda.com\/historiarealbetis\/files\/2017\/08\/TIMIMI-Pedro-Gonz%C3%A1lez-S%C3%A1nchez-FS044.jpg?resize=768%2C1181&amp;ssl=1 768w, https:\/\/i0.wp.com\/www.manquepierda.com\/historiarealbetis\/files\/2017\/08\/TIMIMI-Pedro-Gonz%C3%A1lez-S%C3%A1nchez-FS044.jpg?resize=455%2C700&amp;ssl=1 455w, https:\/\/i0.wp.com\/www.manquepierda.com\/historiarealbetis\/files\/2017\/08\/TIMIMI-Pedro-Gonz%C3%A1lez-S%C3%A1nchez-FS044.jpg?w=1332&amp;ssl=1 1332w\" sizes=\"auto, (max-width: 143px) 100vw, 143px\" \/><\/p>\n<p><strong>7-Extremo diestro.-Pedro Gonz\u00e1lez S\u00e1nchez (a) \u00abTIMIMI\u00bb.<\/strong><\/p>\n<p style=\"text-align: center\"><img data-recalc-dims=\"1\" loading=\"lazy\" decoding=\"async\" class=\"aligncenter size-thumbnail wp-image-60691\" src=\"https:\/\/i0.wp.com\/www.manquepierda.com\/historiarealbetis\/files\/2017\/08\/ADOLFO-II-Adolfo-Mart%C3%ADn-Gonz%C3%A1lez-FS046.jpg?resize=148%2C220&#038;ssl=1\" alt=\"\" width=\"148\" height=\"220\" srcset=\"https:\/\/i0.wp.com\/www.manquepierda.com\/historiarealbetis\/files\/2017\/08\/ADOLFO-II-Adolfo-Mart%C3%ADn-Gonz%C3%A1lez-FS046.jpg?resize=148%2C220&amp;ssl=1 148w, https:\/\/i0.wp.com\/www.manquepierda.com\/historiarealbetis\/files\/2017\/08\/ADOLFO-II-Adolfo-Mart%C3%ADn-Gonz%C3%A1lez-FS046.jpg?resize=404%2C600&amp;ssl=1 404w, https:\/\/i0.wp.com\/www.manquepierda.com\/historiarealbetis\/files\/2017\/08\/ADOLFO-II-Adolfo-Mart%C3%ADn-Gonz%C3%A1lez-FS046.jpg?resize=768%2C1140&amp;ssl=1 768w, https:\/\/i0.wp.com\/www.manquepierda.com\/historiarealbetis\/files\/2017\/08\/ADOLFO-II-Adolfo-Mart%C3%ADn-Gonz%C3%A1lez-FS046.jpg?resize=472%2C700&amp;ssl=1 472w, https:\/\/i0.wp.com\/www.manquepierda.com\/historiarealbetis\/files\/2017\/08\/ADOLFO-II-Adolfo-Mart%C3%ADn-Gonz%C3%A1lez-FS046.jpg?w=1380&amp;ssl=1 1380w\" sizes=\"auto, (max-width: 148px) 100vw, 148px\" \/><\/p>\n<p><strong>8-Interior diestro.-ADOLFO Mart\u00edn Gonz\u00e1lez (a) \u00abADOLFO II\u00bb.<\/strong><\/p>\n<p style=\"text-align: center\"><img data-recalc-dims=\"1\" loading=\"lazy\" decoding=\"async\" class=\"aligncenter size-thumbnail wp-image-60692\" src=\"https:\/\/i0.wp.com\/www.manquepierda.com\/historiarealbetis\/files\/2017\/08\/Sim%C3%B3n-SANABRIA-Alonso-MMG.jpg?resize=138%2C220&#038;ssl=1\" alt=\"\" width=\"138\" height=\"220\" srcset=\"https:\/\/i0.wp.com\/www.manquepierda.com\/historiarealbetis\/files\/2017\/08\/Sim%C3%B3n-SANABRIA-Alonso-MMG.jpg?resize=138%2C220&amp;ssl=1 138w, https:\/\/i0.wp.com\/www.manquepierda.com\/historiarealbetis\/files\/2017\/08\/Sim%C3%B3n-SANABRIA-Alonso-MMG.jpg?resize=376%2C600&amp;ssl=1 376w, https:\/\/i0.wp.com\/www.manquepierda.com\/historiarealbetis\/files\/2017\/08\/Sim%C3%B3n-SANABRIA-Alonso-MMG.jpg?resize=768%2C1224&amp;ssl=1 768w, https:\/\/i0.wp.com\/www.manquepierda.com\/historiarealbetis\/files\/2017\/08\/Sim%C3%B3n-SANABRIA-Alonso-MMG.jpg?resize=439%2C700&amp;ssl=1 439w, https:\/\/i0.wp.com\/www.manquepierda.com\/historiarealbetis\/files\/2017\/08\/Sim%C3%B3n-SANABRIA-Alonso-MMG.jpg?w=1042&amp;ssl=1 1042w\" sizes=\"auto, (max-width: 138px) 100vw, 138px\" \/><\/p>\n<p><strong>9-Centro delantero-Ariete.-Sim\u00f3n SANABRIA Alonso: <em>\u00ab1-0.-20 minutos.-Enrique pas\u00f3 el cuero \u00e1 Sanz que lo centr\u00f3 recepcionando el bal\u00f3n y remate batiendo al arquero Alt\u00e9s\u00bb.<br \/>\n<\/em><\/strong><\/p>\n<p style=\"text-align: left\"><strong><em>En el cual domin\u00f3 por completo el Betis, se lesion\u00f3, teniendo que retirarse Sim\u00f3n, despu\u00e9s de haber marcado el \u00fanico gol del equipo verdiblanco, quedando por tanto con tan solo 10 jugadores hasta el final del partido\u00bb.<\/em><\/strong><\/p>\n<p style=\"text-align: center\"><img data-recalc-dims=\"1\" loading=\"lazy\" decoding=\"async\" class=\"aligncenter size-thumbnail wp-image-60693\" src=\"https:\/\/i0.wp.com\/www.manquepierda.com\/historiarealbetis\/files\/2017\/08\/ENRIQUE-Garrido-Reguera-MMG-1.jpg?resize=137%2C220&#038;ssl=1\" alt=\"\" width=\"137\" height=\"220\" srcset=\"https:\/\/i0.wp.com\/www.manquepierda.com\/historiarealbetis\/files\/2017\/08\/ENRIQUE-Garrido-Reguera-MMG-1.jpg?resize=137%2C220&amp;ssl=1 137w, https:\/\/i0.wp.com\/www.manquepierda.com\/historiarealbetis\/files\/2017\/08\/ENRIQUE-Garrido-Reguera-MMG-1.jpg?resize=375%2C600&amp;ssl=1 375w, https:\/\/i0.wp.com\/www.manquepierda.com\/historiarealbetis\/files\/2017\/08\/ENRIQUE-Garrido-Reguera-MMG-1.jpg?resize=768%2C1229&amp;ssl=1 768w, https:\/\/i0.wp.com\/www.manquepierda.com\/historiarealbetis\/files\/2017\/08\/ENRIQUE-Garrido-Reguera-MMG-1.jpg?resize=437%2C700&amp;ssl=1 437w, https:\/\/i0.wp.com\/www.manquepierda.com\/historiarealbetis\/files\/2017\/08\/ENRIQUE-Garrido-Reguera-MMG-1.jpg?w=1038&amp;ssl=1 1038w\" sizes=\"auto, (max-width: 137px) 100vw, 137px\" \/><\/p>\n<p><strong>10-Interior zurdo.-ENRIQUE Garrrido Reguera.<\/strong><\/p>\n<p style=\"text-align: center\"><img data-recalc-dims=\"1\" loading=\"lazy\" decoding=\"async\" class=\"aligncenter size-thumbnail wp-image-60694\" src=\"https:\/\/i0.wp.com\/www.manquepierda.com\/historiarealbetis\/files\/2017\/08\/Rafael-SANS-FS059.jpg?resize=144%2C220&#038;ssl=1\" alt=\"\" width=\"144\" height=\"220\" srcset=\"https:\/\/i0.wp.com\/www.manquepierda.com\/historiarealbetis\/files\/2017\/08\/Rafael-SANS-FS059.jpg?resize=144%2C220&amp;ssl=1 144w, https:\/\/i0.wp.com\/www.manquepierda.com\/historiarealbetis\/files\/2017\/08\/Rafael-SANS-FS059.jpg?resize=394%2C600&amp;ssl=1 394w, https:\/\/i0.wp.com\/www.manquepierda.com\/historiarealbetis\/files\/2017\/08\/Rafael-SANS-FS059.jpg?resize=768%2C1170&amp;ssl=1 768w, https:\/\/i0.wp.com\/www.manquepierda.com\/historiarealbetis\/files\/2017\/08\/Rafael-SANS-FS059.jpg?resize=459%2C700&amp;ssl=1 459w, https:\/\/i0.wp.com\/www.manquepierda.com\/historiarealbetis\/files\/2017\/08\/Rafael-SANS-FS059.jpg?w=1344&amp;ssl=1 1344w\" sizes=\"auto, (max-width: 144px) 100vw, 144px\" \/><\/p>\n<p><strong>11-Extremo zurdo.-Rafael SANZ.<\/strong><\/p>\n<p style=\"text-align: center\">Vs.<\/p>\n<p style=\"text-align: center\"><img data-recalc-dims=\"1\" loading=\"lazy\" decoding=\"async\" class=\"aligncenter size-medium wp-image-60696\" src=\"https:\/\/i0.wp.com\/www.manquepierda.com\/historiarealbetis\/files\/2017\/08\/Mart%C3%ADnezDLe%C3%B3n-Pantalones-ambos-equipos-540x600.jpg?resize=540%2C600&#038;ssl=1\" alt=\"\" width=\"540\" height=\"600\" srcset=\"https:\/\/i0.wp.com\/www.manquepierda.com\/historiarealbetis\/files\/2017\/08\/Mart%C3%ADnezDLe%C3%B3n-Pantalones-ambos-equipos.jpg?resize=540%2C600&amp;ssl=1 540w, https:\/\/i0.wp.com\/www.manquepierda.com\/historiarealbetis\/files\/2017\/08\/Mart%C3%ADnezDLe%C3%B3n-Pantalones-ambos-equipos.jpg?resize=198%2C220&amp;ssl=1 198w, https:\/\/i0.wp.com\/www.manquepierda.com\/historiarealbetis\/files\/2017\/08\/Mart%C3%ADnezDLe%C3%B3n-Pantalones-ambos-equipos.jpg?resize=630%2C700&amp;ssl=1 630w, https:\/\/i0.wp.com\/www.manquepierda.com\/historiarealbetis\/files\/2017\/08\/Mart%C3%ADnezDLe%C3%B3n-Pantalones-ambos-equipos.jpg?w=709&amp;ssl=1 709w\" sizes=\"auto, (max-width: 540px) 100vw, 540px\" \/><\/p>\n<p style=\"text-align: center\">Pantalones Azules.-CLUB DEPORTIVO CASTELL\u00d3N-1 Tanto.<\/p>\n<p style=\"text-align: center\"><img data-recalc-dims=\"1\" loading=\"lazy\" decoding=\"async\" class=\"aligncenter size-thumbnail wp-image-60695\" src=\"https:\/\/i0.wp.com\/www.manquepierda.com\/historiarealbetis\/files\/2017\/08\/CDC1924.jpg?resize=146%2C220&#038;ssl=1\" alt=\"\" width=\"146\" height=\"220\" srcset=\"https:\/\/i0.wp.com\/www.manquepierda.com\/historiarealbetis\/files\/2017\/08\/CDC1924.jpg?resize=146%2C220&amp;ssl=1 146w, https:\/\/i0.wp.com\/www.manquepierda.com\/historiarealbetis\/files\/2017\/08\/CDC1924.jpg?resize=398%2C600&amp;ssl=1 398w, https:\/\/i0.wp.com\/www.manquepierda.com\/historiarealbetis\/files\/2017\/08\/CDC1924.jpg?resize=464%2C700&amp;ssl=1 464w, https:\/\/i0.wp.com\/www.manquepierda.com\/historiarealbetis\/files\/2017\/08\/CDC1924.jpg?w=474&amp;ssl=1 474w\" sizes=\"auto, (max-width: 146px) 100vw, 146px\" \/><\/p>\n<p style=\"text-align: left\">QUINTO CLASIFICADO CON 11 PUNTOS (3ganados+5empatados+3empatados) 12-15 TANTOS FAVOR-CONTRA.<\/p>\n<figure id=\"attachment_60697\" aria-describedby=\"caption-attachment-60697\" style=\"width: 220px\" class=\"wp-caption aligncenter\"><img data-recalc-dims=\"1\" loading=\"lazy\" decoding=\"async\" class=\"size-thumbnail wp-image-60697\" src=\"https:\/\/i0.wp.com\/www.manquepierda.com\/historiarealbetis\/files\/2017\/08\/Castellon-1930-1931-1.jpg?resize=220%2C155&#038;ssl=1\" alt=\"\" width=\"220\" height=\"155\" srcset=\"https:\/\/i0.wp.com\/www.manquepierda.com\/historiarealbetis\/files\/2017\/08\/Castellon-1930-1931-1.jpg?resize=220%2C155&amp;ssl=1 220w, https:\/\/i0.wp.com\/www.manquepierda.com\/historiarealbetis\/files\/2017\/08\/Castellon-1930-1931-1.jpg?w=640&amp;ssl=1 640w\" sizes=\"auto, (max-width: 220px) 100vw, 220px\" \/><figcaption id=\"caption-attachment-60697\" class=\"wp-caption-text\">C. D. CASTELL\u00d3N &#8211; Castell\u00f3n de la Plana, Espa\u00f1a &#8211; Temporada 1930-31 &#8211; Pascual, Alba, Roca (portero suplente), Conde, Capillas, Vidal, Monta\u00f1\u00e9s, Beltr\u00e1n, Guill\u00e9n, Alanga y Arroniz; Mart\u00ednez &#8211; El Castell\u00f3n particip\u00f3 en la Liga de 2\u00aa Divisi\u00f3n, en la que se clasific\u00f3 en 5\u00aa posici\u00f3n<\/figcaption><\/figure>\n<p>1-<strong>Un gol encajado)-<\/strong>ALT\u00c9S.<\/p>\n<p>2-BOTELLA.-3-MART\u00cdNEZ.<\/p>\n<p>4-MEDRANO.-5-G\u00d3MEZ.-6-ARCHILES.<\/p>\n<p>7-P\u00cdTER.<\/p>\n<p style=\"text-align: left\">8-MOYA&nbsp; <strong>(37 minutos: 1-1.-A consecuencia de una r\u00e1pida internada de Pascual, que centr\u00f3 en corto el esf\u00e9rico, rechazando la pelota Jes\u00fas, y rematando el pelot\u00f3n \u00e1 dos metros, batiendo a \u00abManos Duras\u00bb)<\/strong>.<\/p>\n<p><strong>9-Leopoldo Ruiz-CAPILLAS Del Castilla.-10-MONTA\u00d1\u00c9S.-11-PASCUAL.<\/strong><\/p>\n<p style=\"text-align: center\"><img data-recalc-dims=\"1\" loading=\"lazy\" decoding=\"async\" class=\"aligncenter size-medium wp-image-60698\" src=\"https:\/\/i0.wp.com\/www.manquepierda.com\/historiarealbetis\/files\/2017\/08\/ABCse19310217Oselito.jpg?resize=505%2C600&#038;ssl=1\" alt=\"\" width=\"505\" height=\"600\" srcset=\"https:\/\/i0.wp.com\/www.manquepierda.com\/historiarealbetis\/files\/2017\/08\/ABCse19310217Oselito.jpg?resize=505%2C600&amp;ssl=1 505w, https:\/\/i0.wp.com\/www.manquepierda.com\/historiarealbetis\/files\/2017\/08\/ABCse19310217Oselito.jpg?resize=185%2C220&amp;ssl=1 185w, https:\/\/i0.wp.com\/www.manquepierda.com\/historiarealbetis\/files\/2017\/08\/ABCse19310217Oselito.jpg?resize=590%2C700&amp;ssl=1 590w, https:\/\/i0.wp.com\/www.manquepierda.com\/historiarealbetis\/files\/2017\/08\/ABCse19310217Oselito.jpg?w=706&amp;ssl=1 706w\" sizes=\"auto, (max-width: 505px) 100vw, 505px\" \/><\/p>\n<p style=\"text-align: center\">ABC-SEVILLA-19310217-Martes.<\/p>\n<p style=\"text-align: center\">Observaciones:<\/p>\n<p style=\"text-align: center\"><img data-recalc-dims=\"1\" loading=\"lazy\" decoding=\"async\" class=\"aligncenter size-thumbnail wp-image-60699\" src=\"https:\/\/i0.wp.com\/www.manquepierda.com\/historiarealbetis\/files\/2017\/08\/19310215-3D2G-Zaragoza2-Osasuna1.jpg?resize=185%2C220&#038;ssl=1\" alt=\"\" width=\"185\" height=\"220\" srcset=\"https:\/\/i0.wp.com\/www.manquepierda.com\/historiarealbetis\/files\/2017\/08\/19310215-3D2G-Zaragoza2-Osasuna1.jpg?resize=185%2C220&amp;ssl=1 185w, https:\/\/i0.wp.com\/www.manquepierda.com\/historiarealbetis\/files\/2017\/08\/19310215-3D2G-Zaragoza2-Osasuna1.jpg?resize=504%2C600&amp;ssl=1 504w, https:\/\/i0.wp.com\/www.manquepierda.com\/historiarealbetis\/files\/2017\/08\/19310215-3D2G-Zaragoza2-Osasuna1.jpg?resize=768%2C914&amp;ssl=1 768w, https:\/\/i0.wp.com\/www.manquepierda.com\/historiarealbetis\/files\/2017\/08\/19310215-3D2G-Zaragoza2-Osasuna1.jpg?resize=588%2C700&amp;ssl=1 588w, https:\/\/i0.wp.com\/www.manquepierda.com\/historiarealbetis\/files\/2017\/08\/19310215-3D2G-Zaragoza2-Osasuna1.jpg?w=1066&amp;ssl=1 1066w\" sizes=\"auto, (max-width: 185px) 100vw, 185px\" \/><\/p>\n<p>\u00abUn partido \u00abr\u00e9cord\u00bb de la brevedad: El portero del Real Zaragoza sujeta con dificultad, acosado por un delantero osasunista. Poco despu\u00e9s, el \u00e1rbitro (X) suspendi\u00f3 el juego, que hab\u00eda durado 16 minutos, y el trencillas de marras hubo de ser requerido por las autoridades para explicar su actitud. Vedle salir del campo, rodeado de agentes\u00bb.-Foto Barrera.-\u00abAhora\u00bb-Madrid-martes 17-II-1931.-<strong>Tercera Divisi\u00f3n-Grupo II-11\u00aa Jornada: Zaragoza-2 vs. Osasuna-1.<\/strong><\/p>\n<p>&nbsp;<\/p>\n<p><em><strong>\u00abEl encuentro de la 12\u00aa jornada, domingo 22 de Febrero de 1931, que deb\u00eda celebrarse en \u00abEl Molin\u00f3n\u00bb entre el Real Sporting de Gij\u00f3n y el Real Betis Balompi\u00e9, fue suspendido por el mal tiempo\u00bb.<\/strong><\/em><\/p>\n<p>&nbsp;<\/p>\n<p>&nbsp;<\/p>\n<p>&nbsp;<\/p>\n<p>&nbsp;<\/p>\n<p>&nbsp;<\/p>\n","protected":false},"excerpt":{"rendered":"<p>TERCERA EDICI\u00d3N-CAMPEONATO NACIONAL LIGA SEGUNDA DIVISI\u00d3N TEMPORADA 1930-1931.-DOMINGO 7 DICIEMBRE 1930 \u00c1 DOMINGO 5 ABRIL 1931.-AMBOS INCLUSIVE. \u00abEl Deportivo Castell\u00f3n logra un precioso empate en Sevilla frente al Betis. Un cuerpo \u00e1 cuerpo\u00bb.-Foto Serrano-\u00abAhora\u00bb-Madrid 19310217-Martes. 1931-FEBRERO 15-DOMINGO-BARRIO \u00abEL PORVENIR\u00bb.-CAMPO MUNICIPAL DEPORTES \u00abREAL PATRONATO OBRERO\u00bb-MEDIA ENTRADA.-11\u00aa JORNADA. Arbitr\u00f3 el colegiado catal\u00e1n Guillermo COMORERA Gatuellas.-Dibujo Mart\u00ednez de&#8230;<\/p>\n","protected":false},"author":48,"featured_media":60672,"comment_status":"open","ping_status":"open","sticky":false,"template":"","format":"standard","meta":{"_kad_post_transparent":"","_kad_post_title":"","_kad_post_layout":"","_kad_post_sidebar_id":"","_kad_post_content_style":"","_kad_post_vertical_padding":"","_kad_post_feature":"","_kad_post_feature_position":"","_kad_post_header":false,"_kad_post_footer":false,"_kad_post_classname":"","_jetpack_memberships_contains_paid_content":false,"footnotes":"","jetpack_publicize_message":"","jetpack_publicize_feature_enabled":true,"jetpack_social_post_already_shared":true,"jetpack_social_options":{"image_generator_settings":{"template":"highway","default_image_id":0,"font":"","enabled":false},"version":2}},"categories":[899,1],"tags":[2925,1029,1172,18000],"class_list":["post-60671","post","type-post","status-publish","format-standard","has-post-thumbnail","hentry","category-1930-1939","category-portada","tag-1930-31","tag-1029","tag-cd-castellon","tag-liga-segunda-1930-31"],"jetpack_publicize_connections":[],"jetpack_featured_media_url":"https:\/\/i0.wp.com\/www.manquepierda.com\/historiarealbetis\/files\/2017\/08\/19310217Serrano-Ahora.jpg?fit=1565%2C632&ssl=1","jetpack_sharing_enabled":true,"jetpack_shortlink":"https:\/\/wp.me\/p1ij08-fMz","jetpack-related-posts":[],"_links":{"self":[{"href":"https:\/\/www.manquepierda.com\/historiarealbetis\/wp-json\/wp\/v2\/posts\/60671","targetHints":{"allow":["GET"]}}],"collection":[{"href":"https:\/\/www.manquepierda.com\/historiarealbetis\/wp-json\/wp\/v2\/posts"}],"about":[{"href":"https:\/\/www.manquepierda.com\/historiarealbetis\/wp-json\/wp\/v2\/types\/post"}],"author":[{"embeddable":true,"href":"https:\/\/www.manquepierda.com\/historiarealbetis\/wp-json\/wp\/v2\/users\/48"}],"replies":[{"embeddable":true,"href":"https:\/\/www.manquepierda.com\/historiarealbetis\/wp-json\/wp\/v2\/comments?post=60671"}],"version-history":[{"count":1,"href":"https:\/\/www.manquepierda.com\/historiarealbetis\/wp-json\/wp\/v2\/posts\/60671\/revisions"}],"predecessor-version":[{"id":82176,"href":"https:\/\/www.manquepierda.com\/historiarealbetis\/wp-json\/wp\/v2\/posts\/60671\/revisions\/82176"}],"wp:featuredmedia":[{"embeddable":true,"href":"https:\/\/www.manquepierda.com\/historiarealbetis\/wp-json\/wp\/v2\/media\/60672"}],"wp:attachment":[{"href":"https:\/\/www.manquepierda.com\/historiarealbetis\/wp-json\/wp\/v2\/media?parent=60671"}],"wp:term":[{"taxonomy":"category","embeddable":true,"href":"https:\/\/www.manquepierda.com\/historiarealbetis\/wp-json\/wp\/v2\/categories?post=60671"},{"taxonomy":"post_tag","embeddable":true,"href":"https:\/\/www.manquepierda.com\/historiarealbetis\/wp-json\/wp\/v2\/tags?post=60671"}],"curies":[{"name":"wp","href":"https:\/\/api.w.org\/{rel}","templated":true}]}}