{"id":60761,"date":"2017-08-29T20:47:31","date_gmt":"2017-08-29T18:47:31","guid":{"rendered":"http:\/\/www.manquepierda.com\/historiarealbetis\/?p=60761"},"modified":"2024-08-14T12:10:49","modified_gmt":"2024-08-14T10:10:49","slug":"1932-agosto-21-domingo-antequera-fc-1-betis-balompie-2-recortes-prensa","status":"publish","type":"post","link":"https:\/\/www.manquepierda.com\/historiarealbetis\/1932-agosto-21-domingo-antequera-fc-1-betis-balompie-2-recortes-prensa\/","title":{"rendered":"1932-Agosto 21-Domingo.-Antequera FC-1 Betis Balompi\u00e9-2.-Recortes Prensa."},"content":{"rendered":"<p><em>\u00abDEPORTES.-En espera de que se organizara o se desistiera definitivamente de la corrida de toros, la Directiva del \u00abAntequera FC\u00bb no pudo ultimar su programa deportivo hasta el mi\u00e9rcoles 17.<\/em><\/p>\n<p><em>Para el primer d\u00eda de Feria se fij\u00f3 el encuentro del \u00abCD Nacional\u00bb y \u00abLusitania FC\u00bb, tercero del campeonato local, y cuando ya se habr\u00e1 celebrado cuando aparezcan estas l\u00edneas.<\/em><\/p>\n<p style=\"text-align: left\"><em><strong>Para el segundo, o sea hoy, se anuncia el interesante partido \u00abBetis Balompi\u00e9\u00bb, de Sevilla, campe\u00f3n de la segunda liga, subcampe\u00f3n de Andaluc\u00eda y finalista del Campeonato-Copa de Espa\u00f1a, y el cual alinear\u00e1 los nuevos elementos Valent\u00edn y Lecue; <\/strong><\/em><em>y el Antequera FC, que se reforzar\u00e1 con elementos valiosos.<\/em><\/p>\n<p><em><strong>La alineaci\u00f3n del Betis, ser\u00e1: Jes\u00fas; \u00abJesus\u00edn\u00bb y Valent\u00edn; Soladrero y \u00abAdolfo I\u00bb; Lecue, \u00abAdolfo II\u00bb, Urquiaga, Enrique y Luque.<\/strong><\/em><\/p>\n<p><em>Y la del Antequera: \u00abAngelillo\u00bb; Tom\u00e9 y P. G\u00f3mez; Reina, Casado y Vides; Arjona, L. G\u00f3mez, Casero, Gallo y Pardo\u00bb. <\/em>(Extracto del \u00abSemanario Independiente de Informaci\u00f3n \u00abEl Sol de Antequera\u00bb n\u00ba 458-Domingo 21-VIII-1932).<\/p>\n<p style=\"text-align: center\"><img data-recalc-dims=\"1\" loading=\"lazy\" decoding=\"async\" class=\"aligncenter size-medium wp-image-60763\" src=\"https:\/\/i0.wp.com\/www.manquepierda.com\/historiarealbetis\/files\/2017\/08\/19320821AntequeraFC.jpg?resize=680%2C600&#038;ssl=1\" alt=\"\" width=\"680\" height=\"600\" srcset=\"https:\/\/i0.wp.com\/www.manquepierda.com\/historiarealbetis\/files\/2017\/08\/19320821AntequeraFC.jpg?resize=680%2C600&amp;ssl=1 680w, https:\/\/i0.wp.com\/www.manquepierda.com\/historiarealbetis\/files\/2017\/08\/19320821AntequeraFC.jpg?resize=220%2C194&amp;ssl=1 220w, https:\/\/i0.wp.com\/www.manquepierda.com\/historiarealbetis\/files\/2017\/08\/19320821AntequeraFC.jpg?resize=768%2C678&amp;ssl=1 768w, https:\/\/i0.wp.com\/www.manquepierda.com\/historiarealbetis\/files\/2017\/08\/19320821AntequeraFC.jpg?resize=793%2C700&amp;ssl=1 793w, https:\/\/i0.wp.com\/www.manquepierda.com\/historiarealbetis\/files\/2017\/08\/19320821AntequeraFC.jpg?w=1003&amp;ssl=1 1003w\" sizes=\"auto, (max-width: 680px) 100vw, 680px\" \/><\/p>\n<p style=\"text-align: center\">Foto Emilio.-\u00abAHORA\u00bb N\u00ba 527.-Madrid-19320823-Martes,<\/p>\n<p style=\"text-align: left\"><strong>1932-AGOSTO 21-DOMINGO-SEGUNDO D\u00cdA DE FERIA-ENCUENTRO AMISTOSO.<br \/>\n<\/strong><\/p>\n<p style=\"text-align: center\">Arbitr\u00f3 Paco Garc\u00eda.-Ambas escuadras se alinearon de la manera siguiente:<\/p>\n<p style=\"text-align: center\">ANTEQUERA F\u00daTBOL CLUB-1 Tanto.<\/p>\n<p>1-ANGELILLO <strong>(2 goles encajados)<\/strong>; 2-TOM\u00c9.-3-Pepe G\u00f3mez; 4-REINA.-5-CASADO.-6-VIDES; 7-ARJONA.-8-Lu\u00eds G\u00d3MEZ.-9-CASERO.-10-BARRE\u00d1O.-11-PARDO.<\/p>\n<p style=\"text-align: center\"><em><strong>Vs.<\/strong><\/em><\/p>\n<p style=\"text-align: center\"><img data-recalc-dims=\"1\" loading=\"lazy\" decoding=\"async\" class=\"aligncenter size-large wp-image-60774\" src=\"https:\/\/i0.wp.com\/www.manquepierda.com\/historiarealbetis\/files\/2017\/08\/19320821BetisBalompi%C3%A9.jpg?resize=949%2C700&#038;ssl=1\" alt=\"\" width=\"949\" height=\"700\" srcset=\"https:\/\/i0.wp.com\/www.manquepierda.com\/historiarealbetis\/files\/2017\/08\/19320821BetisBalompi%C3%A9.jpg?resize=949%2C700&amp;ssl=1 949w, https:\/\/i0.wp.com\/www.manquepierda.com\/historiarealbetis\/files\/2017\/08\/19320821BetisBalompi%C3%A9.jpg?resize=220%2C162&amp;ssl=1 220w, https:\/\/i0.wp.com\/www.manquepierda.com\/historiarealbetis\/files\/2017\/08\/19320821BetisBalompi%C3%A9.jpg?resize=680%2C501&amp;ssl=1 680w, https:\/\/i0.wp.com\/www.manquepierda.com\/historiarealbetis\/files\/2017\/08\/19320821BetisBalompi%C3%A9.jpg?resize=768%2C566&amp;ssl=1 768w, https:\/\/i0.wp.com\/www.manquepierda.com\/historiarealbetis\/files\/2017\/08\/19320821BetisBalompi%C3%A9.jpg?w=1142&amp;ssl=1 1142w\" sizes=\"auto, (max-width: 949px) 100vw, 949px\" \/><\/p>\n<p style=\"text-align: center\"><strong>Foto Emilio.-Diario Gr\u00e1fico \u00abAHORA\u00bb N\u00ba 527-Madrid 19320823-Martes.<\/strong><\/p>\n<p style=\"text-align: center\"><em><strong>BETIS BALOMPI\u00c9-2 Goles.<\/strong><\/em><\/p>\n<p style=\"text-align: center\"><img data-recalc-dims=\"1\" loading=\"lazy\" decoding=\"async\" class=\"aligncenter size-thumbnail wp-image-60764\" src=\"https:\/\/i0.wp.com\/www.manquepierda.com\/historiarealbetis\/files\/2017\/08\/Joaqu%C3%ADn-URQUIAGA-Legarburu-01.png?resize=188%2C220&#038;ssl=1\" alt=\"\" width=\"188\" height=\"220\" srcset=\"https:\/\/i0.wp.com\/www.manquepierda.com\/historiarealbetis\/files\/2017\/08\/Joaqu%C3%ADn-URQUIAGA-Legarburu-01.png?resize=188%2C220&amp;ssl=1 188w, https:\/\/i0.wp.com\/www.manquepierda.com\/historiarealbetis\/files\/2017\/08\/Joaqu%C3%ADn-URQUIAGA-Legarburu-01.png?w=191&amp;ssl=1 191w\" sizes=\"auto, (max-width: 188px) 100vw, 188px\" \/><\/p>\n<p><em><strong>1-Guardameta-(Un tanto encajado).-Joaqu\u00edn URQUIAGA Legarburu.<\/strong><\/em><\/p>\n<p style=\"text-align: center\"><img data-recalc-dims=\"1\" loading=\"lazy\" decoding=\"async\" class=\"aligncenter size-thumbnail wp-image-60765\" src=\"https:\/\/i0.wp.com\/www.manquepierda.com\/historiarealbetis\/files\/2017\/08\/Antonio-CONDE-Aja.jpg?resize=145%2C220&#038;ssl=1\" alt=\"\" width=\"145\" height=\"220\" srcset=\"https:\/\/i0.wp.com\/www.manquepierda.com\/historiarealbetis\/files\/2017\/08\/Antonio-CONDE-Aja.jpg?resize=145%2C220&amp;ssl=1 145w, https:\/\/i0.wp.com\/www.manquepierda.com\/historiarealbetis\/files\/2017\/08\/Antonio-CONDE-Aja.jpg?w=194&amp;ssl=1 194w\" sizes=\"auto, (max-width: 145px) 100vw, 145px\" \/><\/p>\n<p><em><strong>2-Zaguero lateral diestro.-Antonio CONDE Aja.<\/strong><\/em><\/p>\n<p style=\"text-align: center\"><img data-recalc-dims=\"1\" loading=\"lazy\" decoding=\"async\" class=\"aligncenter size-thumbnail wp-image-60766\" src=\"https:\/\/i0.wp.com\/www.manquepierda.com\/historiarealbetis\/files\/2017\/08\/Andr%C3%A9s-ARANDA-Guti%C3%A9rrez-MMG-1.jpg?resize=136%2C220&#038;ssl=1\" alt=\"\" width=\"136\" height=\"220\" srcset=\"https:\/\/i0.wp.com\/www.manquepierda.com\/historiarealbetis\/files\/2017\/08\/Andr%C3%A9s-ARANDA-Guti%C3%A9rrez-MMG-1.jpg?resize=136%2C220&amp;ssl=1 136w, https:\/\/i0.wp.com\/www.manquepierda.com\/historiarealbetis\/files\/2017\/08\/Andr%C3%A9s-ARANDA-Guti%C3%A9rrez-MMG-1.jpg?resize=372%2C600&amp;ssl=1 372w, https:\/\/i0.wp.com\/www.manquepierda.com\/historiarealbetis\/files\/2017\/08\/Andr%C3%A9s-ARANDA-Guti%C3%A9rrez-MMG-1.jpg?resize=768%2C1240&amp;ssl=1 768w, https:\/\/i0.wp.com\/www.manquepierda.com\/historiarealbetis\/files\/2017\/08\/Andr%C3%A9s-ARANDA-Guti%C3%A9rrez-MMG-1.jpg?resize=434%2C700&amp;ssl=1 434w, https:\/\/i0.wp.com\/www.manquepierda.com\/historiarealbetis\/files\/2017\/08\/Andr%C3%A9s-ARANDA-Guti%C3%A9rrez-MMG-1.jpg?w=1021&amp;ssl=1 1021w\" sizes=\"auto, (max-width: 136px) 100vw, 136px\" \/><\/p>\n<p><em><strong>3-Zaguero lateral zurdo.-Andr\u00e9s ARANDA Guti\u00e9rrez.<\/strong><\/em><\/p>\n<p style=\"text-align: center\"><img data-recalc-dims=\"1\" loading=\"lazy\" decoding=\"async\" class=\"aligncenter size-thumbnail wp-image-60767\" src=\"https:\/\/i0.wp.com\/www.manquepierda.com\/historiarealbetis\/files\/2017\/08\/PERAL-Jos%C3%A9-Su%C3%A1rez-Gonz%C3%A1lez-MMG-2.jpg?resize=138%2C220&#038;ssl=1\" alt=\"\" width=\"138\" height=\"220\" srcset=\"https:\/\/i0.wp.com\/www.manquepierda.com\/historiarealbetis\/files\/2017\/08\/PERAL-Jos%C3%A9-Su%C3%A1rez-Gonz%C3%A1lez-MMG-2.jpg?resize=138%2C220&amp;ssl=1 138w, https:\/\/i0.wp.com\/www.manquepierda.com\/historiarealbetis\/files\/2017\/08\/PERAL-Jos%C3%A9-Su%C3%A1rez-Gonz%C3%A1lez-MMG-2.jpg?resize=375%2C600&amp;ssl=1 375w, https:\/\/i0.wp.com\/www.manquepierda.com\/historiarealbetis\/files\/2017\/08\/PERAL-Jos%C3%A9-Su%C3%A1rez-Gonz%C3%A1lez-MMG-2.jpg?resize=768%2C1229&amp;ssl=1 768w, https:\/\/i0.wp.com\/www.manquepierda.com\/historiarealbetis\/files\/2017\/08\/PERAL-Jos%C3%A9-Su%C3%A1rez-Gonz%C3%A1lez-MMG-2.jpg?resize=438%2C700&amp;ssl=1 438w, https:\/\/i0.wp.com\/www.manquepierda.com\/historiarealbetis\/files\/2017\/08\/PERAL-Jos%C3%A9-Su%C3%A1rez-Gonz%C3%A1lez-MMG-2.jpg?w=1025&amp;ssl=1 1025w\" sizes=\"auto, (max-width: 138px) 100vw, 138px\" \/><\/p>\n<p><em><strong>4-Medio diestro.-Jos\u00e9 Su\u00e1rez Gonz\u00e1lez (a) \u00abPERAL\u00bb.<\/strong><\/em><\/p>\n<p style=\"text-align: center\"><img data-recalc-dims=\"1\" loading=\"lazy\" decoding=\"async\" class=\"aligncenter size-thumbnail wp-image-60768\" src=\"https:\/\/i0.wp.com\/www.manquepierda.com\/historiarealbetis\/files\/2017\/08\/ADOLFITO-Adolfo-Sancho-Carrillo-De-Albornoz-MMG-1.jpg?resize=137%2C220&#038;ssl=1\" alt=\"\" width=\"137\" height=\"220\" srcset=\"https:\/\/i0.wp.com\/www.manquepierda.com\/historiarealbetis\/files\/2017\/08\/ADOLFITO-Adolfo-Sancho-Carrillo-De-Albornoz-MMG-1.jpg?resize=137%2C220&amp;ssl=1 137w, https:\/\/i0.wp.com\/www.manquepierda.com\/historiarealbetis\/files\/2017\/08\/ADOLFITO-Adolfo-Sancho-Carrillo-De-Albornoz-MMG-1.jpg?resize=374%2C600&amp;ssl=1 374w, https:\/\/i0.wp.com\/www.manquepierda.com\/historiarealbetis\/files\/2017\/08\/ADOLFITO-Adolfo-Sancho-Carrillo-De-Albornoz-MMG-1.jpg?resize=768%2C1231&amp;ssl=1 768w, https:\/\/i0.wp.com\/www.manquepierda.com\/historiarealbetis\/files\/2017\/08\/ADOLFITO-Adolfo-Sancho-Carrillo-De-Albornoz-MMG-1.jpg?resize=437%2C700&amp;ssl=1 437w, https:\/\/i0.wp.com\/www.manquepierda.com\/historiarealbetis\/files\/2017\/08\/ADOLFITO-Adolfo-Sancho-Carrillo-De-Albornoz-MMG-1.jpg?w=1026&amp;ssl=1 1026w\" sizes=\"auto, (max-width: 137px) 100vw, 137px\" \/><\/p>\n<p><em><strong>5-Medio centro.-Adolfo Sancho Carrillo De Albornoz (a) \u00abADOLFITO\u00bb-\u00abADOLFO I\u00bb.<\/strong><\/em><\/p>\n<p style=\"text-align: center\"><img data-recalc-dims=\"1\" loading=\"lazy\" decoding=\"async\" class=\"aligncenter size-thumbnail wp-image-60769\" src=\"https:\/\/i0.wp.com\/www.manquepierda.com\/historiarealbetis\/files\/2017\/08\/ROBERTO-Mart%C3%ADn-S%C3%A1ez-1.jpg?resize=126%2C220&#038;ssl=1\" alt=\"\" width=\"126\" height=\"220\" srcset=\"https:\/\/i0.wp.com\/www.manquepierda.com\/historiarealbetis\/files\/2017\/08\/ROBERTO-Mart%C3%ADn-S%C3%A1ez-1.jpg?resize=126%2C220&amp;ssl=1 126w, https:\/\/i0.wp.com\/www.manquepierda.com\/historiarealbetis\/files\/2017\/08\/ROBERTO-Mart%C3%ADn-S%C3%A1ez-1.jpg?resize=343%2C600&amp;ssl=1 343w, https:\/\/i0.wp.com\/www.manquepierda.com\/historiarealbetis\/files\/2017\/08\/ROBERTO-Mart%C3%ADn-S%C3%A1ez-1.jpg?w=395&amp;ssl=1 395w\" sizes=\"auto, (max-width: 126px) 100vw, 126px\" \/><\/p>\n<p><em><strong>6-Medio zurdo.-ROBERTO Mart\u00edn S\u00e1ez.<\/strong><\/em><\/p>\n<p style=\"text-align: center\"><img data-recalc-dims=\"1\" loading=\"lazy\" decoding=\"async\" class=\"aligncenter size-thumbnail wp-image-60770\" src=\"https:\/\/i0.wp.com\/www.manquepierda.com\/historiarealbetis\/files\/2017\/08\/Sim%C3%B3n-LECUE-Andrade-01.jpg?resize=150%2C220&#038;ssl=1\" alt=\"\" width=\"150\" height=\"220\" \/><\/p>\n<p><em><strong>7-Delantero-Extremo diestro.-Sim\u00f3n LECUE Andrade.<\/strong><\/em><\/p>\n<p style=\"text-align: center\"><img data-recalc-dims=\"1\" loading=\"lazy\" decoding=\"async\" class=\"aligncenter size-thumbnail wp-image-60771\" src=\"https:\/\/i0.wp.com\/www.manquepierda.com\/historiarealbetis\/files\/2017\/08\/ADOLFO-II-AdolfoMart%C3%ADnGonz%C3%A1lez-1.jpg?resize=118%2C220&#038;ssl=1\" alt=\"\" width=\"118\" height=\"220\" srcset=\"https:\/\/i0.wp.com\/www.manquepierda.com\/historiarealbetis\/files\/2017\/08\/ADOLFO-II-AdolfoMart%C3%ADnGonz%C3%A1lez-1.jpg?resize=118%2C220&amp;ssl=1 118w, https:\/\/i0.wp.com\/www.manquepierda.com\/historiarealbetis\/files\/2017\/08\/ADOLFO-II-AdolfoMart%C3%ADnGonz%C3%A1lez-1.jpg?w=186&amp;ssl=1 186w\" sizes=\"auto, (max-width: 118px) 100vw, 118px\" \/><\/p>\n<p><em><strong>8-Delantero-Interior diestro.-Adolfo Mart\u00edn Gonz\u00e1lez (a) \u00abADOLFO II\u00bb.<\/strong><\/em><\/p>\n<p style=\"text-align: center\"><img data-recalc-dims=\"1\" loading=\"lazy\" decoding=\"async\" class=\"aligncenter size-thumbnail wp-image-60772\" src=\"https:\/\/i0.wp.com\/www.manquepierda.com\/historiarealbetis\/files\/2017\/08\/Manuel-TORRES-Arag%C3%B3n-2.jpg?resize=152%2C220&#038;ssl=1\" alt=\"\" width=\"152\" height=\"220\" srcset=\"https:\/\/i0.wp.com\/www.manquepierda.com\/historiarealbetis\/files\/2017\/08\/Manuel-TORRES-Arag%C3%B3n-2.jpg?resize=152%2C220&amp;ssl=1 152w, https:\/\/i0.wp.com\/www.manquepierda.com\/historiarealbetis\/files\/2017\/08\/Manuel-TORRES-Arag%C3%B3n-2.jpg?w=186&amp;ssl=1 186w\" sizes=\"auto, (max-width: 152px) 100vw, 152px\" \/><\/p>\n<p><em><strong>9-Centro delantero-Ariete.-Manuel TORRES Arag\u00f3n.<\/strong><\/em><\/p>\n<p style=\"text-align: center\"><img data-recalc-dims=\"1\" loading=\"lazy\" decoding=\"async\" class=\"aligncenter size-thumbnail wp-image-60773\" src=\"https:\/\/i0.wp.com\/www.manquepierda.com\/historiarealbetis\/files\/2017\/08\/ENRIQUE-Garrido-Reguera-1.png?resize=188%2C220&#038;ssl=1\" alt=\"\" width=\"188\" height=\"220\" \/><\/p>\n<p><em><strong>10-Delantero-Interior zurdo.-ENRIQUE Garrido Reguera.<\/strong><\/em><\/p>\n<p><em><strong>11-Delantero-Extremo zurdo.-LUQUE.<\/strong><\/em><\/p>\n<p style=\"text-align: center\"><strong>OBSERVACI\u00d3N:<\/strong><\/p>\n<p style=\"text-align: center\"><img data-recalc-dims=\"1\" loading=\"lazy\" decoding=\"async\" class=\"aligncenter size-full wp-image-60775\" src=\"https:\/\/i0.wp.com\/www.manquepierda.com\/historiarealbetis\/files\/2017\/08\/Gonzalez-y-Fernandez-de-la-Bandera_1.jpg?resize=125%2C177&#038;ssl=1\" alt=\"\" width=\"125\" height=\"177\" \/><\/p>\n<p><em><strong>\u00ab<\/strong>SEVILLA 22.-En el <strong>Stadium se ha celebrado un partido en homenaje al alcalde 1931-1933, Doctor don Jos\u00e9 Gonz\u00e1lez y Fern\u00e1ndez De la Bandera (Natural de \u00abPuebla de la Calzada-Badajoz 1877.-Obituario en Sevilla, lunes 10 Agosto 1936, le fue aplicado \u00abBando de Guerra\u00bb en el punto kilom\u00e9trico 4 carretera de Carmona); y en el contendieron: los equipos reservas del \u00abBetis Balompi\u00e9\u00bb y \u00abSevilla CF\u00bb.<\/strong><\/em><\/p>\n<p><em><strong>Acudi\u00f3 numeroso p\u00fablico, que sigui\u00f3 las incidencias del encuentro, que fue muy disputado y bastante nivelado.<\/strong><\/em><\/p>\n<p><em><strong>Cuando faltaban unos cinco minutos para terminar, consigui\u00f3 la victoria el \u00abBetis Balompi\u00e9\u00bb-1 gol vs. \u00abSevilla Cf\u00bb-0 tantos\u00bb.<\/strong><\/em><\/p>\n<p style=\"text-align: center\"><img data-recalc-dims=\"1\" loading=\"lazy\" decoding=\"async\" class=\"aligncenter size-medium wp-image-60776\" src=\"https:\/\/i0.wp.com\/www.manquepierda.com\/historiarealbetis\/files\/2017\/08\/Discobolo-3.jpg?resize=680%2C473&#038;ssl=1\" alt=\"\" width=\"680\" height=\"473\" srcset=\"https:\/\/i0.wp.com\/www.manquepierda.com\/historiarealbetis\/files\/2017\/08\/Discobolo-3.jpg?resize=680%2C473&amp;ssl=1 680w, https:\/\/i0.wp.com\/www.manquepierda.com\/historiarealbetis\/files\/2017\/08\/Discobolo-3.jpg?resize=220%2C153&amp;ssl=1 220w, https:\/\/i0.wp.com\/www.manquepierda.com\/historiarealbetis\/files\/2017\/08\/Discobolo-3.jpg?resize=768%2C534&amp;ssl=1 768w, https:\/\/i0.wp.com\/www.manquepierda.com\/historiarealbetis\/files\/2017\/08\/Discobolo-3.jpg?w=800&amp;ssl=1 800w\" sizes=\"auto, (max-width: 680px) 100vw, 680px\" \/><\/p>\n<p><strong>STADIUM EXPOSICI\u00d3N IBEROAMERICANA.-DERBI AMISTOSO-EQUIPOS RESERVAS DEL BETIS BALOMPI\u00c9 Y SEVILLA CF.<\/strong><\/p>\n<p>Fuente: Diario gr\u00e1fico \u00abAHORA\u00bb-<strong>Informaci\u00f3n deportiva-F\u00fatbol Veraniego-N\u00ba 527-Madrid 19320823-Martes.<\/strong><\/p>\n<p style=\"text-align: center\">\n","protected":false},"excerpt":{"rendered":"<p>\u00abDEPORTES.-En espera de que se organizara o se desistiera definitivamente de la corrida de toros, la Directiva del \u00abAntequera FC\u00bb no pudo ultimar su programa deportivo hasta el mi\u00e9rcoles 17. Para el primer d\u00eda de Feria se fij\u00f3 el encuentro del \u00abCD Nacional\u00bb y \u00abLusitania FC\u00bb, tercero del campeonato local, y cuando ya se habr\u00e1&#8230;<\/p>\n","protected":false},"author":48,"featured_media":60774,"comment_status":"open","ping_status":"open","sticky":false,"template":"","format":"standard","meta":{"_kad_post_transparent":"","_kad_post_title":"","_kad_post_layout":"","_kad_post_sidebar_id":"","_kad_post_content_style":"","_kad_post_vertical_padding":"","_kad_post_feature":"","_kad_post_feature_position":"","_kad_post_header":false,"_kad_post_footer":false,"_kad_post_classname":"","_jetpack_memberships_contains_paid_content":false,"footnotes":"","jetpack_publicize_message":"","jetpack_publicize_feature_enabled":true,"jetpack_social_post_already_shared":true,"jetpack_social_options":{"image_generator_settings":{"template":"highway","default_image_id":0,"font":"","enabled":false},"version":2}},"categories":[899,1],"tags":[44,2575,18064],"class_list":["post-60761","post","type-post","status-publish","format-standard","has-post-thumbnail","hentry","category-1930-1939","category-portada","tag-44","tag-1932-33","tag-antequera-fc"],"jetpack_publicize_connections":[],"jetpack_featured_media_url":"https:\/\/i0.wp.com\/www.manquepierda.com\/historiarealbetis\/files\/2017\/08\/19320821BetisBalompi%C3%A9.jpg?fit=1142%2C842&ssl=1","jetpack_sharing_enabled":true,"jetpack_shortlink":"https:\/\/wp.me\/p1ij08-fO1","jetpack-related-posts":[],"_links":{"self":[{"href":"https:\/\/www.manquepierda.com\/historiarealbetis\/wp-json\/wp\/v2\/posts\/60761","targetHints":{"allow":["GET"]}}],"collection":[{"href":"https:\/\/www.manquepierda.com\/historiarealbetis\/wp-json\/wp\/v2\/posts"}],"about":[{"href":"https:\/\/www.manquepierda.com\/historiarealbetis\/wp-json\/wp\/v2\/types\/post"}],"author":[{"embeddable":true,"href":"https:\/\/www.manquepierda.com\/historiarealbetis\/wp-json\/wp\/v2\/users\/48"}],"replies":[{"embeddable":true,"href":"https:\/\/www.manquepierda.com\/historiarealbetis\/wp-json\/wp\/v2\/comments?post=60761"}],"version-history":[{"count":1,"href":"https:\/\/www.manquepierda.com\/historiarealbetis\/wp-json\/wp\/v2\/posts\/60761\/revisions"}],"predecessor-version":[{"id":96642,"href":"https:\/\/www.manquepierda.com\/historiarealbetis\/wp-json\/wp\/v2\/posts\/60761\/revisions\/96642"}],"wp:featuredmedia":[{"embeddable":true,"href":"https:\/\/www.manquepierda.com\/historiarealbetis\/wp-json\/wp\/v2\/media\/60774"}],"wp:attachment":[{"href":"https:\/\/www.manquepierda.com\/historiarealbetis\/wp-json\/wp\/v2\/media?parent=60761"}],"wp:term":[{"taxonomy":"category","embeddable":true,"href":"https:\/\/www.manquepierda.com\/historiarealbetis\/wp-json\/wp\/v2\/categories?post=60761"},{"taxonomy":"post_tag","embeddable":true,"href":"https:\/\/www.manquepierda.com\/historiarealbetis\/wp-json\/wp\/v2\/tags?post=60761"}],"curies":[{"name":"wp","href":"https:\/\/api.w.org\/{rel}","templated":true}]}}